{"id":16802,"date":"2018-05-04T06:00:00","date_gmt":"2018-05-04T04:00:00","guid":{"rendered":"https:\/\/www.opinionpublica.tv\/portada\/2018\/05\/04\/el-voto-util-en-2006\/"},"modified":"2018-05-04T06:00:00","modified_gmt":"2018-05-04T04:00:00","slug":"el-voto-util-en-2006","status":"publish","type":"post","link":"https:\/\/www.opinionpublica.tv\/portada\/el-voto-util-en-2006\/","title":{"rendered":"El voto \u00fatil en 2006"},"content":{"rendered":"<p style=\"text-align: justify;\">Se han dicho muchas cosas sobre el voto \u00fatil para las elecciones de 2018. Algunos dicen que ya no va a suceder en M\u00e9xico porque somos un pa\u00eds pos-voto \u00fatil; otros, que nunca ha sucedido en ninguna parte; otros m\u00e1s consideran que, debido a las circunstancias de esta contienda electoral, es aberrante pensar en un voto \u00fatil. Disponemos de elementos m\u00e1s sofisticados para hacernos una idea de la pertinencia de la estrategia del voto \u00fatil en estas elecciones.<\/p>\n<p><!--more--><\/p>\n<p style=\"text-align: justify;\">Quiz\u00e1s el mejor ejemplo sea el de 2006. En ese a\u00f1o Felipe Calder\u00f3n fue el candidato del PAN, Roberto Madrazo el del PRI, Andr\u00e9s Manuel L\u00f3pez Obrador, del PRD, y Vicente Fox el presidente. Calder\u00f3n gan\u00f3 la elecci\u00f3n por una nariz contra L\u00f3pez Obrador, y Madrazo se qued\u00f3 muy atr\u00e1s.<\/p>\n<p style=\"text-align: justify;\">Las preguntas interesantes a prop\u00f3sito de esa contienda son: \u00bfCalder\u00f3n evit\u00f3 atacar al candidato del PRI para preservar las posibilidades de que sus votantes se inclinaran por \u00e9l al final? \u00bfS\u00ed hubo voto priista por Calder\u00f3n de quienes abandonaron a Madrazo? \u00bfHubo un pacto entre Calder\u00f3n y Madrazo, o entre Fox y Madrazo, para asegurar la victoria de Calder\u00f3n y la derrota de L\u00f3pez Obrador?<\/p>\n<p style=\"text-align: justify;\" data-count=\"657\" data-wrap=\"115\">Las respuestas no pueden ser categ\u00f3ricas ni definitivas, pero existen datos al respecto. Calder\u00f3n se dedic\u00f3 durante buena parte de su campa\u00f1a a centrar sus ataques contra Madrazo, ya que desde un principio L\u00f3pez Obrador mantuvo una ventaja importante que lo coloc\u00f3 como puntero. A Madrazo le sac\u00f3 muchos trapos al sol: \u201cDicen que a este candidato cada d\u00eda le salen, como al nopal, m\u00e1s propiedades\u201d. En otras palabras, le peg\u00f3 dur\u00edsimo, por lo menos tanto como Anaya le ha pegado a Pe\u00f1a Nieto o a Meade en esta elecci\u00f3n. La idea de que debido a los golpes de Calder\u00f3n contra Madrazo se imposibilit\u00f3 el voto \u00fatil de los electores priistas al final, es falsa.<\/p>\n<p style=\"text-align: justify;\" data-count=\"768\" data-wrap=\"136\">Segunda pregunta: \u00bfHubo voto \u00fatil en el 35% que obtuvo Felipe Calder\u00f3n? \u00bfFiguraron electores priistas? Parece que s\u00ed. En las elecciones intermedias de 2003, el PRI obtuvo 37% del voto (con el Verde). En 2006 logr\u00f3 el 22. Ese 15% se fue, aunque no todo, con Calder\u00f3n. Es innegable que una parte considerable de la merma del PRI entre 2003 y 2006 se fue con L\u00f3pez Obrador.<\/p>\n<p style=\"text-align: justify;\">Si no, no se explicar\u00eda por qu\u00e9 Calder\u00f3n obtiene 5 puntos m\u00e1s que el PAN en el mismo 2003. Adem\u00e1s, si vemos c\u00f3mo Calder\u00f3n pudo aglutinar distintos apoyos postelectorales del PRI, incluyendo el de Manlio Fabio Beltrones para su toma de posesi\u00f3n en diciembre de 2006, resulta evidente que el grado de animosidad de la campa\u00f1a no afect\u00f3 ni el voto \u00fatil ni los reencuentros posteriores a la elecci\u00f3n.<\/p>\n<p style=\"text-align: justify;\" data-count=\"610\" data-wrap=\"108\">Tercera pregunta: \u00bfHubo pacto o no? Siempre he pensado que Fox fue el jefe de campa\u00f1a de Calder\u00f3n y del conjunto de fuerzas antiL\u00f3pez Obrador. Tambi\u00e9n estoy convencido que sin Fox no se hubiera dado la victoria de Calder\u00f3n. De ah\u00ed a que se hubieran sentado Calder\u00f3n y Madrazo para pactar un acuerdo de c\u00f3mo operar\u00edan unos y otros a favor de Calder\u00f3n, me parece descabellado. Quienes invocan el caso de Elba Esther Gordillo como un factor de esa elecci\u00f3n y supuesto pacto, olvidan que hab\u00eda sido expulsada del PRI desde 2003 por Emilio Chuayffet y Madrazo, y que de ninguna manera pudo participar en un pacto.<\/p>\n<p style=\"text-align: justify;\" data-count=\"723\" data-wrap=\"132\">\u00bfQu\u00e9 tan pertinente es todo esto para hoy? Es cierto que Anaya le ha dicho pesadez y media a Pe\u00f1a y a Meade, y que eso ha tensado las relaciones entre las c\u00fapulas. Pero dudo que los votantes del PRI sientan la m\u00e1s m\u00ednima lealtad para con Pe\u00f1a o Meade. No entiendo por qu\u00e9 de repente se sentir\u00edan porque Anaya le habl\u00f3 golpeado al presidente o a su candidato. Asimismo, todo indica que, desde hace unas tres semanas, los votos que pierde Meade los est\u00e1 recuperando el candidato del Frente.<\/p>\n<p style=\"text-align: justify;\">S\u00ed empieza a darse un fen\u00f3meno de voto \u00fatil, no s\u00f3lo entre los electores priistas, sino tambi\u00e9n con los de Margarita Zavala, \u00bfhasta d\u00f3nde llegar\u00e1? No sabemos. Pero es muy posible que al final alcance los niveles de 2000, 2006 y 2012.<\/p>\n<p style=\"text-align: justify;\" data-count=\"265\" data-wrap=\"49\">Y, por \u00faltimo, el pacto: No hubo tal en el 2000 o en 2006, y probablemente tampoco en 2012. No es necesario. La gente vota seg\u00fan sus intereses y sus preferencias. Pero los pactos suelen ser superfluos o contraproducentes. As\u00ed fue en 2006 y as\u00ed puede serlo en 2018.<\/p>\n","protected":false},"excerpt":{"rendered":"<p>Se han dicho muchas cosas sobre el voto \u00fatil para las elecciones de 2018. Algunos dicen que ya no va a suceder en M\u00e9xico porque somos un pa\u00eds pos-voto \u00fatil; otros, que nunca ha sucedido en ninguna parte; otros m\u00e1s consideran que, debido a las circunstancias de esta contienda electoral, es aberrante pensar en un [&hellip;]<\/p>\n","protected":false},"author":6,"featured_media":0,"comment_status":"open","ping_status":"open","sticky":false,"template":"","format":"standard","meta":{"_acf_changed":false,"_monsterinsights_skip_tracking":false,"slim_seo":{"title":"El voto \u00fatil en 2006 - Opini\u00f3n P\u00fablica","description":"Se han dicho muchas cosas sobre el voto \u00fatil para las elecciones de 2018. Algunos dicen que ya no va a suceder en M\u00e9xico porque somos un pa\u00eds pos-voto \u00fatil; otr"},"footnotes":""},"categories":[18],"tags":[],"class_list":["post-16802","post","type-post","status-publish","format-standard","hentry","category-castaneda-opina"],"acf":[],"_links":{"self":[{"href":"https:\/\/www.opinionpublica.tv\/portada\/wp-json\/wp\/v2\/posts\/16802","targetHints":{"allow":["GET"]}}],"collection":[{"href":"https:\/\/www.opinionpublica.tv\/portada\/wp-json\/wp\/v2\/posts"}],"about":[{"href":"https:\/\/www.opinionpublica.tv\/portada\/wp-json\/wp\/v2\/types\/post"}],"author":[{"embeddable":true,"href":"https:\/\/www.opinionpublica.tv\/portada\/wp-json\/wp\/v2\/users\/6"}],"replies":[{"embeddable":true,"href":"https:\/\/www.opinionpublica.tv\/portada\/wp-json\/wp\/v2\/comments?post=16802"}],"version-history":[{"count":0,"href":"https:\/\/www.opinionpublica.tv\/portada\/wp-json\/wp\/v2\/posts\/16802\/revisions"}],"wp:attachment":[{"href":"https:\/\/www.opinionpublica.tv\/portada\/wp-json\/wp\/v2\/media?parent=16802"}],"wp:term":[{"taxonomy":"category","embeddable":true,"href":"https:\/\/www.opinionpublica.tv\/portada\/wp-json\/wp\/v2\/categories?post=16802"},{"taxonomy":"post_tag","embeddable":true,"href":"https:\/\/www.opinionpublica.tv\/portada\/wp-json\/wp\/v2\/tags?post=16802"}],"curies":[{"name":"wp","href":"https:\/\/api.w.org\/{rel}","templated":true}]}}