{"id":16791,"date":"2018-05-04T06:00:00","date_gmt":"2018-05-04T04:00:00","guid":{"rendered":"https:\/\/www.opinionpublica.tv\/portada\/2018\/05\/04\/acumula-ex-gobernador-duarte-15-ordenes-de-aprehension\/"},"modified":"2018-05-04T06:00:00","modified_gmt":"2018-05-04T04:00:00","slug":"acumula-ex-gobernador-duarte-15-ordenes-de-aprehension","status":"publish","type":"post","link":"https:\/\/www.opinionpublica.tv\/portada\/acumula-ex-gobernador-duarte-15-ordenes-de-aprehension\/","title":{"rendered":"Acumula ex gobernador Duarte 15 \u00f3rdenes de aprehensi\u00f3n"},"content":{"rendered":"<p><img fetchpriority=\"high\" decoding=\"async\" class=\" size-full wp-image-16790\" src=\"https:\/\/www.opinionpublica.tv\/portada\/wp-content\/uploads\/2018\/05\/78eaad128e737428bbbbd0227352786e.jpg\" alt=\"\" class=\"caption\" title=\"C\u00e9sar Duarte, ex gobernador pri\u00edsta de Chihuahua.\" width=\"478\" height=\"324\" srcset=\"https:\/\/www.opinionpublica.tv\/portada\/wp-content\/uploads\/2018\/05\/78eaad128e737428bbbbd0227352786e.jpg 478w, https:\/\/www.opinionpublica.tv\/portada\/wp-content\/uploads\/2018\/05\/78eaad128e737428bbbbd0227352786e-300x203.jpg 300w\" sizes=\"(max-width: 478px) 100vw, 478px\" \/><br \/>\n<!--more--><\/p>\n<p style=\"text-align: justify;\"><em>Chihuahua, Chih<\/em>.- El gobernador del Estado, Javier Corral Jurado, inform\u00f3 que acumularon otras tres carpetas de investigaci\u00f3n que contienen tres \u00f3rdenes de aprehensi\u00f3n m\u00e1s en contra del ex gobernador C\u00e9sar Duarte J\u00e1quez\u00a0por delitos de peculado agravado y desv\u00edo de recursos para fines pol\u00edtico-electorales, las cuales fueron entregadas a la PRG.<\/p>\n<p style=\"text-align: justify;\">Se\u00f1al\u00f3 que con \u00e9stas, suman ya 14 carpetas en contra del ex gobernador del Estado, que junto con la orden de aprehensi\u00f3n federal da un total de 15, algo de lo que no hay antecedente en la historia, no solo de Chihuahua, sino de M\u00e9xico, en que un presunto delincuente por corrupci\u00f3n pol\u00edtica acumula tal n\u00famero de \u00f3rdenes de aprehensi\u00f3n en su contra.<\/p>\n<p style=\"text-align: justify;\">Durante una gira por Parral, el gobernador insisti\u00f3 que\u00a0el Gobierno de la Rep\u00fablica a trav\u00e9s de la Procuradur\u00eda General de la Rep\u00fablica y la Secretar\u00eda de Relaciones Exteriores est\u00e1 \u201cchicaneando\u201d el proceso de extradici\u00f3n de C\u00e9sar Duarte.<\/p>\n<p style=\"text-align: justify;\">\u201cSin argumentos s\u00f3lidos, sin razones verdaderas, han retenido la consignaci\u00f3n ante los Estados Unidos de varios asuntos, yo digo los m\u00e1s importantes, los de mayor cuant\u00eda y los de mayor impacto en t\u00e9rminos del da\u00f1o que se realiz\u00f3 al Estado de Chihuahua\u201d, indic\u00f3.<\/p>\n<p style=\"text-align: justify;\">Abund\u00f3 que son pretextos que confirma en t\u00e9rminos reales la falta de voluntad pol\u00edtica del Gobierno Federal para tramitar la extradici\u00f3n de C\u00e9sar Duarte, incumpliendo el acuerdo que firmaron el 3 de febrero, entre el secretario de Gobernaci\u00f3n y \u00e9l como Gobernador de Chihuahua, en el que se dec\u00eda que se le dar\u00eda celeridad y certidumbre jur\u00eddica al proceso.<\/p>\n<p style=\"text-align: justify;\">\u201cSeguiremos sumando las causas penales que las investigaciones que realice el Ministerio P\u00fablico en Chihuahua den, no sujetas a calendarios electorales, ni sujetas a las presiones del Gobierno Federal, sino conforme las diligencias vayan concluyendo y tengamos elementos para judicializar los casos\u201d, asegur\u00f3 Javier Corral.<\/p>\n","protected":false},"excerpt":{"rendered":"","protected":false},"author":6,"featured_media":16790,"comment_status":"open","ping_status":"open","sticky":false,"template":"","format":"standard","meta":{"_acf_changed":false,"_monsterinsights_skip_tracking":false,"slim_seo":{"title":"Acumula ex gobernador Duarte 15 \u00f3rdenes de aprehensi\u00f3n - Opini\u00f3n P\u00fablica","description":"Chihuahua, Chih .- El gobernador del Estado, Javier Corral Jurado, inform\u00f3 que acumularon otras tres carpetas de investigaci\u00f3n que contienen tres \u00f3rdenes de apr"},"footnotes":""},"categories":[4],"tags":[],"class_list":["post-16791","post","type-post","status-publish","format-standard","has-post-thumbnail","hentry","category-pulsopolitico"],"acf":[],"_links":{"self":[{"href":"https:\/\/www.opinionpublica.tv\/portada\/wp-json\/wp\/v2\/posts\/16791","targetHints":{"allow":["GET"]}}],"collection":[{"href":"https:\/\/www.opinionpublica.tv\/portada\/wp-json\/wp\/v2\/posts"}],"about":[{"href":"https:\/\/www.opinionpublica.tv\/portada\/wp-json\/wp\/v2\/types\/post"}],"author":[{"embeddable":true,"href":"https:\/\/www.opinionpublica.tv\/portada\/wp-json\/wp\/v2\/users\/6"}],"replies":[{"embeddable":true,"href":"https:\/\/www.opinionpublica.tv\/portada\/wp-json\/wp\/v2\/comments?post=16791"}],"version-history":[{"count":0,"href":"https:\/\/www.opinionpublica.tv\/portada\/wp-json\/wp\/v2\/posts\/16791\/revisions"}],"wp:featuredmedia":[{"embeddable":true,"href":"https:\/\/www.opinionpublica.tv\/portada\/wp-json\/wp\/v2\/media\/16790"}],"wp:attachment":[{"href":"https:\/\/www.opinionpublica.tv\/portada\/wp-json\/wp\/v2\/media?parent=16791"}],"wp:term":[{"taxonomy":"category","embeddable":true,"href":"https:\/\/www.opinionpublica.tv\/portada\/wp-json\/wp\/v2\/categories?post=16791"},{"taxonomy":"post_tag","embeddable":true,"href":"https:\/\/www.opinionpublica.tv\/portada\/wp-json\/wp\/v2\/tags?post=16791"}],"curies":[{"name":"wp","href":"https:\/\/api.w.org\/{rel}","templated":true}]}}