{"id":16789,"date":"2018-05-04T06:00:00","date_gmt":"2018-05-04T04:00:00","guid":{"rendered":"https:\/\/www.opinionpublica.tv\/portada\/2018\/05\/04\/lo-que-realmente-necesita-el-pais-2\/"},"modified":"2018-05-04T06:00:00","modified_gmt":"2018-05-04T04:00:00","slug":"lo-que-realmente-necesita-el-pais-2","status":"publish","type":"post","link":"https:\/\/www.opinionpublica.tv\/portada\/lo-que-realmente-necesita-el-pais-2\/","title":{"rendered":"Lo que realmente necesita el pa\u00eds"},"content":{"rendered":"<p style=\"text-align: justify;\">Promesas, promesas y m\u00e1s promesas, se dan por todos lados en las campa\u00f1as, que \u201cyo te solucionar\u00e9 el problema de los baches, yo arreglar\u00e9 la inseguridad en la que vives, ll\u00e1mame y dime tus problemas de tu colonia\u201d, etc. Lo que la gente normalmente no sabe, es que la gran mayor\u00eda de los problemas cotidianos son problemas locales cuya soluci\u00f3n, en todo caso, queda en las manos de las autoridades municipales, y en la mayor\u00eda de los casos, no hay recursos suficientes para arreglarlos.<\/p>\n<p><!--more--><\/p>\n<p style=\"text-align: justify;\">Pero tambi\u00e9n hay que tomar en cuenta que principalmente los inmensos problemas que aquejan a nuestro pa\u00eds tienen que ver en su estructura de poder. El poder, como la riqueza, est\u00e1 concentrado en muy pocas manos. Ahora, la moda es echarle la culpa de todo a los partidos pol\u00edticos, que, en efecto, se han convertido generalmente en un instrumento del poder que se encuentra en pocas manos. Por eso, el discurso disruptivo de L\u00f3pez Obrador ha tenido tanto \u00e9xito, ya que la gente lo percibe como la persona que est\u00e1 en contra de esa \u201cmafia del poder\u201d, que son esas pocas personas que han monopolizado el poder pol\u00edtico en el pa\u00eds.<\/p>\n<p style=\"text-align: justify;\">Pero lo que la gente no sabe es que AMLO al llegar al poder, solito monopolizar\u00e1 el poder que ahora se encuentra en pocas manos, por lo que la \u201csoluci\u00f3n\u201d que propone \u00fanicamente empeorar\u00e1 las cosas, porque mal que bien, el poder actual, controlado por esa \u201cmafia\u201d que AMLO denuncia, se encuentra acotado por varios contrapesos.<\/p>\n<p style=\"text-align: justify;\">El m\u00e1s importante es la comunidad internacional que ya se encuentra inmersa en nuestro sistema jur\u00eddico, a trav\u00e9s de la preminencia a nivel constitucional de los tratados internacionales de los que M\u00e9xico es parte, y del mismo balance que se genera entre los propios detentadores del poder que no lo tienen todo individualmente considerados, y ese balance se genera con las instituciones del Estado Mexicano, que funcionan de una manera u otra.<\/p>\n<p style=\"text-align: justify;\">Sin embargo, lo anterior no ha sido suficiente para mantener el poder en M\u00e9xico acotado a los intereses del pueblo, sino generalmente a esa oligarqu\u00eda que ha venido inmemorialmente detentado del poder.<\/p>\n<p style=\"text-align: justify;\">En el Siglo XX ellos lo hicieron a trav\u00e9s del PRI, en el Siglo XXI hubo una divisi\u00f3n en tres facciones, la del PAN, la del PRI y la del PRD, con una prominencia del PRI en muchos aspectos, como el de nunca soltar el control financiero del pa\u00eds, principalmente; no poca cosa. Con la incapacidad de Fox, esto hizo que regresara el PRI de Pe\u00f1a Nieto, a trav\u00e9s de haberles soltado a los gobernadores priistas grandes cantidades de dinero que les permitieron resguardarse y fortalecerse hasta recuperar el poder.<\/p>\n<p style=\"text-align: justify;\">Pero ahora, ante la disyuntiva de que el poder en M\u00e9xico recaiga en un solo hombre o contin\u00fae el sistema que siempre ha prevalecido en el pa\u00eds, la gente se quiere correr el riesgo de una dictadura unipersonal. En esto estriba hacia donde se tiene que mover la oposici\u00f3n a L\u00f3pez Obrador, cuesti\u00f3n que aun no se plantea claramente.<\/p>\n<p style=\"text-align: justify;\">A donde voy, es que el gobierno de coalici\u00f3n que propone Anaya debe dirigirse hacia la verdadera institucionalizaci\u00f3n del poder. Es decir, a que haya un aut\u00e9ntico balance de poder, y para ello, es necesario que claramente se plantee el que el ciudadano sea el que adquiera ese poder. \u00bfCu\u00e1l es la forma de lograrlo? Primeramente, hay que darle poder de decidir sobre las candidaturas en los partidos pol\u00edticos, quit\u00e1ndole a las \u00e9lites de estos esa facultad. De esa forma, el ciudadano vota en elecciones primarias por los candidatos de su preferencia. As\u00ed, los candidatos con mejores perfiles, propuestas e ideas m\u00e1s cercanos a los ciudadanos llegar\u00e1n al poder.<\/p>\n<p style=\"text-align: justify;\">Este es el primer paso para que el poder quede en las instituciones y en manos de los ciudadanos, bajo las reglas que dicta el Estado de Derecho. De esta manera, el Estado regresa a su fin: generar bien com\u00fan. Al suceder esto, los pol\u00edticos deber\u00e1n de responder a lo que los ciudadanos quieren y no a los mezquinos intereses de las \u00e9lites, que no respetan las reglas del juego, que son corruptas y que desean que el pueblo permanezca pobre e ignorante, porque as\u00ed lo pueden seguir manipulando, cooptando y amenazando.<\/p>\n<p style=\"text-align: justify;\">Al contrario, cuando el ciudadano decide, los pol\u00edticos se tienen que ce\u00f1ir a sus deseos y estar siempre sujetos a rendir cuentas y quedar bien con los ciudadanos brind\u00e1ndoles bienestar.<\/p>\n<p style=\"text-align: justify;\">De esta manera, se previene la corrupci\u00f3n, bajan los impuestos y se hace el gobierno eficiente. Pero ese contacto con el ciudadano debe ser permanente y no \u00fanicamente en las \u00e9pocas electorales. Para ello, es necesaria la transparencia y el Gobierno Abierto, que permite al ciudadano opinar y estar cercano al gobierno.<\/p>\n","protected":false},"excerpt":{"rendered":"<p>Promesas, promesas y m\u00e1s promesas, se dan por todos lados en las campa\u00f1as, que \u201cyo te solucionar\u00e9 el problema de los baches, yo arreglar\u00e9 la inseguridad en la que vives, ll\u00e1mame y dime tus problemas de tu colonia\u201d, etc. Lo que la gente normalmente no sabe, es que la gran mayor\u00eda de los problemas cotidianos [&hellip;]<\/p>\n","protected":false},"author":6,"featured_media":0,"comment_status":"open","ping_status":"open","sticky":false,"template":"","format":"standard","meta":{"_acf_changed":false,"_monsterinsights_skip_tracking":false,"slim_seo":{"title":"Lo que realmente necesita el pa\u00eds - Opini\u00f3n P\u00fablica","description":"Promesas, promesas y m\u00e1s promesas, se dan por todos lados en las campa\u00f1as, que \u201cyo te solucionar\u00e9 el problema de los baches, yo arreglar\u00e9 la inseguridad en la q"},"footnotes":""},"categories":[17],"tags":[],"class_list":["post-16789","post","type-post","status-publish","format-standard","hentry","category-ultima-instancia"],"acf":[],"_links":{"self":[{"href":"https:\/\/www.opinionpublica.tv\/portada\/wp-json\/wp\/v2\/posts\/16789","targetHints":{"allow":["GET"]}}],"collection":[{"href":"https:\/\/www.opinionpublica.tv\/portada\/wp-json\/wp\/v2\/posts"}],"about":[{"href":"https:\/\/www.opinionpublica.tv\/portada\/wp-json\/wp\/v2\/types\/post"}],"author":[{"embeddable":true,"href":"https:\/\/www.opinionpublica.tv\/portada\/wp-json\/wp\/v2\/users\/6"}],"replies":[{"embeddable":true,"href":"https:\/\/www.opinionpublica.tv\/portada\/wp-json\/wp\/v2\/comments?post=16789"}],"version-history":[{"count":0,"href":"https:\/\/www.opinionpublica.tv\/portada\/wp-json\/wp\/v2\/posts\/16789\/revisions"}],"wp:attachment":[{"href":"https:\/\/www.opinionpublica.tv\/portada\/wp-json\/wp\/v2\/media?parent=16789"}],"wp:term":[{"taxonomy":"category","embeddable":true,"href":"https:\/\/www.opinionpublica.tv\/portada\/wp-json\/wp\/v2\/categories?post=16789"},{"taxonomy":"post_tag","embeddable":true,"href":"https:\/\/www.opinionpublica.tv\/portada\/wp-json\/wp\/v2\/tags?post=16789"}],"curies":[{"name":"wp","href":"https:\/\/api.w.org\/{rel}","templated":true}]}}