{"id":16462,"date":"2018-02-24T07:00:00","date_gmt":"2018-02-24T06:00:00","guid":{"rendered":"https:\/\/www.opinionpublica.tv\/portada\/2018\/02\/24\/descubren-tecnica-para-revelar-la-historia-escondida-en-los-libros\/"},"modified":"2018-02-24T07:00:00","modified_gmt":"2018-02-24T06:00:00","slug":"descubren-tecnica-para-revelar-la-historia-escondida-en-los-libros","status":"publish","type":"post","link":"https:\/\/www.opinionpublica.tv\/portada\/descubren-tecnica-para-revelar-la-historia-escondida-en-los-libros\/","title":{"rendered":"Descubren t\u00e9cnica para revelar la historia escondida de los libros"},"content":{"rendered":"<p><img fetchpriority=\"high\" decoding=\"async\" class=\" size-full wp-image-16455\" src=\"https:\/\/www.opinionpublica.tv\/portada\/wp-content\/uploads\/2018\/02\/e4a51dc8ebf932165f8c897f758a3558.jpg\" alt=\"\" width=\"965\" height=\"440\" srcset=\"https:\/\/www.opinionpublica.tv\/portada\/wp-content\/uploads\/2018\/02\/e4a51dc8ebf932165f8c897f758a3558.jpg 965w, https:\/\/www.opinionpublica.tv\/portada\/wp-content\/uploads\/2018\/02\/e4a51dc8ebf932165f8c897f758a3558-300x137.jpg 300w, https:\/\/www.opinionpublica.tv\/portada\/wp-content\/uploads\/2018\/02\/e4a51dc8ebf932165f8c897f758a3558-768x350.jpg 768w\" sizes=\"(max-width: 965px) 100vw, 965px\" \/><br \/>\n<!--more--><\/p>\n<p style=\"text-align: justify;\">Los libros guardan historias que no est\u00e1n escritas en sus p\u00e1ginas: m\u00e1s bien quedaron impregnadas en ellas. Y ahora, una nueva tecnolog\u00eda promete revelarlas.<\/p>\n<p style=\"text-align: justify;\">Los historiadores usualmente exploran los manuscritos antiguos o modernos para desentra\u00f1ar el significado de lo que est\u00e1 escrito y para comprender el contexto en el que se escribieron. Pero un equipo de especialistas est\u00e1 estudiando lo que los autores dejaron en los tomos m\u00e1s all\u00e1 de las palabras.<\/p>\n<p style=\"text-align: justify;\">-Con informaci\u00f3n de BBC Mundo-<\/p>\n<p style=\"text-align: justify;\">\u00a0<\/p>\n<p style=\"text-align: justify;\">\u00abApenas empiezas a escribir en tu libreta de notas, tu cuerpo empieza a interactuar con el papel, pues la piel de todos los seres humanos tiene sudor, saliva, diferentes aceites, microbios, etc\u00e9tera\u00bb, le explica a BBC Mundo el f\u00edsico e inventor Gleb Zilberstein, uno de los desarrolladores de la tecnolog\u00eda.<\/p>\n<p style=\"text-align: justify;\">\u00abDejas (en el papel) una especie de huella digital repleta de informaci\u00f3n\u00bb.<\/p>\n<p style=\"text-align: justify;\">Es por eso que lo que su equipo estudia no es lo escrito, sino el medio en el que el texto fue grabado \u2014ya sea papel, pergamino, panel de madera, tela, lienzo y similares\u2014, para extraer datos invisibles.\u00a0<\/p>\n<p style=\"text-align: justify;\">El descubrimiento de este nuevo m\u00e9todo ocurri\u00f3 fortuitamente.<\/p>\n<p style=\"text-align: justify;\">Fue cuando el equipo de Zilberstein trataba de eliminar los \u00e1cidos del manuscrito original de \u00abEl maestro y Margarita\u00bb, una de las novelas m\u00e1s destacadas del siglo XX que cuenta la visita del diablo a la Uni\u00f3n Sovi\u00e9tica.<\/p>\n<p style=\"text-align: justify;\"><img decoding=\"async\" class=\" size-full wp-image-16456\" src=\"https:\/\/www.opinionpublica.tv\/portada\/wp-content\/uploads\/2018\/02\/Img1.jpg\" width=\"479\" height=\"614\" srcset=\"https:\/\/www.opinionpublica.tv\/portada\/wp-content\/uploads\/2018\/02\/Img1.jpg 624w, https:\/\/www.opinionpublica.tv\/portada\/wp-content\/uploads\/2018\/02\/Img1-234x300.jpg 234w\" sizes=\"(max-width: 479px) 100vw, 479px\" \/><\/p>\n<p style=\"text-align: justify;\">En esa \u00e9poca se usaba papel de pulpa de celulosa, que con el tiempo se torna amarillo y quebradizo, y puede llegar a quedar reducido a polvo.<\/p>\n<p style=\"text-align: justify;\">Para evitar la degradaci\u00f3n estaban usando unos discos hechos de acetato de etilvinilo, un pol\u00edmero, originalmente destinados a la conservaci\u00f3n de manuscritos. Al extraerlos, notaron que los discos estaban llenos de prote\u00ednas.<\/p>\n<p style=\"text-align: justify;\">Y \u00e9stas pueden ser una mejor fuente de informaci\u00f3n que el ADN del entorno en el que viv\u00edan los autores, pues, como explic\u00f3 Zilberstein, los p\u00e9ptidos de las prote\u00ednas son m\u00e1s estables.<\/p>\n<p style=\"text-align: justify;\">Con el hallazgo se abri\u00f3 la posibilidad de extraer informaci\u00f3n novedosa, desde la presencia de medicamentos y los pat\u00f3genos en el ambiente hasta de qu\u00e9 se alimentaban quienes hab\u00edan escrito las p\u00e1ginas.<\/p>\n<p style=\"text-align: justify;\">En este caso, el autor era el ruso Mikhail Bulgakov, quien aunque termin\u00f3 de escribir \u00abEl maestro y Margarita\u00bb en 1936, como no la pod\u00eda publicar sigui\u00f3 haciendo revisiones y reescribi\u00e9ndola hasta cuatro semanas antes de su muerte en 1940.<\/p>\n<p style=\"text-align: justify;\"><img decoding=\"async\" class=\" size-full wp-image-16457\" src=\"https:\/\/www.opinionpublica.tv\/portada\/wp-content\/uploads\/2018\/02\/Img2.jpg\" width=\"460\" height=\"259\" srcset=\"https:\/\/www.opinionpublica.tv\/portada\/wp-content\/uploads\/2018\/02\/Img2.jpg 624w, https:\/\/www.opinionpublica.tv\/portada\/wp-content\/uploads\/2018\/02\/Img2-300x169.jpg 300w\" sizes=\"(max-width: 460px) 100vw, 460px\" \/><\/p>\n<p style=\"text-align: justify;\">Su fallecimiento se debi\u00f3 a una enfermedad renal y eso les dio a los expertos que analizaban su manuscrito la posibilidad de poner a prueba la t\u00e9cnica reci\u00e9n descubierta y ver si efectivamente era capaz de detectar los biomarcadores de esa patolog\u00eda en los m\u00e1rgenes de las p\u00e1ginas.<\/p>\n<p style=\"text-align: justify;\">Y, efectivamente, los identific\u00f3.<\/p>\n<p style=\"text-align: justify;\">Con ello, los cient\u00edficos entendieron que hab\u00edan dado con una t\u00e9cnica que pod\u00eda ampliar los horizontes de la investigaci\u00f3n del patrimonio cultural, ya que tiene la ventaja de que no es invasiva y no causa ninguna degradaci\u00f3n.<\/p>\n<p style=\"text-align: justify;\">\u00a0<\/p>\n<p style=\"text-align: justify;\">Hay situaciones dif\u00edciles de comprender si no las has vivido en carne propia.<\/p>\n<p style=\"text-align: justify;\">Entre 1629 y 1630 Mil\u00e1n fue v\u00edctima de una serie de brotes de peste bub\u00f3nica que se conoci\u00f3 como la Peste italiana.<\/p>\n<p style=\"text-align: justify;\">Como consecuencia murieron 60.000 de sus 130.000 habitantes. Casi una de cada dos personas desaparecieron para siempre en cuesti\u00f3n de un a\u00f1o.<\/p>\n<p style=\"text-align: justify;\">Tal calamidad dej\u00f3 una marca indeleble en los milaneses, recogida en la magistral obra del escritor italiano Alessandro Manzoni \u00abLos novios\u00bb.<\/p>\n<p style=\"text-align: justify;\">\u00a0<img loading=\"lazy\" decoding=\"async\" class=\" size-full wp-image-16458\" src=\"https:\/\/www.opinionpublica.tv\/portada\/wp-content\/uploads\/2018\/02\/Img3.jpg\" width=\"432\" height=\"243\" srcset=\"https:\/\/www.opinionpublica.tv\/portada\/wp-content\/uploads\/2018\/02\/Img3.jpg 624w, https:\/\/www.opinionpublica.tv\/portada\/wp-content\/uploads\/2018\/02\/Img3-300x169.jpg 300w\" sizes=\"(max-width: 432px) 100vw, 432px\" \/><\/p>\n<p style=\"text-align: justify;\">Pasaba bajo el umbral de una de aquellas puertas y ven\u00eda hacia el convoy una mujer cuyo aspecto denunciaba una juventud avanzada, pero no pasada; y dejaba traslucir una belleza velada y ofuscada, mas no destruida por una gran pasi\u00f3n, por una languidez mortal: esa belleza suave y a la vez majestuosa que brilla en la sangre lombarda. (&#8230;)<\/p>\n<p style=\"text-align: justify;\">Pero no era s\u00f3lo su aspecto lo que, entre tantas miserias, la hac\u00eda se\u00f1alado objeto de piedad y reavivaba para ella aquel sentimiento ya exang\u00fce y apagado en los corazones. Llevaba \u00e9sta en sus brazos a un ni\u00f1a de unos nueve a\u00f1os, muerta; pero toda ella muy bien arreglada, con los cabellos partidos en la frente, con un vestido blanqu\u00edsimo, como si aquellas manos la hubiesen engalanado para un fiesta prometida hac\u00eda mucho tiempo y dada como premio.<\/p>\n<p style=\"text-align: justify;\">\u00abLos novios\u00bb. Extracto del cap\u00edtulo XXXIV.<\/p>\n<p style=\"text-align: justify;\">Los escribas apuntaron los nombres y edades de cada uno de los individuos que perecieron en meticulosos registros de muerte.<\/p>\n<p style=\"text-align: justify;\">Ahora, casi cuatro siglos despu\u00e9s, esta tecnolog\u00eda de vanguardia le permiti\u00f3 al equipo de cient\u00edficos descubrir mucho m\u00e1s sobre uno de los peores momentos de la historia de Mil\u00e1n.<\/p>\n<p style=\"text-align: justify;\">En los m\u00e1rgenes inferiores de 11 p\u00e1ginas escritas durante los meses de mayor mortalidad de los registros de defunci\u00f3n de la epidemia, guardados en el Archivo del Estado de Mil\u00e1n, los cient\u00edficos pusieron discos de EVA, el nombre que se le dio a esta tecnolog\u00eda por las siglas en ingl\u00e9s de ethyl vinyl acetate o acetato de vinilo et\u00edlico.<\/p>\n<p style=\"text-align: justify;\"><img loading=\"lazy\" decoding=\"async\" class=\" size-full wp-image-16459\" src=\"https:\/\/www.opinionpublica.tv\/portada\/wp-content\/uploads\/2018\/02\/Img4.jpg\" width=\"484\" height=\"272\" srcset=\"https:\/\/www.opinionpublica.tv\/portada\/wp-content\/uploads\/2018\/02\/Img4.jpg 624w, https:\/\/www.opinionpublica.tv\/portada\/wp-content\/uploads\/2018\/02\/Img4-300x169.jpg 300w\" sizes=\"(max-width: 484px) 100vw, 484px\" \/><\/p>\n<p style=\"text-align: justify;\">Los dejaron all\u00ed entre 60 y 90 minutos, los retiraron y los analizaron mediante espectrometr\u00eda de masas, una t\u00e9cnica de an\u00e1lisis que permite determinar la distribuci\u00f3n de las mol\u00e9culas de una sustancia en funci\u00f3n de su masa.<\/p>\n<p style=\"text-align: justify;\">Los resultados revelaron desde qu\u00e9 com\u00edan los escribas hasta con cu\u00e1les animales compart\u00edan sus vidas.<\/p>\n<p style=\"text-align: justify;\">\u00a0<\/p>\n<p style=\"text-align: justify;\">Para los estudiosos de ese per\u00edodo que han escudri\u00f1ado esos registros de defunci\u00f3n, unos documentos fundamentales, es probable algunas de esas revelaciones no sean muy bienvenidas.<\/p>\n<p style=\"text-align: justify;\">Y es que en las p\u00e1ginas que tantas veces han acariciado se encontraron 22 queratinas de rat\u00f3n y 130 prote\u00ednas de ratones y ratas.<\/p>\n<p style=\"text-align: justify;\">Adem\u00e1s hab\u00eda unos 400 p\u00e9ptidos de diferentes cepas bacterianas.<\/p>\n<p style=\"text-align: justify;\">Y 17 prote\u00ednas eran de la familia Yersinia, la bacteria responsable de la peste bub\u00f3nica.<\/p>\n<p style=\"text-align: justify;\"><img loading=\"lazy\" decoding=\"async\" class=\" size-full wp-image-16460\" src=\"https:\/\/www.opinionpublica.tv\/portada\/wp-content\/uploads\/2018\/02\/Img5.jpg\" width=\"450\" height=\"161\" srcset=\"https:\/\/www.opinionpublica.tv\/portada\/wp-content\/uploads\/2018\/02\/Img5.jpg 624w, https:\/\/www.opinionpublica.tv\/portada\/wp-content\/uploads\/2018\/02\/Img5-300x107.jpg 300w\" sizes=\"(max-width: 450px) 100vw, 450px\" \/><\/p>\n<p style=\"text-align: justify;\">Pero tambi\u00e9n encontraron 60 prote\u00ednas de plantas que indican que los escribas com\u00edan principalmente ma\u00edz, papas, garbanzos, arroz y zanahorias.<\/p>\n<p style=\"text-align: justify;\">La investigaci\u00f3n arroj\u00f3 que en el lugar en el que albergaban a los enfermos, el famoso Lazaretto \u2014una construcci\u00f3n en forma de cuadril\u00e1tero erigida entre finales del siglo XV e inicios del XVI para albergar afectados durante epidemias\u2014 hab\u00eda ovejas y cabras.<\/p>\n<p style=\"text-align: justify;\">\u00a0<\/p>\n<p style=\"text-align: justify;\">Los hallazgos fruto de la experiencia en Italia fueron recogidos en un documento publicado recientemente en la revista especializada Journal of Proteomics bajo el t\u00edtulo \u00abDe ratones y hombres: rastros de la vida en los registros de la muerte de la plaga de 1630 en Mil\u00e1n\u00bb.<\/p>\n<p style=\"text-align: justify;\">Para los historiadores, datos como esos ayudan a completar el panorama de eventos.<\/p>\n<p style=\"text-align: justify;\">Y a veces, podr\u00edan llevar a resolver antiguos misterios.<\/p>\n<p style=\"text-align: justify;\"><img loading=\"lazy\" decoding=\"async\" class=\" size-full wp-image-16461\" src=\"https:\/\/www.opinionpublica.tv\/portada\/wp-content\/uploads\/2018\/02\/Img6.jpg\" width=\"437\" height=\"246\" srcset=\"https:\/\/www.opinionpublica.tv\/portada\/wp-content\/uploads\/2018\/02\/Img6.jpg 624w, https:\/\/www.opinionpublica.tv\/portada\/wp-content\/uploads\/2018\/02\/Img6-300x169.jpg 300w\" sizes=\"(max-width: 437px) 100vw, 437px\" \/><\/p>\n<p style=\"text-align: justify;\">Es el caso de la nueva misi\u00f3n del equipo de Zilberstein, como le cuenta entusiasmado a BBC Mundo.<\/p>\n<p style=\"text-align: justify;\">\u00abNos dieron acceso a los archivos de Johannes Kepler, quien no s\u00f3lo era un gran astr\u00f3nomo y matem\u00e1tico sino tambi\u00e9n astr\u00f3logo\u00bb, dice.<\/p>\n<p style=\"text-align: justify;\">\u00abLe hac\u00eda los hor\u00f3scopos a Albrecht Wenzel Eusebius von Wallenstein, duque de Friedland, y al emperador Rodolfo II, hor\u00f3scopos que los motivaron a irse a la guerra contra Italia en 1630\u00bb, agreg\u00f3.<\/p>\n<p style=\"text-align: justify;\">\u00abKepler muri\u00f3 ese a\u00f1o a causa de una enfermedad desconocida. Y hay muchas indicaciones de que fue por \u00e1ntrax\u00bb.<\/p>\n<p style=\"text-align: justify;\">\u00abVamos a analizar sus \u00faltimos manuscritos para identificar la causa de su muerte\u00bb.<\/p>\n","protected":false},"excerpt":{"rendered":"","protected":false},"author":4,"featured_media":16455,"comment_status":"open","ping_status":"open","sticky":false,"template":"","format":"standard","meta":{"_acf_changed":false,"_monsterinsights_skip_tracking":false,"slim_seo":{"title":"Descubren t\u00e9cnica para revelar la historia escondida de los libros - Opini\u00f3n P\u00fablica","description":"Los libros guardan historias que no est\u00e1n escritas en sus p\u00e1ginas: m\u00e1s bien quedaron impregnadas en ellas. Y ahora, una nueva tecnolog\u00eda promete revelarlas. Los"},"footnotes":""},"categories":[11],"tags":[],"class_list":["post-16462","post","type-post","status-publish","format-standard","has-post-thumbnail","hentry","category-tendencias"],"acf":[],"_links":{"self":[{"href":"https:\/\/www.opinionpublica.tv\/portada\/wp-json\/wp\/v2\/posts\/16462","targetHints":{"allow":["GET"]}}],"collection":[{"href":"https:\/\/www.opinionpublica.tv\/portada\/wp-json\/wp\/v2\/posts"}],"about":[{"href":"https:\/\/www.opinionpublica.tv\/portada\/wp-json\/wp\/v2\/types\/post"}],"author":[{"embeddable":true,"href":"https:\/\/www.opinionpublica.tv\/portada\/wp-json\/wp\/v2\/users\/4"}],"replies":[{"embeddable":true,"href":"https:\/\/www.opinionpublica.tv\/portada\/wp-json\/wp\/v2\/comments?post=16462"}],"version-history":[{"count":0,"href":"https:\/\/www.opinionpublica.tv\/portada\/wp-json\/wp\/v2\/posts\/16462\/revisions"}],"wp:featuredmedia":[{"embeddable":true,"href":"https:\/\/www.opinionpublica.tv\/portada\/wp-json\/wp\/v2\/media\/16455"}],"wp:attachment":[{"href":"https:\/\/www.opinionpublica.tv\/portada\/wp-json\/wp\/v2\/media?parent=16462"}],"wp:term":[{"taxonomy":"category","embeddable":true,"href":"https:\/\/www.opinionpublica.tv\/portada\/wp-json\/wp\/v2\/categories?post=16462"},{"taxonomy":"post_tag","embeddable":true,"href":"https:\/\/www.opinionpublica.tv\/portada\/wp-json\/wp\/v2\/tags?post=16462"}],"curies":[{"name":"wp","href":"https:\/\/api.w.org\/{rel}","templated":true}]}}