{"id":16427,"date":"2018-02-21T07:00:00","date_gmt":"2018-02-21T06:00:00","guid":{"rendered":"https:\/\/www.opinionpublica.tv\/portada\/2018\/02\/21\/efemerides-21-de-febrero\/"},"modified":"2018-02-21T07:00:00","modified_gmt":"2018-02-21T06:00:00","slug":"efemerides-21-de-febrero","status":"publish","type":"post","link":"https:\/\/www.opinionpublica.tv\/portada\/efemerides-21-de-febrero\/","title":{"rendered":"Efem\u00e9rides 21 de febrero"},"content":{"rendered":"<img fetchpriority=\"high\" decoding=\"async\" class=\" size-full wp-image-16426\" src=\"https:\/\/www.opinionpublica.tv\/portada\/wp-content\/uploads\/2018\/02\/cd366fae2c8ae6f1eb27fdc9a6f4c708.jpg\" alt=\"\" class=\"caption\" title=\"Augusto C\u00e9sar Sandino, l\u00edder de la resistencia contra la ocupaci\u00f3n estadounidense en Nicaragua.\" width=\"780\" height=\"584\" srcset=\"https:\/\/www.opinionpublica.tv\/portada\/wp-content\/uploads\/2018\/02\/cd366fae2c8ae6f1eb27fdc9a6f4c708.jpg 780w, https:\/\/www.opinionpublica.tv\/portada\/wp-content\/uploads\/2018\/02\/cd366fae2c8ae6f1eb27fdc9a6f4c708-300x225.jpg 300w, https:\/\/www.opinionpublica.tv\/portada\/wp-content\/uploads\/2018\/02\/cd366fae2c8ae6f1eb27fdc9a6f4c708-768x575.jpg 768w\" sizes=\"(max-width: 780px) 100vw, 780px\" \/>\n<p style=\"text-align: justify;\">Un d\u00eda 21 de febrero como hoy, pero de 1934, el poeta y revolucionario nicarag\u00fcense Augusto C\u00e9sar Sandino, l\u00edder de la resistencia contra la ocupaci\u00f3n estadounidense, fue asesinado por orden de Anastasio Somoza, jefe de la Guardia Nacional, creada por Estados Unidos, y que dos a\u00f1os despu\u00e9s se convertir\u00eda en presidente del pa\u00eds y ejercer\u00eda el poder de forma dictatorial durante casi dos d\u00e9cadas.<\/p>\n<p><!--more--><\/p>\n<p style=\"text-align: justify;\"><strong>Otras efem\u00e9rides:<\/strong><\/p>\n<p style=\"text-align: justify;\">1644.- Un violento incendio destruye una gran parte del casco urbano y la catedral de la ciudad de Panam\u00e1.<\/p>\n<p style=\"text-align: justify;\">1677.- Muere Baruch Spinosa, fil\u00f3sofo jud\u00edo de ascendencia espa\u00f1ola.<\/p>\n<p style=\"text-align: justify;\">1790.- Nace Antonio L\u00f3pez de Santa Anna, presidente de M\u00e9xico.<\/p>\n<p style=\"text-align: justify;\">1795.- Nace Francisco Manoel da Silva, compositor brasile\u00f1o.<\/p>\n<p style=\"text-align: justify;\">1813.- Las fuerzas del general Belgrano vencen a las realistas del general Trist\u00e1n en la batalla de Salta, decisiva para la independencia de Argentina.<\/p>\n<p style=\"text-align: justify;\">1817.- Nace Jos\u00e9 Zorrilla, poeta y dramaturgo espa\u00f1ol.<\/p>\n<p style=\"text-align: justify;\">1822.- Guatemala se une voluntariamente a M\u00e9xico, aunque posteriormente volver\u00edan a separarse.<\/p>\n<p style=\"text-align: justify;\">1837.- Nace Rosal\u00eda de Castro, poetisa espa\u00f1ola.<\/p>\n<p style=\"text-align: justify;\">1858.- Un terremoto destruye la ciudad griega de Corinto.<\/p>\n<p style=\"text-align: justify;\">1893.- Nace Andr\u00e9s Segovia, guitarrista espa\u00f1ol.<\/p>\n<p style=\"text-align: justify;\">1896.- Guerra de Cuba: los insurrectos cubanos son derrotados en el lugar conocido por Ojo de Agua.<\/p>\n<p style=\"text-align: justify;\">1901.- La Asamblea Constituyente cubana promulga la primera Constituci\u00f3n del pa\u00eds.<\/p>\n<p style=\"text-align: justify;\">1907.- Fuerzas nicarag\u00fcenses se apoderan de varias poblaciones hondure\u00f1as y acorralan al presidente Manuel Bonilla, en el conflicto armado entre los dos pa\u00edses.<\/p>\n<p style=\"text-align: justify;\">1914.- Partidas de bandoleros toman la ciudad china de Lichuan y asesinan a m\u00e1s de mil personas.<\/p>\n<p style=\"text-align: justify;\">1915.- Se inaugura la Exposici\u00f3n Universal de San Francisco (Estados Unidos).<\/p>\n<p style=\"text-align: justify;\">1916.- I Guerra Mundial: los Ej\u00e9rcitos alemanes desencadenan una fuerte ofensiva sobre Verd\u00fan.<\/p>\n<p style=\"text-align: justify;\">1919.- Es asesinado Kurt Eisner, primer ministro de la Rep\u00fablica de Baviera.<\/p>\n<p style=\"text-align: justify;\">1924.- El general Primo de Rivera clausura el Ateneo de Madrid y destierra a Miguel de Unamuno, tras desposeerle de su c\u00e1tedra en Salamanca.<\/p>\n<p style=\"text-align: justify;\">1928.- Nace Ariel Sharon, general y pol\u00edtico israel\u00ed.<\/p>\n<p style=\"text-align: justify;\">1929.- Acuerdo fronterizo entre Chile y Per\u00fa.<\/p>\n<p style=\"text-align: justify;\">1933.- Nace Nina Simone, cantante y pianista estadounidense.<\/p>\n<p style=\"text-align: justify;\">1937.- Nace Harald V, rey de Noruega.<\/p>\n<p style=\"text-align: justify;\">1945.- Los pa\u00edses de la Uni\u00f3n Panamericana, a excepci\u00f3n de Argentina y El Salvador, acuerdan en M\u00e9xico la creaci\u00f3n de la Liga de las Naciones Americanas.<\/p>\n<p style=\"text-align: justify;\">1949.- Una emisora de Quito transmite \u00abLa guerra de los mundos\u00bb de H.G Wells, y causa el mismo p\u00e1nico que en Nueva York diez a\u00f1os antes.<\/p>\n<p style=\"text-align: justify;\">1957.- Se constituye en Honduras el departamento de Gracias a Dios.<\/p>\n<p style=\"text-align: justify;\">1963.- Un terremoto destruye la ciudad libia de Barce y causa la muerte de m\u00e1s de quinientas personas.<\/p>\n<p style=\"text-align: justify;\">1965.- El activista afroamericano Malcom X es asesinado en Nueva York (Estados Unidos).<\/p>\n<p style=\"text-align: justify;\">1966.- El general Charles De Gaulle anuncia que la flota francesa del Mediterr\u00e1neo quedar\u00e1 desligada del mando de la OTAN y que no se almacenar\u00e1n armas at\u00f3micas estadounidenses en las bases francesas.<\/p>\n<p style=\"text-align: justify;\">.- Muere Morton Gould, compositor y director de orquesta estadounidense.<\/p>\n<p style=\"text-align: justify;\">1972.- Richard Nixon y Mao Tse-Tung se entrevistan en Pek\u00edn con el fin de iniciar una fase de relaciones bilaterales.<\/p>\n<p style=\"text-align: justify;\">1984.- El expresidente argentino Leopoldo F. Galtieri, detenido y puesto a disposici\u00f3n de las fuerzas armadas.<\/p>\n<p style=\"text-align: justify;\">1984.- Muere Mijail Sholojov, escritor sovi\u00e9tico, Premio Nobel de Literatura en 1965.<\/p>\n<p style=\"text-align: justify;\">1991.- Checoslovaquia ingresa en el Consejo de Europa.<\/p>\n<p style=\"text-align: justify;\">2005.- Muere Guillermo Cabrera Infante, escritor cubano.<\/p>\n<p style=\"text-align: justify;\">2008.- Muere Robin Moore, escritor estadounidense.<\/p>\n","protected":false},"excerpt":{"rendered":"<p>Un d\u00eda 21 de febrero como hoy, pero de 1934, el poeta y revolucionario nicarag\u00fcense Augusto C\u00e9sar Sandino, l\u00edder de la resistencia contra la ocupaci\u00f3n estadounidense, fue asesinado por orden de Anastasio Somoza, jefe de la Guardia Nacional, creada por Estados Unidos, y que dos a\u00f1os despu\u00e9s se convertir\u00eda en presidente del pa\u00eds y ejercer\u00eda [&hellip;]<\/p>\n","protected":false},"author":6,"featured_media":16426,"comment_status":"open","ping_status":"open","sticky":false,"template":"","format":"standard","meta":{"_acf_changed":false,"_monsterinsights_skip_tracking":false,"slim_seo":{"title":"Efem\u00e9rides 21 de febrero - Opini\u00f3n P\u00fablica","description":"Un d\u00eda 21 de febrero como hoy, pero de 1934, el poeta y revolucionario nicarag\u00fcense Augusto C\u00e9sar Sandino, l\u00edder de la resistencia contra la ocupaci\u00f3n estadouni"},"footnotes":""},"categories":[27],"tags":[],"class_list":["post-16427","post","type-post","status-publish","format-standard","has-post-thumbnail","hentry","category-un-dia-como-hoy"],"acf":[],"_links":{"self":[{"href":"https:\/\/www.opinionpublica.tv\/portada\/wp-json\/wp\/v2\/posts\/16427","targetHints":{"allow":["GET"]}}],"collection":[{"href":"https:\/\/www.opinionpublica.tv\/portada\/wp-json\/wp\/v2\/posts"}],"about":[{"href":"https:\/\/www.opinionpublica.tv\/portada\/wp-json\/wp\/v2\/types\/post"}],"author":[{"embeddable":true,"href":"https:\/\/www.opinionpublica.tv\/portada\/wp-json\/wp\/v2\/users\/6"}],"replies":[{"embeddable":true,"href":"https:\/\/www.opinionpublica.tv\/portada\/wp-json\/wp\/v2\/comments?post=16427"}],"version-history":[{"count":0,"href":"https:\/\/www.opinionpublica.tv\/portada\/wp-json\/wp\/v2\/posts\/16427\/revisions"}],"wp:featuredmedia":[{"embeddable":true,"href":"https:\/\/www.opinionpublica.tv\/portada\/wp-json\/wp\/v2\/media\/16426"}],"wp:attachment":[{"href":"https:\/\/www.opinionpublica.tv\/portada\/wp-json\/wp\/v2\/media?parent=16427"}],"wp:term":[{"taxonomy":"category","embeddable":true,"href":"https:\/\/www.opinionpublica.tv\/portada\/wp-json\/wp\/v2\/categories?post=16427"},{"taxonomy":"post_tag","embeddable":true,"href":"https:\/\/www.opinionpublica.tv\/portada\/wp-json\/wp\/v2\/tags?post=16427"}],"curies":[{"name":"wp","href":"https:\/\/api.w.org\/{rel}","templated":true}]}}