{"id":16357,"date":"2018-02-14T07:00:00","date_gmt":"2018-02-14T06:00:00","guid":{"rendered":"https:\/\/www.opinionpublica.tv\/portada\/2018\/02\/14\/los-malos-gobiernos\/"},"modified":"2018-02-14T07:00:00","modified_gmt":"2018-02-14T06:00:00","slug":"los-malos-gobiernos","status":"publish","type":"post","link":"https:\/\/www.opinionpublica.tv\/portada\/los-malos-gobiernos\/","title":{"rendered":"Los malos gobiernos"},"content":{"rendered":"<p style=\"text-align: justify;\">Los mexicanos constantemente nos quejamos de que tenemos muy malos gobiernos, no importa de qu\u00e9 partido pol\u00edtico provengan ni si derivan de un candidato sin partido. Normalmente se atribuyen estos malos gobiernos a la corrupci\u00f3n, y raz\u00f3n no falta para ello. Pero pocas veces se analiza el problema ante la perspectiva sist\u00e9mica.<\/p>\n<p><!--more--><\/p>\n<p style=\"text-align: justify;\">Me explico, mi hip\u00f3tesis es que gran parte de los malos gobiernos y mucha de la corrupci\u00f3n que deriva de ellos se debe a como est\u00e1 estructurado nuestro sistema pol\u00edtico, empezando por la configuraci\u00f3n de los partidos, respecto a como se eligen a los candidatos, a los incentivos que existen para el actuar de los pol\u00edticos para permanecer en el poder.<\/p>\n<p style=\"text-align: justify;\">Como en toda actividad humana, existen vocaciones para realizar las diversas funciones que debemos o queremos desempe\u00f1ar en nuestras vidas. Unas personas prefieren actividades t\u00e9cnicas como los ingenieros, otras prefieren actividades de humanidades, como profesores de escuela, soci\u00f3logos, abogados, otros desean llevar a cabo actividades art\u00edsticas; muchos, actividades m\u00e9dicas.<\/p>\n<p style=\"text-align: justify;\">Pero el pol\u00edtico en M\u00e9xico rara vez es un verdadero profesional en el tema, independientemente de su preparaci\u00f3n acad\u00e9mica.<\/p>\n<p style=\"text-align: justify;\">La pol\u00edtica en M\u00e9xico es una actividad de oportunidad m\u00e1s que de vocaci\u00f3n, porque as\u00ed se ha desarrollado esta actividad que ha sido impulsada por el sistema.<\/p>\n<p style=\"text-align: justify;\">Pensemos que el sistema pol\u00edtico mexicano principalmente deriva de una cruenta y sangrienta guerra civil en la que pelearon ca\u00f3ticamente muchas facciones, m\u00e1s por el apoderamiento del poder para sacar provecho personal, que por los grandes ideales que nos han pregonado en las escuelas, respecto de la \u201cgloriosa Revoluci\u00f3n Mexicana\u201d (se entrecomilla por mofa).<\/p>\n<p style=\"text-align: justify;\">Por ello, se dise\u00f1\u00f3 un sistema hecho m\u00e1s para repartir el poder, que para generar bien com\u00fan. En efecto, de una manera u otra, algunos de nuestros presidentes caudillos formaron instituciones loables para su \u00e9poca, como el ahora obsoleto e ineficiente Seguro Social, pero nunca desarrollaron una vida democr\u00e1tica institucionalizada, ni un servicio civil de carrera.<\/p>\n<p style=\"text-align: justify;\">El presidente Fox quiso formar este servicio civil, para que luego el presidente Calder\u00f3n lo quisiera desarmar, quedando sin nada con Pe\u00f1a Nieto.<\/p>\n<p style=\"text-align: justify;\">Ahora bien, pasamos de un partido hegem\u00f3nico \u00fanico a un sistema de competencia entre partidos, pero la izquierda competitiva deriv\u00f3 del partido hegem\u00f3nico sin un \u00e1pice de cultura democr\u00e1tica heredada del primero.<\/p>\n<p style=\"text-align: justify;\">En el Partido Acci\u00f3n Nacional, que es al que su servidor pertenece, que hab\u00eda tenido una rom\u00e1ntica tradici\u00f3n democr\u00e1tica, una vez que accedi\u00f3 a posiciones de poder, le sucedi\u00f3 una terrible contaminaci\u00f3n autoritaria derivada del sistema pol\u00edtico.<\/p>\n<p style=\"text-align: justify;\">Se gan\u00f3 el gobierno, pero se perdi\u00f3 el partido, seg\u00fan lo dijeron en el PAN. Ahora la norma en los procesos del PAN para seleccionar candidatos es la llamada \u201cdesignaci\u00f3n\u201d. Le quieren decir \u201cdedazo\u201d, emulando al sistema del PRI en donde un solo hombre decide las candidaturas siguiendo extra\u00f1os procesos de auscultaci\u00f3n que no tienen necesariamente orden ni l\u00f3gica.<\/p>\n<p style=\"text-align: justify;\">Pero esta designaci\u00f3n no es igual que el dedazo, porque los que designan son consejos de cuando menos treinta personas que tienen que elegir muchas veces por mayor\u00eda calificada de 2\/3.<\/p>\n<p style=\"text-align: justify;\">Estas designaciones luego tienen que ser ratificadas por la Comisi\u00f3n Permanente del Consejo Nacional.<\/p>\n<p style=\"text-align: justify;\">En estos consejos hay estires y aflojes, entrevistas, encuestas, todo de tipo formal. Pero, c\u00f3mo se han de imaginar, hay grandes influencias de los hombres y mujeres que detentan el poder en los gobiernos.<\/p>\n<p style=\"text-align: justify;\">Por estas razones, vemos que much\u00edsimas veces no llegan finalmente al poder las mejores personas, sino los que se supieron acomodar a los designios de los poderosos, con menos consideraci\u00f3n para los mejores perfiles y propuestas.<\/p>\n<p style=\"text-align: justify;\">El resultado es obvio: tenemos malos gobiernos y la corrupci\u00f3n est\u00e1 incontrolable.<\/p>\n<p style=\"text-align: justify;\">Debemos corregir este sistema perverso, para ello, el primer paso que tenemos que dar es abrir a los ciudadanos la selecci\u00f3n de los candidatos en el partido de su preferencia. Haciendo esto, damos la oportunidad de airear a los partidos del hedor que provoca el hacinamiento de sus dirigentes que juegan a la rueda de la fortuna.<\/p>\n<p style=\"text-align: justify;\">Si le damos este poder al ciudadano, con las salvaguardas\u00a0correspondientes para que no haya interferencia de otros partidos en querer impulsar a candidatos para sus conveniencias, tendremos un sistema que genere c\u00edrculos virtuosos. Ello aumentar\u00e1 la participaci\u00f3n de nuevos ciudadanos mejor preparados y con \u00e1nimo de contribuir, ya que ahora existen muchas personas que se decepcionan de participar en pol\u00edtica por sentirse excluidas de los grupos de poder, que con nuestro sistema actual, f\u00e1cilmente dominan a los partidos.<\/p>\n<p style=\"text-align: justify;\">Si hace falta una reforma estructural de \u00edndole pol\u00edtica en nuestro pa\u00eds es precisamente esta, impuls\u00e9mosla los ciudadanos, as\u00ed como se promovi\u00f3 el Sistema Nacional Anticorrupci\u00f3n. Con las candidaturas independientes ya sabemos que no es suficiente, sino que hace falta el involucramiento total de los ciudadanos en la decisi\u00f3n de las candidaturas de los partidos.<\/p>\n","protected":false},"excerpt":{"rendered":"<p>Los mexicanos constantemente nos quejamos de que tenemos muy malos gobiernos, no importa de qu\u00e9 partido pol\u00edtico provengan ni si derivan de un candidato sin partido. Normalmente se atribuyen estos malos gobiernos a la corrupci\u00f3n, y raz\u00f3n no falta para ello. Pero pocas veces se analiza el problema ante la perspectiva sist\u00e9mica.<\/p>\n","protected":false},"author":6,"featured_media":0,"comment_status":"open","ping_status":"open","sticky":false,"template":"","format":"standard","meta":{"_acf_changed":false,"_monsterinsights_skip_tracking":false,"slim_seo":{"title":"Los malos gobiernos - Opini\u00f3n P\u00fablica","description":"Los mexicanos constantemente nos quejamos de que tenemos muy malos gobiernos, no importa de qu\u00e9 partido pol\u00edtico provengan ni si derivan de un candidato sin par"},"footnotes":""},"categories":[17],"tags":[],"class_list":["post-16357","post","type-post","status-publish","format-standard","hentry","category-ultima-instancia"],"acf":[],"_links":{"self":[{"href":"https:\/\/www.opinionpublica.tv\/portada\/wp-json\/wp\/v2\/posts\/16357","targetHints":{"allow":["GET"]}}],"collection":[{"href":"https:\/\/www.opinionpublica.tv\/portada\/wp-json\/wp\/v2\/posts"}],"about":[{"href":"https:\/\/www.opinionpublica.tv\/portada\/wp-json\/wp\/v2\/types\/post"}],"author":[{"embeddable":true,"href":"https:\/\/www.opinionpublica.tv\/portada\/wp-json\/wp\/v2\/users\/6"}],"replies":[{"embeddable":true,"href":"https:\/\/www.opinionpublica.tv\/portada\/wp-json\/wp\/v2\/comments?post=16357"}],"version-history":[{"count":0,"href":"https:\/\/www.opinionpublica.tv\/portada\/wp-json\/wp\/v2\/posts\/16357\/revisions"}],"wp:attachment":[{"href":"https:\/\/www.opinionpublica.tv\/portada\/wp-json\/wp\/v2\/media?parent=16357"}],"wp:term":[{"taxonomy":"category","embeddable":true,"href":"https:\/\/www.opinionpublica.tv\/portada\/wp-json\/wp\/v2\/categories?post=16357"},{"taxonomy":"post_tag","embeddable":true,"href":"https:\/\/www.opinionpublica.tv\/portada\/wp-json\/wp\/v2\/tags?post=16357"}],"curies":[{"name":"wp","href":"https:\/\/api.w.org\/{rel}","templated":true}]}}