{"id":16152,"date":"2018-01-03T07:00:00","date_gmt":"2018-01-03T06:00:00","guid":{"rendered":"https:\/\/www.opinionpublica.tv\/portada\/2018\/01\/03\/los-eventos-que-impactaron-a-mexico-en-el-2017-3-3\/"},"modified":"2018-01-03T07:00:00","modified_gmt":"2018-01-03T06:00:00","slug":"los-eventos-que-impactaron-a-mexico-en-el-2017-3-3","status":"publish","type":"post","link":"https:\/\/www.opinionpublica.tv\/portada\/los-eventos-que-impactaron-a-mexico-en-el-2017-3-3\/","title":{"rendered":"Los eventos que impactaron a M\u00e9xico en el 2017 (3\/3)"},"content":{"rendered":"<p style=\"text-align: justify;\">En las dos primeras entregas present\u00e9 26 de los 39 eventos que este a\u00f1o califico como los importantes en la formaci\u00f3n de agenda y de creaci\u00f3n del \u00e1nimo y humor social. Esta es la \u00faltima parte, en la que estoy seguro que dej\u00e9 fuera muchos eventos que algunos quisieran ver aqu\u00ed, pero que pueden agregar en su listado personal:<\/p>\n<p><!--more--><\/p>\n<p style=\"text-align: justify;\">27.- EU lanza ataque qu\u00edmico en Siria que mata a 58 personas y tambi\u00e9n lanza en Afganist\u00e1n a la \u201cmadre de todas las bombas\u201d matando a 36 personas; Norcorea contin\u00faa con sus pruebas lanzando misiles nucleares, a lo que EU y otros pa\u00edses llaman provocaciones.<\/p>\n<p style=\"text-align: justify;\">28.- Trump abandona el Acuerdo de Par\u00eds, el pacto global para reducir las emisiones globales de gases de efecto invernadero. El mundo lo condena. Tambi\u00e9n retira a EU del Acuerdo Comercial Transpac\u00edfico.<\/p>\n<p style=\"text-align: justify;\">29.- Estados Unidos e Israel anunciaron su retiro de la Organizaci\u00f3n de las Naciones Unidas para la Educaci\u00f3n, la Ciencia y la Cultura, acus\u00e1ndola de antiisrael\u00ed. Posteriormente Trump \u201creconoce\u201d a Jerusal\u00e9n como capital de Israel, lo que enoja a muchos gobiernos \u00e1rabes y genera protestas populares en algunos de estos pa\u00edses.<\/p>\n<p style=\"text-align: justify;\">30.- El gobierno de Donald Trump anunci\u00f3 el t\u00e9rmino de la Acci\u00f3n Diferida para los Llegados en la Infancia, el cual protege de la deportaci\u00f3n a los llamados dreamers.<\/p>\n<p style=\"text-align: justify;\">31.- En Catalu\u00f1a, el 1 de octubre se realiza referendo sobre la independencia de Espa\u00f1a, la polic\u00eda interviene violentamente para evitarlo; el parlamento catal\u00e1n declara la independencia; Rajoy destituye a Carles Puigdemont como presidente de la Generalitat y convoca a elecciones regionales para este mismo a\u00f1o.<\/p>\n<p style=\"text-align: justify;\">32.- Arranca el proceso electoral rumbo a la elecci\u00f3n del 01 de julio del 2018 en el que se elegir\u00e1 presidente de la Rep\u00fablica, 128 senadores y 500 diputados federales, adem\u00e1s de 2,595 autoridades locales.<\/p>\n<p style=\"text-align: justify;\">33.- Margarita Zavala renuncia al PAN y se registra como aspirante a candidata independiente. Inicia la recolecci\u00f3n de firmas de ciudadanos para quienes pretenden un puesto por la v\u00eda independiente; algunos aspirantes acusan errores en la recolecci\u00f3n de firmas a trav\u00e9s de la aplicaci\u00f3n del INE por lo que se modifica; se aumenta la difusi\u00f3n; se abre a todos los ciudadanos su uso y permite la recolecci\u00f3n en papel en algunos municipios; como resultado, varios aspirantes a diputados federales y a senadores alcanzan las firmas necesarias y en ese camino hay aspirantes a jefe de Gobierno de la CDMX y a presidente, como Jaime Rodr\u00edguez, el Bronco, Margarita Zavala y posiblemente Armando R\u00edos Piter, el Jaguar.<\/p>\n<p style=\"text-align: justify;\">34.- PAN, PRD y Movimiento Ciudadano conforman la coalici\u00f3n Por M\u00e9xico al Frente. En ese escenario, el dirigente del PAN, Ricardo Anaya, pide licencia a la presidencia nacional del CEN del PAN para buscar ser el candidato a presidente, lo sustituye Dami\u00e1n Zepeda. Al mismo tiempo, la presidenta del PRD, Alejandra Barrales, deja su puesto y es sustituida por Manuel Granados. Barrales junto con Armando Ahued, el ex secretario de Salud de la CDMX y Salom\u00f3n Chertorivski, ex secretario de Desarrollo Econ\u00f3mico, se registran como precandidatos a la candidatura de la misma coalici\u00f3n para la jefatura de Gobierno de la Ciudad de M\u00e9xico donde competir\u00edan con Mikel Arriola del PRI y Claudia Sheinbaum de Morena.<\/p>\n<p style=\"text-align: justify;\">35.- El PRI realiza su XXII Asamblea Ordinaria, elimina el candado de militancia para ser candidato presidencial y proh\u00edbe \u201cchapulines\u201d de plurinominales; posteriormente ese partido \u201cdestapa\u201d la candidatura del secretario de Hacienda, Jos\u00e9 Antonio Meade Kuribre\u00f1a, quien no hubiera podido ser candidato sin haber eliminado el candado. Meade ser\u00e1 candidato de la alianza PRI-PVEM-PNA denominada Meade Ciudadano Por M\u00e9xico.<\/p>\n<p style=\"text-align: justify;\">36.- En Morena, Andr\u00e9s Manuel L\u00f3pez Obrador se registra como precandidato presidencial de la alianza Juntos Haremos Historia, conformada por Morena, PT y PES.<\/p>\n<p style=\"text-align: justify;\">37.- Elba Esther Gordillo, presa desde febrero del 2013 por acusaciones de defraudaci\u00f3n fiscal, delincuencia organizada y lavado de dinero, gozar\u00e1 del beneficio de prisi\u00f3n domiciliaria, luego de que la PGR retirara una impugnaci\u00f3n que le imped\u00eda seguir su proceso en casa por ser una persona adulta mayor.<\/p>\n<p style=\"text-align: justify;\">38.- El Gran Premio de M\u00e9xico defini\u00f3 por cuarta ocasi\u00f3n en la historia a Lewis Hamilton monarca de la F\u00f3rmula 1, luego de que terminara en la novena posici\u00f3n, lo que fue suficiente para llevarse el t\u00edtulo del 2017. Tambi\u00e9n se realiza un juego de futbol americano que llena el Estadio Azteca.<\/p>\n<p style=\"text-align: justify;\">39.- En el futbol, durante el a\u00f1o, se coronan las Chivas de Guadalajara en el torneo de Clausura y Tigres de Nuevo Le\u00f3n en el torneo de Apertura. En el sorteo para el mundial de Rusia 2018 M\u00e9xico enfrentar\u00e1 en el grupo E a Alemania, Suecia y Rep\u00fablica de Corea.<\/p>\n<p style=\"text-align: justify;\">Esta \u00faltima parte incluye notas internacionales que tuvieron su repercusi\u00f3n en M\u00e9xico, deportivas que despertaron inter\u00e9s y por sobre ellas, las noticias electorales que dominaron la agenda desde finales de noviembre y hasta fin de a\u00f1o cuando iniciaron las precampa\u00f1as.<\/p>\n<p style=\"text-align: justify;\">Para el pr\u00f3ximo a\u00f1o, a reserva de esperar, no me cabe duda que el evento principal ser\u00e1 la elecci\u00f3n y el cambio de gobierno, rodeado de eventos de campa\u00f1a, debates y espero muchas propuestas realistas. Tambi\u00e9n podemos prever asuntos como nombramientos del fiscal general, del fiscal anticorrupci\u00f3n y de un ministro de la Suprema Corte de Justicia; adem\u00e1s de \u00e9stos, estaremos atentos de lo que preocupa, ocupa y emociona a los mexicanos.<\/p>\n","protected":false},"excerpt":{"rendered":"<p>En las dos primeras entregas present\u00e9 26 de los 39 eventos que este a\u00f1o califico como los importantes en la formaci\u00f3n de agenda y de creaci\u00f3n del \u00e1nimo y humor social. Esta es la \u00faltima parte, en la que estoy seguro que dej\u00e9 fuera muchos eventos que algunos quisieran ver aqu\u00ed, pero que pueden agregar [&hellip;]<\/p>\n","protected":false},"author":6,"featured_media":0,"comment_status":"open","ping_status":"open","sticky":false,"template":"","format":"standard","meta":{"_acf_changed":false,"_monsterinsights_skip_tracking":false,"slim_seo":{"title":"Los eventos que impactaron a M\u00e9xico en el 2017 (3\/3) - Opini\u00f3n P\u00fablica","description":"En las dos primeras entregas present\u00e9 26 de los 39 eventos que este a\u00f1o califico como los importantes en la formaci\u00f3n de agenda y de creaci\u00f3n del \u00e1nimo y humor"},"footnotes":""},"categories":[35],"tags":[],"class_list":["post-16152","post","type-post","status-publish","format-standard","hentry","category-roy-campos-opina"],"acf":[],"_links":{"self":[{"href":"https:\/\/www.opinionpublica.tv\/portada\/wp-json\/wp\/v2\/posts\/16152","targetHints":{"allow":["GET"]}}],"collection":[{"href":"https:\/\/www.opinionpublica.tv\/portada\/wp-json\/wp\/v2\/posts"}],"about":[{"href":"https:\/\/www.opinionpublica.tv\/portada\/wp-json\/wp\/v2\/types\/post"}],"author":[{"embeddable":true,"href":"https:\/\/www.opinionpublica.tv\/portada\/wp-json\/wp\/v2\/users\/6"}],"replies":[{"embeddable":true,"href":"https:\/\/www.opinionpublica.tv\/portada\/wp-json\/wp\/v2\/comments?post=16152"}],"version-history":[{"count":0,"href":"https:\/\/www.opinionpublica.tv\/portada\/wp-json\/wp\/v2\/posts\/16152\/revisions"}],"wp:attachment":[{"href":"https:\/\/www.opinionpublica.tv\/portada\/wp-json\/wp\/v2\/media?parent=16152"}],"wp:term":[{"taxonomy":"category","embeddable":true,"href":"https:\/\/www.opinionpublica.tv\/portada\/wp-json\/wp\/v2\/categories?post=16152"},{"taxonomy":"post_tag","embeddable":true,"href":"https:\/\/www.opinionpublica.tv\/portada\/wp-json\/wp\/v2\/tags?post=16152"}],"curies":[{"name":"wp","href":"https:\/\/api.w.org\/{rel}","templated":true}]}}