{"id":16150,"date":"2018-01-01T07:00:00","date_gmt":"2018-01-01T06:00:00","guid":{"rendered":"https:\/\/www.opinionpublica.tv\/portada\/2018\/01\/01\/los-eventos-que-impactaron-a-mexico-en-el-2017-1-3\/"},"modified":"2018-01-01T07:00:00","modified_gmt":"2018-01-01T06:00:00","slug":"los-eventos-que-impactaron-a-mexico-en-el-2017-1-3","status":"publish","type":"post","link":"https:\/\/www.opinionpublica.tv\/portada\/los-eventos-que-impactaron-a-mexico-en-el-2017-1-3\/","title":{"rendered":"Los eventos que impactaron a M\u00e9xico en el 2017 (1\/3)"},"content":{"rendered":"<p style=\"text-align: justify;\">Como cada a\u00f1o, trato de hacer una recopilaci\u00f3n de aquellas noticias que a lo largo de 12 meses movieron las opiniones, aparecieron de forma importante en los medios, formaron parte de las conversaciones ciudadanas, generaron reacciones de los actores pol\u00edticos o simplemente por su importancia debemos considerarlas como relevantes en la formaci\u00f3n de opini\u00f3n p\u00fablica; pensando en el 2018, muchos de los eventos aqu\u00ed listados aparecer\u00e1n de alguna manera durante las campa\u00f1as, ya sea directa o tangencialmente.<\/p>\n<p><!--more--><\/p>\n<p style=\"text-align: justify;\">No es f\u00e1cil hacer la recopilaci\u00f3n, ya que siempre habr\u00e1 quien reclame haber dejado alguna noticia que quisiera ver incluida, y otros que consideren que lo que aqu\u00ed se anota no merece entrar en la lista, as\u00ed que como siempre digo, todos tienen la libertad de hacer la suya propia.<\/p>\n<p style=\"text-align: justify;\">Faltando pocos d\u00edas para que termine el 2017, el presidente cumpli\u00f3 cinco a\u00f1os de gobierno e inicia la recta final de su gesti\u00f3n; por lo pronto, va lo que considero se recordar\u00e1 de su pen\u00faltimo a\u00f1o:<\/p>\n<p style=\"text-align: justify;\">1.- Un alza en el precio de la gasolina provoc\u00f3 protestas, saqueos y bloqueo de vialidades; las autoridades detuvieron a m\u00e1s de 250 personas por robos y actos de vandalismo en todo el pa\u00eds.<\/p>\n<p style=\"text-align: justify;\">2.- Donald Trump toma posesi\u00f3n como presidente de Estados Unidos y firma decretos para renegociar el TLCAN y construir un muro en la frontera con M\u00e9xico; en nuestro pa\u00eds se organiza una marcha en febrero que convoca a decenas de miles a manifestarse contra las pol\u00edticas de Trump y contra los niveles de corrupci\u00f3n que se han alcanzado en los distintos gobiernos en M\u00e9xico. Enrique Pe\u00f1a Nieto suspende una reuni\u00f3n prevista con Trump, la decisi\u00f3n llega despu\u00e9s de que el estadounidense firm\u00f3 la orden de construir el muro en la frontera.<\/p>\n<p style=\"text-align: justify;\">3.- Regresa al gabinete Luis Videgaray que ahora asume la Secretar\u00eda de Relaciones Exteriores en sustituci\u00f3n de Claudia Ruiz Massieu; Mar\u00eda Cristina Garc\u00eda Cepeda es nombrada secretaria de Cultura por la muerte de su titular, Rafael Tovar y de Teresa. Otros cambios en el gabinete al final del a\u00f1o fueron la salida del titular de la Secretar\u00eda de Hacienda y Cr\u00e9dito P\u00fablico (SHCP) Jos\u00e9 Antonio Meade, que es relevado por Jos\u00e9 Antonio Gonz\u00e1lez Anaya; Jos\u00e9 Carlos Trevi\u00f1o es nombrado director de Pemex; Aurelio Nu\u00f1o Mayer deja la Secretar\u00eda de Educaci\u00f3n P\u00fablica y en su lugar queda Otto Granados; Mikel Arriola deja la direcci\u00f3n del IMSS y es sustituido por Tuffic Miguel Ortega.<\/p>\n<p style=\"text-align: justify;\">4.- Un grupo de especialistas designa a los cinco ciudadanos del comit\u00e9 anticorrupci\u00f3n: Mariclaire Acosta, Alfonso Hern\u00e1ndez, Jos\u00e9 Octavio L\u00f3pez Presa, Luis Manuel P\u00e9rez de Acha y Jacqueline Peschard. Estos nombramientos no son sujetos de veto del gobierno ni de los legisladores. La primera que encabez\u00f3 el comit\u00e9 es Jacqueline Peschard, quien ya saldr\u00e1 del comit\u00e9 y deber\u00e1 ser sustituida, dejando la presidencia rotativa a Mariclaire Acosta.<\/p>\n<p style=\"text-align: justify;\">5.- Se realizan elecciones a gobernador en Nayarit, Coahuila y el Estado de M\u00e9xico; el PRI pierde el gobierno en Nayarit ante la alianza PAN-PRD y conserva los otros dos.<\/p>\n<p style=\"text-align: justify;\">6.- Joaqu\u00edn el Chapo Guzm\u00e1n es extraditado a Estados Unidos. Y en sentido contrario ese pa\u00eds extradita a M\u00e9xico al exgobernador Mario Villanueva.<\/p>\n<p style=\"text-align: justify;\">7.- Aprueba el Senado el uso de mariguana medicinal; este resultado estaba previsto pero no se dio el brinco hasta la aprobaci\u00f3n del uso recreativo.<\/p>\n<p style=\"text-align: justify;\">8.- Luego de seis meses pr\u00f3fugo, es detenido en Guatemala y extraditado a M\u00e9xico el exgobernador de Veracruz Javier Duarte de Ochoa, enfrenta cargos por su probable responsabilidad en delitos de delincuencia organizada y operaciones con recursos de procedencia il\u00edcita; tambi\u00e9n capturan en Italia a Tom\u00e1s Yarrington, exgobernador de Tamaulipas que enfrenta cargos en EU por lavado de dinero. El exgobernador de Quintana Roo, Roberto Borge, acusado de delitos de operaciones con recursos de procedencia il\u00edcita, es detenido en Panam\u00e1, donde espera su extradici\u00f3n a M\u00e9xico; PGR gira orden de aprehensi\u00f3n contra C\u00e9sar Duarte, exgobernador de Chihuahua por los delitos de peculado; y por \u00faltimo la Procuradur\u00eda General de Justicia del Estado de Tamaulipas cumpliment\u00f3 una orden de aprehensi\u00f3n en contra de Eugenio Hern\u00e1ndez Flores, exgobernador de Tamaulipas, acusado de los delitos de peculado y lavado de dinero; Estados Unidos solicita oficialmente su extradici\u00f3n, con lo que suman tres los exgobernadores que est\u00e1n siendo requeridos por la justicia estadounidense para ser juzgados por los delitos de lavado de dinero en cortes federales de Texas.<\/p>\n<p style=\"text-align: justify;\">9.- El exfiscal de Nayarit, Edgar Veytia, es detenido en San Diego, acusado de conspirar con otras personas para distribuir e introducir droga a territorio estadounidense (la detenci\u00f3n se da cuando a\u00fan estaba en funciones como fiscal de ese estado).<\/p>\n<p style=\"text-align: justify;\">10.- En septiembre ocurren dos fuertes sismos que afectan estados del sur del pa\u00eds y la Ciudad de M\u00e9xico entre otros lugares; hay cientos de muertos y heridos adem\u00e1s de intensos da\u00f1os; se destaca la solidaridad ciudadana y la reacci\u00f3n operativa de los gobiernos.<\/p>\n<p style=\"text-align: justify;\">En esta primera parte de la lista vemos muchos eventos relacionados con la econom\u00eda, la inseguridad, la corrupci\u00f3n, muy presente pero primordialmente la tragedia e impacto de los sismos de septiembre, que adem\u00e1s evidenciaron actos de hero\u00edsmo y de corrupci\u00f3n.<\/p>\n<p style=\"text-align: justify;\">En la siguiente entrega continuar\u00e9 listando lo que para m\u00ed fue lo destacable en t\u00e9rminos noticiosos y sociales del 2017.<\/p>\n","protected":false},"excerpt":{"rendered":"<p>Como cada a\u00f1o, trato de hacer una recopilaci\u00f3n de aquellas noticias que a lo largo de 12 meses movieron las opiniones, aparecieron de forma importante en los medios, formaron parte de las conversaciones ciudadanas, generaron reacciones de los actores pol\u00edticos o simplemente por su importancia debemos considerarlas como relevantes en la formaci\u00f3n de opini\u00f3n p\u00fablica; [&hellip;]<\/p>\n","protected":false},"author":6,"featured_media":0,"comment_status":"open","ping_status":"open","sticky":false,"template":"","format":"standard","meta":{"_acf_changed":false,"_monsterinsights_skip_tracking":false,"slim_seo":{"title":"Los eventos que impactaron a M\u00e9xico en el 2017 (1\/3) - Opini\u00f3n P\u00fablica","description":"Como cada a\u00f1o, trato de hacer una recopilaci\u00f3n de aquellas noticias que a lo largo de 12 meses movieron las opiniones, aparecieron de forma importante en los me"},"footnotes":""},"categories":[35],"tags":[],"class_list":["post-16150","post","type-post","status-publish","format-standard","hentry","category-roy-campos-opina"],"acf":[],"_links":{"self":[{"href":"https:\/\/www.opinionpublica.tv\/portada\/wp-json\/wp\/v2\/posts\/16150","targetHints":{"allow":["GET"]}}],"collection":[{"href":"https:\/\/www.opinionpublica.tv\/portada\/wp-json\/wp\/v2\/posts"}],"about":[{"href":"https:\/\/www.opinionpublica.tv\/portada\/wp-json\/wp\/v2\/types\/post"}],"author":[{"embeddable":true,"href":"https:\/\/www.opinionpublica.tv\/portada\/wp-json\/wp\/v2\/users\/6"}],"replies":[{"embeddable":true,"href":"https:\/\/www.opinionpublica.tv\/portada\/wp-json\/wp\/v2\/comments?post=16150"}],"version-history":[{"count":0,"href":"https:\/\/www.opinionpublica.tv\/portada\/wp-json\/wp\/v2\/posts\/16150\/revisions"}],"wp:attachment":[{"href":"https:\/\/www.opinionpublica.tv\/portada\/wp-json\/wp\/v2\/media?parent=16150"}],"wp:term":[{"taxonomy":"category","embeddable":true,"href":"https:\/\/www.opinionpublica.tv\/portada\/wp-json\/wp\/v2\/categories?post=16150"},{"taxonomy":"post_tag","embeddable":true,"href":"https:\/\/www.opinionpublica.tv\/portada\/wp-json\/wp\/v2\/tags?post=16150"}],"curies":[{"name":"wp","href":"https:\/\/api.w.org\/{rel}","templated":true}]}}