{"id":16140,"date":"2018-01-02T07:00:00","date_gmt":"2018-01-02T06:00:00","guid":{"rendered":"https:\/\/www.opinionpublica.tv\/portada\/2018\/01\/02\/fue-2017-el-ano-mas-violento-del-gobierno-del-presidente-pena-nieto\/"},"modified":"2018-01-02T07:00:00","modified_gmt":"2018-01-02T06:00:00","slug":"fue-2017-el-ano-mas-violento-del-gobierno-del-presidente-pena-nieto","status":"publish","type":"post","link":"https:\/\/www.opinionpublica.tv\/portada\/fue-2017-el-ano-mas-violento-del-gobierno-del-presidente-pena-nieto\/","title":{"rendered":"El 2017, ha sido el a\u00f1o m\u00e1s violento del gobierno del presidente Pe\u00f1a Nieto"},"content":{"rendered":"<p><img fetchpriority=\"high\" decoding=\"async\" class=\" size-full wp-image-16139\" src=\"https:\/\/www.opinionpublica.tv\/portada\/wp-content\/uploads\/2018\/01\/96edda9acfffdc9feec33917b21a707c.jpg\" alt=\"\" class=\"caption\" title=\"La violencia en M\u00e9xico registra los \u00edndices m\u00e1s altos de toda la historia de este pa\u00eds.\" width=\"650\" height=\"433\" srcset=\"https:\/\/www.opinionpublica.tv\/portada\/wp-content\/uploads\/2018\/01\/96edda9acfffdc9feec33917b21a707c.jpg 650w, https:\/\/www.opinionpublica.tv\/portada\/wp-content\/uploads\/2018\/01\/96edda9acfffdc9feec33917b21a707c-300x200.jpg 300w\" sizes=\"(max-width: 650px) 100vw, 650px\" \/><br \/>\n<!--more--><\/p>\n<p style=\"text-align: justify;\"><em>Ciudad de M\u00e9xico<\/em>.- Con casi 10 mil ejecuciones, 2017 cerr\u00f3 como el a\u00f1o m\u00e1s violento de la administraci\u00f3n del presidente Enrique Pe\u00f1a Nieto, una cifra 59% mayor a la de 2016.<\/p>\n<p style=\"text-align: justify;\">Los cr\u00edmenes violentos tuvieron lugar en 655 de los 2 mil 446 municipios del pa\u00eds en 30 entidades, recogi\u00f3 el diario\u00a0<em>Reforma\u00a0<\/em>a lo largo del a\u00f1o.<\/p>\n<p style=\"text-align: justify;\">S\u00f3lo en Yucat\u00e1n y Campeche no hubo registros.<\/p>\n<p style=\"text-align: justify;\">Los estados que reportaron un incremento cr\u00edtico de homicidios fueron Baja California, Baja California Sur, Colima, Guanajuato, Jalisco, Nayarit, Quintana Roo, San Luis Potos\u00ed y Veracruz.<\/p>\n<p style=\"text-align: justify;\">Los\u00a0<a href=\"http:\/\/secretariadoejecutivo.gob.mx\/incidencia-delictiva\/incidencia-delictiva-acumulado.php\">datos m\u00e1s recientes\u00a0<\/a>del Secretariado Ejecutivo del Sistema Nacional de Seguridad P\u00fablica (SESNSP), actualizados hasta noviembre de 2017, se\u00f1alan que se han cometido en el pa\u00eds un mill\u00f3n 668 mil 316 delitos.<\/p>\n<p style=\"text-align: justify;\">La entidad donde m\u00e1s se delinqui\u00f3 en 2017 fue el Estado de M\u00e9xico, con 266 mil 463 delitos denunciados, con base en el \u00faltimo corte del SESNSP.<\/p>\n<p style=\"text-align: justify;\">Las mayores cifras se registraron en Nuevo L\u00e9on con 78 mil 134; Baja California, 93 mil 921; Guanajuato, 108 mil 147; Jalisco, 108 mil 388; Ciudad de M\u00e9xico, 186 mil 949 y el Estado de M\u00e9xico con 266 mil 463. (HuffPost M\u00e9xico)<\/p>\n","protected":false},"excerpt":{"rendered":"","protected":false},"author":6,"featured_media":16139,"comment_status":"open","ping_status":"open","sticky":false,"template":"","format":"standard","meta":{"_acf_changed":false,"_monsterinsights_skip_tracking":false,"slim_seo":{"title":"El 2017, ha sido el a\u00f1o m\u00e1s violento del gobierno del presidente Pe\u00f1a Nieto - Opini\u00f3n P\u00fablica","description":"Ciudad de M\u00e9xico .- Con casi 10 mil ejecuciones, 2017 cerr\u00f3 como el a\u00f1o m\u00e1s violento de la administraci\u00f3n del presidente Enrique Pe\u00f1a Nieto, una cifra 59% mayor"},"footnotes":""},"categories":[3],"tags":[],"class_list":["post-16140","post","type-post","status-publish","format-standard","has-post-thumbnail","hentry","category-principal"],"acf":[],"_links":{"self":[{"href":"https:\/\/www.opinionpublica.tv\/portada\/wp-json\/wp\/v2\/posts\/16140","targetHints":{"allow":["GET"]}}],"collection":[{"href":"https:\/\/www.opinionpublica.tv\/portada\/wp-json\/wp\/v2\/posts"}],"about":[{"href":"https:\/\/www.opinionpublica.tv\/portada\/wp-json\/wp\/v2\/types\/post"}],"author":[{"embeddable":true,"href":"https:\/\/www.opinionpublica.tv\/portada\/wp-json\/wp\/v2\/users\/6"}],"replies":[{"embeddable":true,"href":"https:\/\/www.opinionpublica.tv\/portada\/wp-json\/wp\/v2\/comments?post=16140"}],"version-history":[{"count":0,"href":"https:\/\/www.opinionpublica.tv\/portada\/wp-json\/wp\/v2\/posts\/16140\/revisions"}],"wp:featuredmedia":[{"embeddable":true,"href":"https:\/\/www.opinionpublica.tv\/portada\/wp-json\/wp\/v2\/media\/16139"}],"wp:attachment":[{"href":"https:\/\/www.opinionpublica.tv\/portada\/wp-json\/wp\/v2\/media?parent=16140"}],"wp:term":[{"taxonomy":"category","embeddable":true,"href":"https:\/\/www.opinionpublica.tv\/portada\/wp-json\/wp\/v2\/categories?post=16140"},{"taxonomy":"post_tag","embeddable":true,"href":"https:\/\/www.opinionpublica.tv\/portada\/wp-json\/wp\/v2\/tags?post=16140"}],"curies":[{"name":"wp","href":"https:\/\/api.w.org\/{rel}","templated":true}]}}