{"id":16138,"date":"2018-01-01T07:00:00","date_gmt":"2018-01-01T06:00:00","guid":{"rendered":"https:\/\/www.opinionpublica.tv\/portada\/2018\/01\/01\/agenda-2018-esto-y-mas-que-le-espera-a-mexico-en-este-nuevo-ano\/"},"modified":"2018-01-01T07:00:00","modified_gmt":"2018-01-01T06:00:00","slug":"agenda-2018-esto-y-mas-que-le-espera-a-mexico-en-este-nuevo-ano","status":"publish","type":"post","link":"https:\/\/www.opinionpublica.tv\/portada\/agenda-2018-esto-y-mas-que-le-espera-a-mexico-en-este-nuevo-ano\/","title":{"rendered":"Agenda social y pol\u00edtica 2018; esto y m\u00e1s que le espera a M\u00e9xico durante este nuevo a\u00f1o"},"content":{"rendered":"<p><img fetchpriority=\"high\" decoding=\"async\" class=\" size-full wp-image-16127\" src=\"https:\/\/www.opinionpublica.tv\/portada\/wp-content\/uploads\/2018\/01\/5c2add372e133454532882542eb4d6b5.jpg\" alt=\"\" class=\"caption\" title=\"La elecci\u00f3n presidencial ser\u00e1 la m\u00e1s compleja de la historia de M\u00e9xico en este 2018.\" width=\"640\" height=\"360\" srcset=\"https:\/\/www.opinionpublica.tv\/portada\/wp-content\/uploads\/2018\/01\/5c2add372e133454532882542eb4d6b5.jpg 640w, https:\/\/www.opinionpublica.tv\/portada\/wp-content\/uploads\/2018\/01\/5c2add372e133454532882542eb4d6b5-300x169.jpg 300w\" sizes=\"(max-width: 640px) 100vw, 640px\" \/><br \/>\n<!--more--><\/p>\n<p style=\"text-align: justify;\"><em>Ciudad de M\u00e9xico<\/em>.- En este a\u00f1o que reci\u00e9n inicia, M\u00e9xico definir\u00e1 en los comicios de verano su camino a la segunda d\u00e9cada del siglo XXI al elegir el presidente del pa\u00eds para el periodo 2018-2024, a 628 miembros del Congreso de la Uni\u00f3n, y autoridades en 30 estados, como gobernadores, diputados y ayuntamientos.<\/p>\n<p style=\"text-align: justify;\">Adem\u00e1s la conflictiva relaci\u00f3n con Estados Unidos por los continuos desplantes del presidente Donald Trump, la incertidumbre del resultado de la negociaci\u00f3n del Tratado de Libre Comercio de Am\u00e9rica del Norte (TLCAN) o el impacto econ\u00f3mico de la reforma fiscal aprobada por el Congreso estadounidense constituyen otro factor de enorme trascendencia para el futuro del pa\u00eds.<\/p>\n<p style=\"text-align: justify;\">Esto es parte de lo que le espera al pa\u00eds los pr\u00f3ximos 364 d\u00edas:<\/p>\n<p style=\"text-align: justify;\"><strong>4 de enero &#8211; Roberto Borge<\/strong><\/p>\n<p style=\"text-align: justify;\"><img decoding=\"async\" class=\" size-full wp-image-16128\" src=\"https:\/\/www.opinionpublica.tv\/portada\/wp-content\/uploads\/2018\/01\/borge.jpeg\" width=\"602\" height=\"401\" srcset=\"https:\/\/www.opinionpublica.tv\/portada\/wp-content\/uploads\/2018\/01\/borge.jpeg 630w, https:\/\/www.opinionpublica.tv\/portada\/wp-content\/uploads\/2018\/01\/borge-300x200.jpeg 300w\" sizes=\"(max-width: 602px) 100vw, 602px\" \/><\/p>\n<p style=\"text-align: justify;\">El gobierno paname\u00f1o extraditar\u00e1 enero a M\u00e9xico al ex gobernador de Quintana Roo,\u00a0Roberto Borge, quien es reclamado por la justicia mexicana por cargos de peculado, desempe\u00f1o irregular de la funci\u00f3n p\u00fablica y aprovechamiento il\u00edcito de poder.<\/p>\n<p style=\"text-align: justify;\">La embajada de M\u00e9xico en Panam\u00e1 \u00abha confirmado a la canciller\u00eda que el 4 de enero a las 10H00 locales (09:00 horas, tiempo de M\u00e9xico), autoridades mexicanas vienen a buscar al se\u00f1or Borge en un avi\u00f3n oficial\u00bb, seg\u00fan el gobierno paname\u00f1o citado por AFP.<\/p>\n<p style=\"text-align: justify;\">Borge, quien el viernes pasado cumpli\u00f3 38 a\u00f1os, ser\u00e1 entregado a las autoridades mexicanas en el aeropuerto de Howard, a las afueras de Ciudad de Panam\u00e1. Estuvo detenido en Panam\u00e1 por siete meses cuando\u00a0trataba de tomar un vuelo a Par\u00eds, Francia.<\/p>\n<p style=\"text-align: justify;\"><strong>22 de enero &#8211; De qu\u00e9 m\u00e1s se enter\u00f3 la PGR sobre Javier Duarte<\/strong><\/p>\n<p style=\"text-align: justify;\"><img decoding=\"async\" class=\" size-full wp-image-16129\" src=\"https:\/\/www.opinionpublica.tv\/portada\/wp-content\/uploads\/2018\/01\/javidu.jpeg\" width=\"600\" height=\"400\" srcset=\"https:\/\/www.opinionpublica.tv\/portada\/wp-content\/uploads\/2018\/01\/javidu.jpeg 630w, https:\/\/www.opinionpublica.tv\/portada\/wp-content\/uploads\/2018\/01\/javidu-300x200.jpeg 300w\" sizes=\"(max-width: 600px) 100vw, 600px\" \/><\/p>\n<p style=\"text-align: justify;\">Javier Duarte, ex gobernador de Veracruz, fue vinculado a proceso en julio pasado, por los delitos federales de delincuencia organizada y operaciones con recursos de procedencia il\u00edcita.<\/p>\n<p style=\"text-align: justify;\">Duarte de Ochoa permanece en el Reclusorio Norte y desde entonces, la Procuradur\u00eda General de la Rep\u00fablica (PGR) ha tenido tiempo (esperemos) para concluir su investigaci\u00f3n, por\u00a0orden del juez Gerardo Moreno Garc\u00eda. El plazo para esto ser\u00e1 el pr\u00f3ximo 22 de enero.<\/p>\n<p style=\"text-align: justify;\">El juez concluy\u00f3 iniciar un juicio tras la presentaci\u00f3n de 82 pruebas de la PGR, que hacen suponer \u00abla participaci\u00f3n del imputado en los delitos de delincuencia organizada y de operaciones con recursos de procedencia il\u00edcita\u00bb.<\/p>\n<p style=\"text-align: justify;\">Al explicar el sentido de su decisi\u00f3n, Moreno Garc\u00eda detall\u00f3 que su fallo no es una sentencia condenatoria, pues al momento solo existe la probabilidad de que el ex mandatario se haya visto involucrado en la comisi\u00f3n de actos delictivos, lo cual deber\u00e1 ser comprobado plenamente por la PGR durante el proceso.<\/p>\n<p style=\"text-align: justify;\">\u00a0<\/p>\n<p style=\"text-align: justify;\"><strong>23-27 de enero &#8211; Por una ronda m\u00e1s de negociaciones del TLCAN<\/strong><\/p>\n<p style=\"text-align: justify;\"><img loading=\"lazy\" decoding=\"async\" class=\" size-full wp-image-16130\" src=\"https:\/\/www.opinionpublica.tv\/portada\/wp-content\/uploads\/2018\/01\/tlcan.jpeg\" width=\"600\" height=\"400\" srcset=\"https:\/\/www.opinionpublica.tv\/portada\/wp-content\/uploads\/2018\/01\/tlcan.jpeg 630w, https:\/\/www.opinionpublica.tv\/portada\/wp-content\/uploads\/2018\/01\/tlcan-300x200.jpeg 300w\" sizes=\"(max-width: 600px) 100vw, 600px\" \/><\/p>\n<p style=\"text-align: justify;\">Antes de concluir la quinta ronda, Los negociadores del Tratado de Libre Comercio de Am\u00e9rica del Norte (TLCAN) dejaron de lado su ambiciosa propuesta de tener un acuerdo al final del 2017. Los l\u00edderes pactaron tres nuevas rondas para el primer trimestre de 2018.<\/p>\n<p style=\"text-align: justify;\">La primera de 2018 se realizar\u00e1 del 23 al 27 de enero en Montreal, Canad\u00e1.<\/p>\n<p style=\"text-align: justify;\">Las primeras cinco rondas de negociaciones, que iniciaron en agosto en Estados Unidos y terminaron en noviembre en Ciudad de M\u00e9xico, los equipos negociadores lograron pocos avances en temas \u00abespinosos\u00bb como reglas de origen, derechos laborales y d\u00e9ficit comercial.<\/p>\n<p style=\"text-align: justify;\">Los temas en los que se tienen menos diferencias fueron los que m\u00e1s avanzaron: telecomunicaciones, anticorrupci\u00f3n, empresas productivas del Estado, facilitaci\u00f3n comercial, procedimientos aduaneros y comercio, pero ninguno de estos cap\u00edtulos qued\u00f3 cerrado, seg\u00fan un reporte de Citibanamex.<\/p>\n<p style=\"text-align: justify;\">Pero las siguientes rondas no garantizan nada, de acuerdo con Juan Francisco Torres Landa, socio en M\u00e9xico de la firma legal Hogan Lovells. En entrevista con\u00a0<a href=\"http:\/\/expansion.mx\/economia\/2017\/12\/18\/esta-sera-la-suerte-del-tlcan-en-2018\"><em>Expansi\u00f3n<\/em><\/a>, el experto considera se postergue la negociaci\u00f3n hasta pasadas las elecciones en Estados Unidos, que son en noviembre.<\/p>\n<p style=\"text-align: justify;\"><strong>16 de abril &#8211; El juicio del Chapo<\/strong><\/p>\n<p style=\"text-align: justify;\"><img loading=\"lazy\" decoding=\"async\" class=\" size-full wp-image-16131\" src=\"https:\/\/www.opinionpublica.tv\/portada\/wp-content\/uploads\/2018\/01\/chapo.jpeg\" width=\"600\" height=\"454\" srcset=\"https:\/\/www.opinionpublica.tv\/portada\/wp-content\/uploads\/2018\/01\/chapo.jpeg 630w, https:\/\/www.opinionpublica.tv\/portada\/wp-content\/uploads\/2018\/01\/chapo-300x227.jpeg 300w\" sizes=\"(max-width: 600px) 100vw, 600px\" \/><\/p>\n<p style=\"text-align: justify;\">El narcotraficante m\u00e1s buscado de M\u00e9xico,\u00a0Joaqu\u00edn Guzm\u00e1n Loera, el Chapo, tendr\u00e1 su juicio en Estados Unidos en la primavera.<\/p>\n<p style=\"text-align: justify;\">La pr\u00f3xima audiencia para conocer el estatus del proceso de\u00a0Guzm\u00e1n Loera\u00a0se llevar\u00e1 a cabo, en principio, el 19 de enero, cuando se cumpla un a\u00f1o de su extradici\u00f3n.<\/p>\n<p style=\"text-align: justify;\">El comienzo del juicio est\u00e1 programado inicialmente para el 16 de abril, aunque la fecha puede sufrir modificaciones; la defensa del\u00a0Chapo\u00a0ha solicitado mover la fecha a septiembre debido a la alta cantidad de informaci\u00f3n que presenta el caso.<\/p>\n<p style=\"text-align: justify;\">Acusado de haber dirigido uno de los mayores imperios del narcotr\u00e1fico de las Am\u00e9ricas y de enviar m\u00e1s de 200 toneladas de coca\u00edna a Estados Unidos, Joaqu\u00edn Guzm\u00e1n, de 60 a\u00f1os, enfrenta 17 cargos. Solo el primero, dirigir el c\u00e1rtel de Sinaloa, puede implicar la cadena perpetua.<\/p>\n<p style=\"text-align: justify;\"><strong>30 de abril &#8211; Qu\u00e9 hacer con la publicidad oficial<\/strong><\/p>\n<p style=\"text-align: justify;\"><img loading=\"lazy\" decoding=\"async\" class=\" size-full wp-image-16132\" src=\"https:\/\/www.opinionpublica.tv\/portada\/wp-content\/uploads\/2018\/01\/chiapas.png\" width=\"600\" height=\"359\" srcset=\"https:\/\/www.opinionpublica.tv\/portada\/wp-content\/uploads\/2018\/01\/chiapas.png 1257w, https:\/\/www.opinionpublica.tv\/portada\/wp-content\/uploads\/2018\/01\/chiapas-300x179.png 300w, https:\/\/www.opinionpublica.tv\/portada\/wp-content\/uploads\/2018\/01\/chiapas-1024x612.png 1024w, https:\/\/www.opinionpublica.tv\/portada\/wp-content\/uploads\/2018\/01\/chiapas-768x459.png 768w\" sizes=\"(max-width: 600px) 100vw, 600px\" \/><\/p>\n<p style=\"text-align: justify;\">La Suprema Corte de Justicia de la Naci\u00f3n fij\u00f3 este d\u00eda para que el\u00a0Congreso de la Uni\u00f3n legisle sobre la regulaci\u00f3n a la publicidad oficial.<\/p>\n<p style=\"text-align: justify;\">Anteriormente asociaciones civiles como Fundar y Article 19 hicieron se\u00f1alamientos contra la falta de regulaci\u00f3n en la\u00a0publicidad oficial\u00a0y los huecos legales de las mismas.<\/p>\n<p style=\"text-align: justify;\">La anterior ley vulneraba la libertad de expresi\u00f3n, que a su vez tiene un efecto inhibidor sobre los medios comunicaci\u00f3n y periodistas, a la vez que se afecta el derecho a la informaci\u00f3n de la sociedad.<\/p>\n<p style=\"text-align: justify;\">El gobierno federal ha recortado el gasto en salud y desarrollo social mientras gast\u00f3\u00a037 mil 725 millones de pesos (mdp) en publicidad oficial desde que comenz\u00f3 su sexenio a junio de 2017. Un monto que supera en un 71.86% el dinero aprobado por el Congreso de 2013 a 2016.<\/p>\n<p style=\"text-align: justify;\">De este modo, la administraci\u00f3n de Enrique Pe\u00f1a Nieto ha sobreejercido 15 mil millones de pesos durante los primeros cuatro a\u00f1os de su administraci\u00f3n, de acuerdo con el informe\u00a0<em>Contar lo bueno cuesta mucho. El gasto en publicidad oficial del gobierno federal 2013 a 2016<\/em>, realizado por la organizaci\u00f3n Fundar.<\/p>\n<p style=\"text-align: justify;\">Recientemente, el diario estadounidense\u00a0<em>The New York Times<\/em><em>\u00a0<\/em>provoc\u00f3 pol\u00e9mica en M\u00e9xico por un reportaje sobre c\u00f3mo\u00a0\u00abel gobierno mexicano controla los medios de comunicaci\u00f3n\u00bb\u00a0con su enorme presupuesto de publicidad oficial, luego de que los medios aludidos en el texto cuestionaron la calidad del trabajo period\u00edstico del diario estadounidense.<\/p>\n<p style=\"text-align: justify;\"><strong>17 de junio &#8211; Nos vamos al Mundial<\/strong><\/p>\n<p style=\"text-align: justify;\"><img loading=\"lazy\" decoding=\"async\" class=\" size-full wp-image-16133\" src=\"https:\/\/www.opinionpublica.tv\/portada\/wp-content\/uploads\/2018\/01\/mundial.jpeg\" width=\"601\" height=\"450\" srcset=\"https:\/\/www.opinionpublica.tv\/portada\/wp-content\/uploads\/2018\/01\/mundial.jpeg 630w, https:\/\/www.opinionpublica.tv\/portada\/wp-content\/uploads\/2018\/01\/mundial-300x225.jpeg 300w\" sizes=\"(max-width: 601px) 100vw, 601px\" \/><\/p>\n<p style=\"text-align: justify;\">La Selecci\u00f3n Mexicana de futbol fue el quinto equipo en clasificar para el pr\u00f3ximo Mundial Rusia 2018, con la esperanza de lograr, ahora s\u00ed, el tan so\u00f1ado quinto partido.<\/p>\n<p style=\"text-align: justify;\">Pero a\u00fan est\u00e1 por verse si se logra el cuarto: M\u00e9xico sali\u00f3 en el Grupo F y \u00able toc\u00f3 jugar con la m\u00e1s fea\u00bb, pues tiene uno de los grupos m\u00e1s complicados del certamen con Alemania, Suecia y Corea del Sur.<\/p>\n<p style=\"text-align: justify;\">El entrenador de la selecci\u00f3n mexicana, el colombiano Juan Carlos Osorio, reconoci\u00f3 que es un grupo dif\u00edcil, pero dijo que le ilusiona y que esperaba competir \u00abde igual a igual\u00bb.<\/p>\n<p style=\"text-align: justify;\">\u00abVamos a competir contra el n\u00famero uno del mundo, el campe\u00f3n del mundo. Es un excelente equipo, un ejemplo a seguir\u00bb, dijo Osorio sobre su rival Alemania, al t\u00e9rmino del\u00a0sorteo celebrado en Mosc\u00fa en diciembre pasado.<\/p>\n<p style=\"text-align: justify;\">En su debut, el 17 de junio, M\u00e9xico enfrentar\u00e1 en Mosc\u00fa a Alemania, en el que es el partido m\u00e1s complicado para el Tri en la fase de grupos.<\/p>\n<p style=\"text-align: justify;\">Posteriormente, el Tri viajar\u00e1 a Rostov del Don para enfrentar a Corea del Sur el s\u00e1bado 23 de junio, y el mi\u00e9rcoles 27, cerrar\u00e1 contra Suecia en la ciudad de Ekaterimburgo.<\/p>\n<p style=\"text-align: justify;\"><strong>1 de julio &#8211; M\u00e9xico, a las votaciones<\/strong><\/p>\n<p style=\"text-align: justify;\"><img loading=\"lazy\" decoding=\"async\" class=\" size-full wp-image-16134\" src=\"https:\/\/www.opinionpublica.tv\/portada\/wp-content\/uploads\/2018\/01\/votos18.jpg\" width=\"599\" height=\"379\" srcset=\"https:\/\/www.opinionpublica.tv\/portada\/wp-content\/uploads\/2018\/01\/votos18.jpg 1024w, https:\/\/www.opinionpublica.tv\/portada\/wp-content\/uploads\/2018\/01\/votos18-300x190.jpg 300w, https:\/\/www.opinionpublica.tv\/portada\/wp-content\/uploads\/2018\/01\/votos18-768x485.jpg 768w\" sizes=\"(max-width: 599px) 100vw, 599px\" \/><\/p>\n<p style=\"text-align: justify;\">M\u00e1s de 87 millones de personas con credencial de votar tendr\u00e1n la decisi\u00f3n de elegir al sucesor del presidente Enrique Pe\u00f1a Nieto, en medio de un recrudecimiento de la violencia y de una relaci\u00f3n complicada con\u00a0<a href=\"http:\/\/www.huffingtonpost.com.mx\/news\/donald-trump\/\">Donald Trum<\/a>p.<\/p>\n<p style=\"text-align: justify;\">El presupuesto de este proceso alcanza los 1 mil 217 millones de d\u00f3lares (mdd), el m\u00e1s grande de la historia solicitado por el Instituto Nacional Electoral (INE) para la organizaci\u00f3n y financiaci\u00f3n de los partidos pol\u00edticos registrados.<\/p>\n<p style=\"text-align: justify;\">El proceso electoral se puso en marcha el pasado 16 de septiembre y cerr\u00f3 el a\u00f1o en plena precampa\u00f1a que culminar\u00e1 el 11 de febrero cuando los partidos formalizar\u00e1n los nombres de sus candidatos.<\/p>\n<p style=\"text-align: justify;\">A nivel local se votar\u00e1 para elegir a 8 gobernadores (Chiapas, Guanajuato, Jalisco, Morelos, Puebla, Tabasco, Veracruz y Yucat\u00e1n), 1 jefe de gobierno (Ciudad de M\u00e9xico), 972 diputados locales, 1,597 ayuntamientos, 184 concejales y 16 alcald\u00edas; para un total de 3 mil 407 cargos de elecci\u00f3n.<\/p>\n<p style=\"text-align: justify;\">La decisi\u00f3n para elegir al sucesor de Pe\u00f1a Nieto estar\u00e1 marcado por un generalizado descontento con la actual presidencia y con un marcado recuerdo de que 2017 fue el a\u00f1o m\u00e1s violento durante su gobierno: un mill\u00f3n 668 mil 316 delitos, de los cuales,\u00a023 mil 101 fueron homicidios dolosos.<\/p>\n<p style=\"text-align: justify;\"><strong>2 de octubre &#8211; 50 a\u00f1os del \u00abNo se Olvida\u00bb<\/strong><\/p>\n<p style=\"text-align: justify;\"><img loading=\"lazy\" decoding=\"async\" class=\" size-full wp-image-16135\" src=\"https:\/\/www.opinionpublica.tv\/portada\/wp-content\/uploads\/2018\/01\/dosoctubre.jpeg\" width=\"600\" height=\"604\" srcset=\"https:\/\/www.opinionpublica.tv\/portada\/wp-content\/uploads\/2018\/01\/dosoctubre.jpeg 630w, https:\/\/www.opinionpublica.tv\/portada\/wp-content\/uploads\/2018\/01\/dosoctubre-298x300.jpeg 298w, https:\/\/www.opinionpublica.tv\/portada\/wp-content\/uploads\/2018\/01\/dosoctubre-150x150.jpeg 150w\" sizes=\"(max-width: 600px) 100vw, 600px\" \/><\/p>\n<p style=\"text-align: justify;\">1968 se convirti\u00f3 en el a\u00f1o de la rebeli\u00f3n de los j\u00f3venes. Los movimientos generados a mediados de la d\u00e9cada de 1960 en Estados Unidos, China, Alemania y Francia se propagaron en Europa y Am\u00e9rica Latina.<\/p>\n<p style=\"text-align: justify;\">En M\u00e9xico, el movimiento se origin\u00f3 a partir de la represi\u00f3n e intervenci\u00f3n militar y policial en instituciones educativas como la UNAM y el IPN. Luego de esto, formaron un frente com\u00fan, que inclu\u00eda a la mayor\u00eda de las escuelas de nivel superior y medio superior del pa\u00eds, con demandas de democratizaci\u00f3n y a favor de los derechos civiles. Todos formaron el Consejo Nacional de Huelga (CNH) para coordinar las protestas de estudiantes y acad\u00e9micos afines al movimiento.<\/p>\n<p style=\"text-align: justify;\">Durante un mitin masivo en la plaza de las Tres Culturas en Tlatelolco, las fuerzas de seguridad mataron el 2 de octubre a numerosos estudiantes (33 seg\u00fan cifras oficiales, y entre 200 y 300 seg\u00fan testigos extranjeros, de acuerdo con AFP).<\/p>\n<p style=\"text-align: justify;\">Las Fiscal\u00eda Especial para los Delitos del Pasado document\u00f3 que la\u00a0matanza\u00a0fue realizada de manera conjunta como parte de la\u00a0<em>Operaci\u00f3n Galeana<\/em>\u00a0por el grupo paramilitar denominado Batall\u00f3n Olimpia, la Direcci\u00f3n Federal de Seguridad (DFS), la entonces llamada Polic\u00eda Secreta y el Ej\u00e9rcito mexicano.<\/p>\n<p style=\"text-align: justify;\">En 2006, un magistrado federal responsabiliz\u00f3 a Luis Echeverr\u00eda, quien hace 50 a\u00f1os era secretario de Gobernaci\u00f3n y encargado de la DFS, como el\u00bbconcebidor y preparador\u00bb de la matanza de Tlatelolco, que tuvo como objetivo destruir al \u00abgrupo nacional opositor Consejo Nacional de Huelga\u00bb.<\/p>\n<p style=\"text-align: justify;\"><strong>Octubre &#8211; 50 a\u00f1os de los Juegos Ol\u00edmpicos M\u00e9xico 1968<\/strong><\/p>\n<p style=\"text-align: justify;\"><img loading=\"lazy\" decoding=\"async\" class=\" size-full wp-image-16136\" src=\"https:\/\/www.opinionpublica.tv\/portada\/wp-content\/uploads\/2018\/01\/mexico68.jpeg\" width=\"601\" height=\"569\" srcset=\"https:\/\/www.opinionpublica.tv\/portada\/wp-content\/uploads\/2018\/01\/mexico68.jpeg 630w, https:\/\/www.opinionpublica.tv\/portada\/wp-content\/uploads\/2018\/01\/mexico68-300x284.jpeg 300w\" sizes=\"(max-width: 601px) 100vw, 601px\" \/><\/p>\n<p style=\"text-align: justify;\">Diez d\u00edas despu\u00e9s de la matanza de Tlatelolco, el 12 de octubre de 1968 se celebr\u00f3 la ceremonia de apertura de las\u00a0Ol\u00edmpicos M\u00e9xico 68, los primeros juegos despu\u00e9s de dos candidaturas fallidas.<\/p>\n<p style=\"text-align: justify;\">Antes de que la ceremonia de inauguraci\u00f3n en el Estadio Ol\u00edmpico de Ciudad Universitaria terminara, se escuch\u00f3\u00a0<em>La Sandunga<\/em>, y Enriqueta Basilio lleg\u00f3 hasta el pebetero. Se trataba de la primera mujer y atleta en toda la historia ol\u00edmpica en lograr este honor.<\/p>\n<p style=\"text-align: justify;\">Pero fue tambi\u00e9n en estos juegos donde tambi\u00e9n ocurri\u00f3 un acto que escandaliz\u00f3 los Ol\u00edmpicos.<\/p>\n<p style=\"text-align: justify;\">Durante la ceremonia de premiaci\u00f3n de la carrera de 200 metros hombres, el corredor afroestadounidense Tommie Smith, medalla de oro, baj\u00f3 la cabeza y levant\u00f3 su pu\u00f1o enfundado en un guante negro hacia el cielo. Detr\u00e1s de \u00e9l, su compa\u00f1ero John Carlos, medalla de plata, se uni\u00f3 con su propio saludo del Black Power (<em>Poder Negro<\/em>), un acto de desaf\u00edo dirigido a resaltar la segregaci\u00f3n y el racismo en su tierra natal, Estados Unidos.<\/p>\n<p style=\"text-align: justify;\">Smith y Carlos fueron regresados a casa en desgracia y se les prohibi\u00f3 regresar a los Ol\u00edmpicos de por vida. Pero fueron tratados como h\u00e9roes por la comunidad negra por sacrificar su gloria personal por la causa.<\/p>\n<p style=\"text-align: justify;\">Estados Unidos viv\u00eda una d\u00e9cada de denuncias contra la segregaci\u00f3n racial en Estados Unidos. El pastor negro Martin Luther King, premio Nobel de la Paz en 1964, fue asesinado el 4 de abril de 1968 por un segregacionista blanco en Memphis (Tennessee).<\/p>\n<p style=\"text-align: justify;\"><strong>1 de diciembre &#8211; El sucesor de Pe\u00f1a Nieto<\/strong><\/p>\n<p style=\"text-align: justify;\"><img loading=\"lazy\" decoding=\"async\" class=\" size-full wp-image-16137\" src=\"https:\/\/www.opinionpublica.tv\/portada\/wp-content\/uploads\/2018\/01\/gallos2018.jpg\" width=\"600\" height=\"450\" srcset=\"https:\/\/www.opinionpublica.tv\/portada\/wp-content\/uploads\/2018\/01\/gallos2018.jpg 640w, https:\/\/www.opinionpublica.tv\/portada\/wp-content\/uploads\/2018\/01\/gallos2018-300x225.jpg 300w\" sizes=\"(max-width: 600px) 100vw, 600px\" \/><\/p>\n<p style=\"text-align: justify;\">El pri\u00edsta Pe\u00f1a Nieto deja Los Pinos y lo interesante ser\u00e1 conocer c\u00f3mo califican los mexicanos su presidencia.<\/p>\n<p style=\"text-align: justify;\">Hacia noviembre pasado, 26% de los ciudadanos aprobaba la gesti\u00f3n de Pe\u00f1a Nieto, de acuerdo con la encuesta de\u00a0Consulta Mitofsky\u00a0y\u00a0<em>El Economista<\/em>\u00a0sobre evaluaci\u00f3n presidencial.<\/p>\n<p style=\"text-align: justify;\">En este mismo trabajo se destac\u00f3 que tras 20 trimestres, el Ejecutivo federal registr\u00f3, sin embargo, un repunte de 4 puntos porcentuales en aceptaci\u00f3n ciudadana ya que en agosto pasado 22% aprob\u00f3 su desempe\u00f1o.<\/p>\n<p style=\"text-align: justify;\">Bajo este contexto, el 2018 ser\u00e1 sin duda un a\u00f1o muy interesante y de grandes retos para M\u00e9xico.<\/p>\n<p style=\"text-align: justify;\"><em>Con informaci\u00f3n de HuffPost M\u00e9xico.<\/em><\/p>\n","protected":false},"excerpt":{"rendered":"","protected":false},"author":6,"featured_media":16127,"comment_status":"open","ping_status":"open","sticky":false,"template":"","format":"standard","meta":{"_acf_changed":false,"_monsterinsights_skip_tracking":false,"slim_seo":{"title":"Agenda social y pol\u00edtica 2018; esto y m\u00e1s que le espera a M\u00e9xico durante este nuevo a\u00f1o - Opini\u00f3n P\u00fablica","description":"Ciudad de M\u00e9xico .- En este a\u00f1o que reci\u00e9n inicia, M\u00e9xico definir\u00e1 en los comicios de verano su camino a la segunda d\u00e9cada del siglo XXI al elegir el presidente"},"footnotes":""},"categories":[3],"tags":[],"class_list":["post-16138","post","type-post","status-publish","format-standard","has-post-thumbnail","hentry","category-principal"],"acf":[],"_links":{"self":[{"href":"https:\/\/www.opinionpublica.tv\/portada\/wp-json\/wp\/v2\/posts\/16138","targetHints":{"allow":["GET"]}}],"collection":[{"href":"https:\/\/www.opinionpublica.tv\/portada\/wp-json\/wp\/v2\/posts"}],"about":[{"href":"https:\/\/www.opinionpublica.tv\/portada\/wp-json\/wp\/v2\/types\/post"}],"author":[{"embeddable":true,"href":"https:\/\/www.opinionpublica.tv\/portada\/wp-json\/wp\/v2\/users\/6"}],"replies":[{"embeddable":true,"href":"https:\/\/www.opinionpublica.tv\/portada\/wp-json\/wp\/v2\/comments?post=16138"}],"version-history":[{"count":0,"href":"https:\/\/www.opinionpublica.tv\/portada\/wp-json\/wp\/v2\/posts\/16138\/revisions"}],"wp:featuredmedia":[{"embeddable":true,"href":"https:\/\/www.opinionpublica.tv\/portada\/wp-json\/wp\/v2\/media\/16127"}],"wp:attachment":[{"href":"https:\/\/www.opinionpublica.tv\/portada\/wp-json\/wp\/v2\/media?parent=16138"}],"wp:term":[{"taxonomy":"category","embeddable":true,"href":"https:\/\/www.opinionpublica.tv\/portada\/wp-json\/wp\/v2\/categories?post=16138"},{"taxonomy":"post_tag","embeddable":true,"href":"https:\/\/www.opinionpublica.tv\/portada\/wp-json\/wp\/v2\/tags?post=16138"}],"curies":[{"name":"wp","href":"https:\/\/api.w.org\/{rel}","templated":true}]}}