{"id":16050,"date":"2017-12-19T07:00:00","date_gmt":"2017-12-19T06:00:00","guid":{"rendered":"https:\/\/www.opinionpublica.tv\/portada\/2017\/12\/19\/nos-dice-aldeanos-y-nos-quiere-tratar-como-estupidos\/"},"modified":"2017-12-19T07:00:00","modified_gmt":"2017-12-19T06:00:00","slug":"nos-dice-aldeanos-y-nos-quiere-tratar-como-estupidos","status":"publish","type":"post","link":"https:\/\/www.opinionpublica.tv\/portada\/nos-dice-aldeanos-y-nos-quiere-tratar-como-estupidos\/","title":{"rendered":"Nos dice aldeanos y nos quiere tratar como est\u00fapidos"},"content":{"rendered":"<p style=\"text-align: justify;\">Este martes\u00a0se cumplen ya 3 meses de que el Congreso del Estado aprobara la deuda p\u00fablica por m\u00e1s de 20,400 millones de pesos, solicitada con mucha insistencia por el gobernador Javier Corral Jurado, quien explicaba directamente o a trav\u00e9s de sus \u201cexpertos\u201d en finanzas p\u00fablicas que era urgente que el Legislativo aprobara el nuevo empr\u00e9stito porque el gobierno estaba pagando el equivalente a 1 mill\u00f3n de pesos diarios por concepto de intereses y no pod\u00eda sostenerse tal situaci\u00f3n.<\/p>\n<p><!--more--><\/p>\n<p style=\"text-align: justify;\">Aqu\u00ed cabe hacer un par\u00e9ntesis; el gobernador en alguna ocasi\u00f3n mencion\u00f3 que el monto era de unos 700 mil pesos diarios, mientras que su director general de Egresos, Eduardo Fern\u00e1ndez Herrera, declar\u00f3 que era un mill\u00f3n, seg\u00fan la nota manejada en la p\u00e1gina del gobierno del estado, y que se puede consultar en la siguiente liga:\u00a0http:\/\/www.chihuahua.gob.mx\/con-renegociacion-se-ahorraria-un-millon-de-pesos-diarios-en-pago-de-intereses. Por la experiencia del funcionario de Hacienda y la falta de conocimiento de las finanzas p\u00fablicas del gobernador, creo que debemos hacer caso al experto en el tema.<\/p>\n<p style=\"text-align: justify;\">Una vez explicado lo anterior, sabemos entonces que la semana pr\u00f3xima habr\u00e1n de cumplirse 90 d\u00edas, desde que fue aprobada la reestructuraci\u00f3n de la deuda en septiembre pasado, lo que equivale a 90 millones de pesos tirados a la basura, de acuerdo a la misma informaci\u00f3n que el mandatario utilizara para calmar el se\u00f1alamiento medi\u00e1tico por la repentina solicitud de deuda p\u00fablica, despu\u00e9s de tantos a\u00f1os de se\u00f1alar con dedo de fuego a los gobiernos que se atrev\u00edan a solicitar prestado, aunque fuera para cumplir el mismo prop\u00f3sito que \u00e9l argumentara ahora, reestructurar la deuda.<\/p>\n<p style=\"text-align: justify;\">Pero la prisa de pronto se acab\u00f3, despu\u00e9s ya no hubo ruido, tal vez porque el objetivo de la deuda se hab\u00eda alcanzado, pero lo que no se entiende es que permanezcan as\u00ed, sin mover un dedo, porque entendemos que la deuda avanza y los intereses se siguen cobrando. Al menos en dos ocasiones el propio gobierno del estado ha postergado la subasta de la deuda, dejando vestidos y alborotados a los banqueros que est\u00e1n interesados en el proyecto de reestructuraci\u00f3n, pero, con la mano en la cintura y como si el dinero nos sobrara, el gobernador Javier Corral simplemente aplaza los momentos para la negociaci\u00f3n, pero sin decir nada, sin explicar porqu\u00e9 raz\u00f3n tira un mill\u00f3n de pesos diarios. \u00bfNo que la austeridad ser\u00eda la otra faceta de este gobierno?. Pues no, era solo discurso.<\/p>\n<p style=\"text-align: justify;\">Y si este tema de la deuda p\u00fablica y la falta de escr\u00fapulos para tirar tanto dinero a la basura a algunos les parece excesivo, me parece que no es lo peor, considero que lo que escuchamos esta semana que termina, de la propia boca del gobernador, es una de las peores sandeces que ha dicho, y miren que ha hablado mucho y durante bastante tiempo.<\/p>\n<p style=\"text-align: justify;\">Ahora resulta que debemos estar agradecidos por su benevolencia, puesto que asegur\u00f3 que los partidos pol\u00edticos que coinciden en el Frente por M\u00e9xico: PAN, PRD y Movimiento Ciudadano, le suplicaron que fuera candidato a la presidencia de la Rep\u00fablica de dicha alianza, pero como est\u00e1 tan concentrado en su funci\u00f3n de gobernador de esta aldea, les dijo palabras m\u00e1s, palabras menos, que no, que no es su momento y que se dedicar\u00e1 en cuerpo y alma a su presente actividad, que apoyar\u00e1 al presidente nacional del PAN, Ricardo Anaya Cort\u00e9s.<\/p>\n<p style=\"text-align: justify;\">Me parece que los chihuahuenses, realmente somos concebidos por Corral como \u201caldeanos\u201d, hay que recordar aquella frase hiriente pero nacida de lo m\u00e1s profundo de su ser, que articulara hace unos meses luego de que fuera criticado por haber tra\u00eddo a departir a sus compas de la izquierda y de otras corrientes, a un evento costeado por todos los chihuahuenses: \u201cLos chihuahuenses no \u00fanicamente debemos ser actores de los trascendentales cambios por venir, sino ser punteros. El Encuentro Chihuahua fue un gran paso para dejar atr\u00e1s al aldeanismo pol\u00edtico que nos hab\u00eda caracterizado\u201d, dijo en aquel entonces.<\/p>\n<p style=\"text-align: justify;\">Con ese desprecio ahora nos trata como est\u00fapidos al decir que era el elegido, como si ignor\u00e1semos lo que sucede en el resto del pa\u00eds, sobretodo el agandalle de la candidatura presidencial de Ricardo Anaya, quien hizo todo lo imposible para quedarse como el ungido del frente, compartiendo algunas migajas a los aliados, pero demostrando que \u00e9l siempre tuvo la intenci\u00f3n de hacerse de la candidatura, desde que lleg\u00f3 a la presidencia nacional del PAN hizo lo necesario para ello, los spots desde entonces no dicen otra cosa. No en vano recorri\u00f3 medio pa\u00eds en agosto, cuando vino al mencionado Encuentro Chihuahua convocado por Javier Corral en palacio de gobierno, sino para hacerse notar, para aprovechar este escenario. O \u00bfalguien duda que si Corral tuviera posibilidades de la candidatura presidencial hubiese venido a reforzarlo su principal adversario al interior del PAN?.<\/p>\n<p style=\"text-align: justify;\">Decir que tanto el PRD, MC como el PAN le pidieron ser el candidato y luego rechazarlo, es decir que \u00e9l no es Corral, pero tambi\u00e9n es una grave ofensa a la inteligencia de miles de chihuahuenses que votaron por \u00e9l y creen en sus promesas de campa\u00f1a, en su oferta pol\u00edtica, y muchos en su oferta ideol\u00f3gica. Tambi\u00e9n es una ofensa para los que no votamos por \u00e9l, por quienes no creemos en sus promesas, pero que vivimos en Chihuahua y confiamos en las instituciones. Es una ofensa para aquellos que le es indiferente la pol\u00edtica, la partidista y la oficial, aquellos que ni en el mundo lo hacen, aun siendo gobernador, pero que tambi\u00e9n son chihuahuenses, que merecen respeto y un gobierno que vea por sus intereses.<\/p>\n<p style=\"text-align: justify;\">El gobernador Corral extralimita sus funciones y subestima la inteligencia de los chihuahuenses, que si bien, creyeron que pod\u00eda representar el cambio, creyeron en tantos compromisos de campa\u00f1a pero ahora una buena parte se encuentran desenga\u00f1ados, convencidos del error, de haber apoyado su causa y ahora estar recibiendo trato de aldeanos despreciados, por un citadino que se siente superior a cualquiera y por encima de los mejores.<\/p>\n<p style=\"text-align: justify;\">Me parece que cada vez somos m\u00e1s los que levantamos la voz para decir lo que esta mal aqu\u00ed, las redes sociales, aquellas que tanto presum\u00eda el propio Corral, son un fiel reflejo de lo que estoy diciendo, cada vez son m\u00e1s los que le echan en cara su falta de compromiso e incumplimiento de promesas de campa\u00f1a; aquellos que le reclaman estar organizando carreras pedestres por todos lados en lugar de resolver tantas necesidades en la entidad, la m\u00e1s apremiante, la de inseguridad; los que le recuerdan su promesa de hacer justicia y combatir la corrupci\u00f3n, cuando sus funcionarios se ven envueltos en constantes se\u00f1alamientos relacionados a este mismo mal.<\/p>\n<p style=\"text-align: justify;\">El pr\u00f3ximo a\u00f1o habr\u00e1 una oportunidad inmejorable para poder decirle a Corral y a Pe\u00f1a Nieto que no son superiores a los chihuahuenses, que son servidores p\u00fablicos y se deben completamente al pueblo. La mejor manera de hacerlo ser\u00e1 en las urnas, a trav\u00e9s de la gran elocuencia del voto, libre y secreto.<\/p>\n<p style=\"text-align: justify;\">Sugerencias y comentarios favor de hac\u00e9rmelos llegar a mi correo:\u00a0cpc16169@gmail.com<\/p>\n","protected":false},"excerpt":{"rendered":"<p>Este martes\u00a0se cumplen ya 3 meses de que el Congreso del Estado aprobara la deuda p\u00fablica por m\u00e1s de 20,400 millones de pesos, solicitada con mucha insistencia por el gobernador Javier Corral Jurado, quien explicaba directamente o a trav\u00e9s de sus \u201cexpertos\u201d en finanzas p\u00fablicas que era urgente que el Legislativo aprobara el nuevo empr\u00e9stito [&hellip;]<\/p>\n","protected":false},"author":6,"featured_media":0,"comment_status":"open","ping_status":"open","sticky":false,"template":"","format":"standard","meta":{"_acf_changed":false,"_monsterinsights_skip_tracking":false,"slim_seo":{"title":"Nos dice aldeanos y nos quiere tratar como est\u00fapidos - Opini\u00f3n P\u00fablica","description":"Este martes\u00a0se cumplen ya 3 meses de que el Congreso del Estado aprobara la deuda p\u00fablica por m\u00e1s de 20,400 millones de pesos, solicitada con mucha insistencia"},"footnotes":""},"categories":[34],"tags":[],"class_list":["post-16050","post","type-post","status-publish","format-standard","hentry","category-construyendo"],"acf":[],"_links":{"self":[{"href":"https:\/\/www.opinionpublica.tv\/portada\/wp-json\/wp\/v2\/posts\/16050","targetHints":{"allow":["GET"]}}],"collection":[{"href":"https:\/\/www.opinionpublica.tv\/portada\/wp-json\/wp\/v2\/posts"}],"about":[{"href":"https:\/\/www.opinionpublica.tv\/portada\/wp-json\/wp\/v2\/types\/post"}],"author":[{"embeddable":true,"href":"https:\/\/www.opinionpublica.tv\/portada\/wp-json\/wp\/v2\/users\/6"}],"replies":[{"embeddable":true,"href":"https:\/\/www.opinionpublica.tv\/portada\/wp-json\/wp\/v2\/comments?post=16050"}],"version-history":[{"count":0,"href":"https:\/\/www.opinionpublica.tv\/portada\/wp-json\/wp\/v2\/posts\/16050\/revisions"}],"wp:attachment":[{"href":"https:\/\/www.opinionpublica.tv\/portada\/wp-json\/wp\/v2\/media?parent=16050"}],"wp:term":[{"taxonomy":"category","embeddable":true,"href":"https:\/\/www.opinionpublica.tv\/portada\/wp-json\/wp\/v2\/categories?post=16050"},{"taxonomy":"post_tag","embeddable":true,"href":"https:\/\/www.opinionpublica.tv\/portada\/wp-json\/wp\/v2\/tags?post=16050"}],"curies":[{"name":"wp","href":"https:\/\/api.w.org\/{rel}","templated":true}]}}