{"id":15865,"date":"2017-12-04T07:00:00","date_gmt":"2017-12-04T06:00:00","guid":{"rendered":"https:\/\/www.opinionpublica.tv\/portada\/2017\/12\/04\/video-seguridad-sin-guerra-actores-y-activistas-exigen-al-senado-vetar-ley-de-seguridad-interior\/"},"modified":"2017-12-04T07:00:00","modified_gmt":"2017-12-04T06:00:00","slug":"video-seguridad-sin-guerra-actores-y-activistas-exigen-al-senado-vetar-ley-de-seguridad-interior","status":"publish","type":"post","link":"https:\/\/www.opinionpublica.tv\/portada\/video-seguridad-sin-guerra-actores-y-activistas-exigen-al-senado-vetar-ley-de-seguridad-interior\/","title":{"rendered":"Video: Seguridad sin Guerra; actores y activistas exigen al Senado vetar Ley de Seguridad Interior"},"content":{"rendered":"<p><img fetchpriority=\"high\" decoding=\"async\" class=\" size-full wp-image-15864\" src=\"https:\/\/www.opinionpublica.tv\/portada\/wp-content\/uploads\/2017\/12\/268e7fa51a11c52853f708afe541fdae.jpg\" alt=\"\" width=\"509\" height=\"305\" srcset=\"https:\/\/www.opinionpublica.tv\/portada\/wp-content\/uploads\/2017\/12\/268e7fa51a11c52853f708afe541fdae.jpg 509w, https:\/\/www.opinionpublica.tv\/portada\/wp-content\/uploads\/2017\/12\/268e7fa51a11c52853f708afe541fdae-300x180.jpg 300w\" sizes=\"(max-width: 509px) 100vw, 509px\" \/><br \/>\n<!--more--><\/p>\n<p style=\"text-align: justify;\">Un grupo de reconocidos actores y activistas mexicanos dieron a conocer este d\u00eda la campa\u00f1a nacional #SeguridadSinGuerra con la que pretenden que el Senado de la Rep\u00fablica frene este martes la aprobaci\u00f3n final de la Ley de Seguridad Interior aprobada la semana pasada por a C\u00e1mara de Diputados.<\/p>\n<p style=\"text-align: justify;\">A trav\u00e9s de las redes sociales se argumenta que esta ley da facultades excesivas al presidente de la Rep\u00fablica para usar las fuerzas armadas contra los mexicanos.<\/p>\n<p style=\"text-align: justify;\">Aseguran que el problema para los impulsores de la Ley de Seguridad Interior es que nuestra Constituci\u00f3n es clara en tres puntos sustanciales. 1. Las instituciones de seguridad p\u00fablica ser\u00e1n de car\u00e1cter civil. (Art. 21) 2. En tiempo de paz, ninguna autoridad militar puede ejercer m\u00e1s funciones que las que tengan exacta conexi\u00f3n con la disciplina militar.\u00a0 (Art 129) y que\u00a0 3. no existe en la Constituci\u00f3n una definici\u00f3n de seguridad interior diferenciada de la\u00a0 seguridad nacional y por lo tanto al no existir, el Congreso de la Uni\u00f3n carece de\u00a0 facultades para legislar.<\/p>\n<div class=\"k2_video\"><iframe title=\"SEGURIDAD SIN GUERRA...\ud83d\udd18\u2714\" width=\"800\" height=\"450\" src=\"https:\/\/www.youtube.com\/embed\/s7nFn1sud40?feature=oembed\" frameborder=\"0\" allow=\"accelerometer; autoplay; clipboard-write; encrypted-media; gyroscope; picture-in-picture; web-share\" referrerpolicy=\"strict-origin-when-cross-origin\" allowfullscreen><\/iframe>\n<\/div>\n","protected":false},"excerpt":{"rendered":"","protected":false},"author":6,"featured_media":15864,"comment_status":"open","ping_status":"open","sticky":false,"template":"","format":"standard","meta":{"_acf_changed":false,"_monsterinsights_skip_tracking":false,"slim_seo":{"title":"Video: Seguridad sin Guerra; actores y activistas exigen al Senado vetar Ley de Seguridad Interior - Opini\u00f3n P\u00fablica","description":"Un grupo de reconocidos actores y activistas mexicanos dieron a conocer este d\u00eda la campa\u00f1a nacional #SeguridadSinGuerra con la que pretenden que el Senado de l"},"footnotes":""},"categories":[8],"tags":[],"class_list":["post-15865","post","type-post","status-publish","format-standard","has-post-thumbnail","hentry","category-videos"],"acf":[],"_links":{"self":[{"href":"https:\/\/www.opinionpublica.tv\/portada\/wp-json\/wp\/v2\/posts\/15865","targetHints":{"allow":["GET"]}}],"collection":[{"href":"https:\/\/www.opinionpublica.tv\/portada\/wp-json\/wp\/v2\/posts"}],"about":[{"href":"https:\/\/www.opinionpublica.tv\/portada\/wp-json\/wp\/v2\/types\/post"}],"author":[{"embeddable":true,"href":"https:\/\/www.opinionpublica.tv\/portada\/wp-json\/wp\/v2\/users\/6"}],"replies":[{"embeddable":true,"href":"https:\/\/www.opinionpublica.tv\/portada\/wp-json\/wp\/v2\/comments?post=15865"}],"version-history":[{"count":0,"href":"https:\/\/www.opinionpublica.tv\/portada\/wp-json\/wp\/v2\/posts\/15865\/revisions"}],"wp:featuredmedia":[{"embeddable":true,"href":"https:\/\/www.opinionpublica.tv\/portada\/wp-json\/wp\/v2\/media\/15864"}],"wp:attachment":[{"href":"https:\/\/www.opinionpublica.tv\/portada\/wp-json\/wp\/v2\/media?parent=15865"}],"wp:term":[{"taxonomy":"category","embeddable":true,"href":"https:\/\/www.opinionpublica.tv\/portada\/wp-json\/wp\/v2\/categories?post=15865"},{"taxonomy":"post_tag","embeddable":true,"href":"https:\/\/www.opinionpublica.tv\/portada\/wp-json\/wp\/v2\/tags?post=15865"}],"curies":[{"name":"wp","href":"https:\/\/api.w.org\/{rel}","templated":true}]}}