{"id":15863,"date":"2017-12-04T07:00:00","date_gmt":"2017-12-04T06:00:00","guid":{"rendered":"https:\/\/www.opinionpublica.tv\/portada\/2017\/12\/04\/avala-corte-suprema-restricciones-migratorias-impulsadas-por-trump\/"},"modified":"2017-12-04T07:00:00","modified_gmt":"2017-12-04T06:00:00","slug":"avala-corte-suprema-restricciones-migratorias-impulsadas-por-trump","status":"publish","type":"post","link":"https:\/\/www.opinionpublica.tv\/portada\/avala-corte-suprema-restricciones-migratorias-impulsadas-por-trump\/","title":{"rendered":"Avala Corte Suprema restricciones migratorias impulsadas por Trump"},"content":{"rendered":"<p><img fetchpriority=\"high\" decoding=\"async\" class=\" size-full wp-image-15862\" src=\"https:\/\/www.opinionpublica.tv\/portada\/wp-content\/uploads\/2017\/12\/b2d0bebaa13938ab42c5a03ab5119b07.jpg\" alt=\"\" class=\"caption\" title=\"Se restringe la entrada de ciudadanos de Chad, Ir\u00e1n, Libia, Corea del Norte, Siria, Venezuela, Somalia y Yemen.\" width=\"702\" height=\"468\" srcset=\"https:\/\/www.opinionpublica.tv\/portada\/wp-content\/uploads\/2017\/12\/b2d0bebaa13938ab42c5a03ab5119b07.jpg 702w, https:\/\/www.opinionpublica.tv\/portada\/wp-content\/uploads\/2017\/12\/b2d0bebaa13938ab42c5a03ab5119b07-300x200.jpg 300w\" sizes=\"(max-width: 702px) 100vw, 702px\" \/><br \/>\n<!--more--><\/p>\n<p style=\"text-align: justify;\"><em>Ciudad de M\u00e9xico<\/em>.- Este lunes la Corte Suprema de Estados Unidos aval\u00f3 la versi\u00f3n m\u00e1s reciente del veto migratorio del presidente Donald Trump para que entre en vigor en su totalidad.<\/p>\n<p style=\"text-align: justify;\">Es la primera ocasi\u00f3n en que la justicia estadunidense respalda por completo alguna de las ediciones del veto migratorio de Trump, que restringe la entrada de ciudadanos provenientes de Chad, Ir\u00e1n, Libia, Corea del Norte, Siria, Venezuela, Somalia y Yemen.<\/p>\n<p style=\"text-align: justify;\">Pese al fallo de la Corte Suprema, algunas cortes locales mantienen juicios contra el ordenamiento legal, que continuar\u00e1n su curso.<\/p>\n<p style=\"text-align: justify;\">Por cierto, dos cortes de apelaciones, una con sede en San Francisco, California, y otra con sede en Richmond, Virginia, sostienen argumentos contra la legalidad del veto migratorio. (CNN)<\/p>\n","protected":false},"excerpt":{"rendered":"","protected":false},"author":6,"featured_media":15862,"comment_status":"open","ping_status":"open","sticky":false,"template":"","format":"standard","meta":{"_acf_changed":false,"_monsterinsights_skip_tracking":false,"slim_seo":{"title":"Avala Corte Suprema restricciones migratorias impulsadas por Trump - Opini\u00f3n P\u00fablica","description":"Ciudad de M\u00e9xico .- Este lunes la Corte Suprema de Estados Unidos aval\u00f3 la versi\u00f3n m\u00e1s reciente del veto migratorio del presidente Donald Trump para que entre e"},"footnotes":""},"categories":[24],"tags":[],"class_list":["post-15863","post","type-post","status-publish","format-standard","has-post-thumbnail","hentry","category-estados-unidos"],"acf":[],"_links":{"self":[{"href":"https:\/\/www.opinionpublica.tv\/portada\/wp-json\/wp\/v2\/posts\/15863","targetHints":{"allow":["GET"]}}],"collection":[{"href":"https:\/\/www.opinionpublica.tv\/portada\/wp-json\/wp\/v2\/posts"}],"about":[{"href":"https:\/\/www.opinionpublica.tv\/portada\/wp-json\/wp\/v2\/types\/post"}],"author":[{"embeddable":true,"href":"https:\/\/www.opinionpublica.tv\/portada\/wp-json\/wp\/v2\/users\/6"}],"replies":[{"embeddable":true,"href":"https:\/\/www.opinionpublica.tv\/portada\/wp-json\/wp\/v2\/comments?post=15863"}],"version-history":[{"count":0,"href":"https:\/\/www.opinionpublica.tv\/portada\/wp-json\/wp\/v2\/posts\/15863\/revisions"}],"wp:featuredmedia":[{"embeddable":true,"href":"https:\/\/www.opinionpublica.tv\/portada\/wp-json\/wp\/v2\/media\/15862"}],"wp:attachment":[{"href":"https:\/\/www.opinionpublica.tv\/portada\/wp-json\/wp\/v2\/media?parent=15863"}],"wp:term":[{"taxonomy":"category","embeddable":true,"href":"https:\/\/www.opinionpublica.tv\/portada\/wp-json\/wp\/v2\/categories?post=15863"},{"taxonomy":"post_tag","embeddable":true,"href":"https:\/\/www.opinionpublica.tv\/portada\/wp-json\/wp\/v2\/tags?post=15863"}],"curies":[{"name":"wp","href":"https:\/\/api.w.org\/{rel}","templated":true}]}}