{"id":15652,"date":"2017-11-15T07:00:00","date_gmt":"2017-11-15T06:00:00","guid":{"rendered":"https:\/\/www.opinionpublica.tv\/portada\/2017\/11\/15\/implementan-semana-nacional-contra-la-diabetes-en-el-estado\/"},"modified":"2017-11-15T07:00:00","modified_gmt":"2017-11-15T06:00:00","slug":"implementan-semana-nacional-contra-la-diabetes-en-el-estado","status":"publish","type":"post","link":"https:\/\/www.opinionpublica.tv\/portada\/implementan-semana-nacional-contra-la-diabetes-en-el-estado\/","title":{"rendered":"Implementan Semana Nacional contra la Diabetes en el Estado"},"content":{"rendered":"<p><img fetchpriority=\"high\" decoding=\"async\" class=\" size-full wp-image-15651\" src=\"https:\/\/www.opinionpublica.tv\/portada\/wp-content\/uploads\/2017\/11\/48feebd427d6991de4b81c1aad4efc08.jpg\" alt=\"\" class=\"caption\" title=\"Es importante revisarse peri\u00f3dicamente para saber si se parece esta enfermedad.\" width=\"700\" height=\"470\" srcset=\"https:\/\/www.opinionpublica.tv\/portada\/wp-content\/uploads\/2017\/11\/48feebd427d6991de4b81c1aad4efc08.jpg 700w, https:\/\/www.opinionpublica.tv\/portada\/wp-content\/uploads\/2017\/11\/48feebd427d6991de4b81c1aad4efc08-300x201.jpg 300w\" sizes=\"(max-width: 700px) 100vw, 700px\" \/><br \/>\n<!--more--><\/p>\n<p style=\"text-align: justify;\"><em>Chihuahua, Chih<\/em>.- Con el lema \u2018Mujeres y la Diabetes: nuestro Derecho a un Futuro\u2019 la Secretar\u00eda de Salud lleva a cabo la \u201cSemana Nacional de Diabetes\u201d que terminar\u00e1 este viernes 17 de noviembre.<\/p>\n<p style=\"text-align: justify;\">\u201cEs importante dar a conocer que la diabetes es una enfermedad cr\u00f3nico degenerativa que si es manejada de una forma adecuada, pueda dar una vida digna a quienes la padezcan. Es una enfermedad que va en aumento, es la segunda causa de defunci\u00f3n en Ciudad Ju\u00e1rez, por esa raz\u00f3n vamos a dar inicio a esta Semana Nacional de Diabetes\u201d inform\u00f3 el subdirector m\u00e9dico, V\u00edctor Manuel Talamantes V\u00e1zquez.<\/p>\n<p style=\"text-align: justify;\">Explic\u00f3 que la diabetes se encuentra dentro del noveno motivo de consulta y en es la segunda causa de muerte; de acuerdo con \u00a0el Sistema de Informaci\u00f3n en Cr\u00f3nicas (SIC) se tienen registrados 5 mil 112 pacientes en control con diabetes, de los cuales\u00a03 mil 505\u00a0son mujeres, y\u00a01 mil 607\u00a0son hombres.<\/p>\n<p style=\"text-align: justify;\">\u201cEsta semana estar\u00e1 enfocada principalmente en las mujeres, sin omitir a las dem\u00e1s personas, pero esto es porque el 68.3% de la poblaci\u00f3n con diabetes que nosotros atendemos son mujeres, mientras que el 31.4% son hombres\u201d, coment\u00f3 el funcionario.<\/p>\n<p style=\"text-align: justify;\">Explic\u00f3 que las acciones a realizar en esta semana van encaminadas sobre todo a medidas de prevenci\u00f3n, educaci\u00f3n para la poblaci\u00f3n, de tener actividad f\u00edsica y una buena alimentaci\u00f3n.<\/p>\n<p style=\"text-align: justify;\">Por ese motivo, se instalaron m\u00f3dulos de detecci\u00f3n en los centros comerciales y en todos los centros de salud de la entidad.<\/p>\n<p style=\"text-align: justify;\">Desde 1991 la Federaci\u00f3n Internacional de Diabetes en conjunto con la Organizaci\u00f3n Mundial de la Salud establece este d\u00eda como respuesta a la creciente preocupaci\u00f3n sobre la amenaza a la salud que ahora representa la diabetes mellitus.<\/p>\n","protected":false},"excerpt":{"rendered":"","protected":false},"author":6,"featured_media":15651,"comment_status":"open","ping_status":"open","sticky":false,"template":"","format":"standard","meta":{"_acf_changed":false,"_monsterinsights_skip_tracking":false,"slim_seo":{"title":"Implementan Semana Nacional contra la Diabetes en el Estado - Opini\u00f3n P\u00fablica","description":"Chihuahua, Chih .- Con el lema \u2018Mujeres y la Diabetes: nuestro Derecho a un Futuro\u2019 la Secretar\u00eda de Salud lleva a cabo la \u201cSemana Nacional de Diabetes\u201d que ter"},"footnotes":""},"categories":[4],"tags":[],"class_list":["post-15652","post","type-post","status-publish","format-standard","has-post-thumbnail","hentry","category-pulsopolitico"],"acf":[],"_links":{"self":[{"href":"https:\/\/www.opinionpublica.tv\/portada\/wp-json\/wp\/v2\/posts\/15652","targetHints":{"allow":["GET"]}}],"collection":[{"href":"https:\/\/www.opinionpublica.tv\/portada\/wp-json\/wp\/v2\/posts"}],"about":[{"href":"https:\/\/www.opinionpublica.tv\/portada\/wp-json\/wp\/v2\/types\/post"}],"author":[{"embeddable":true,"href":"https:\/\/www.opinionpublica.tv\/portada\/wp-json\/wp\/v2\/users\/6"}],"replies":[{"embeddable":true,"href":"https:\/\/www.opinionpublica.tv\/portada\/wp-json\/wp\/v2\/comments?post=15652"}],"version-history":[{"count":0,"href":"https:\/\/www.opinionpublica.tv\/portada\/wp-json\/wp\/v2\/posts\/15652\/revisions"}],"wp:featuredmedia":[{"embeddable":true,"href":"https:\/\/www.opinionpublica.tv\/portada\/wp-json\/wp\/v2\/media\/15651"}],"wp:attachment":[{"href":"https:\/\/www.opinionpublica.tv\/portada\/wp-json\/wp\/v2\/media?parent=15652"}],"wp:term":[{"taxonomy":"category","embeddable":true,"href":"https:\/\/www.opinionpublica.tv\/portada\/wp-json\/wp\/v2\/categories?post=15652"},{"taxonomy":"post_tag","embeddable":true,"href":"https:\/\/www.opinionpublica.tv\/portada\/wp-json\/wp\/v2\/tags?post=15652"}],"curies":[{"name":"wp","href":"https:\/\/api.w.org\/{rel}","templated":true}]}}