{"id":15650,"date":"2017-11-15T07:00:00","date_gmt":"2017-11-15T06:00:00","guid":{"rendered":"https:\/\/www.opinionpublica.tv\/portada\/2017\/11\/15\/acuerdan-mejorar-coordinacion-policiaca-para-combatir-delincuencia\/"},"modified":"2017-11-15T07:00:00","modified_gmt":"2017-11-15T06:00:00","slug":"acuerdan-mejorar-coordinacion-policiaca-para-combatir-delincuencia","status":"publish","type":"post","link":"https:\/\/www.opinionpublica.tv\/portada\/acuerdan-mejorar-coordinacion-policiaca-para-combatir-delincuencia\/","title":{"rendered":"Acuerdan mejorar coordinaci\u00f3n policiaca contra la delincuencia"},"content":{"rendered":"<p><img fetchpriority=\"high\" decoding=\"async\" class=\" size-full wp-image-15649\" src=\"https:\/\/www.opinionpublica.tv\/portada\/wp-content\/uploads\/2017\/11\/eb0538674fb397d61e8b403d3a6ac65a.jpg\" alt=\"\" class=\"caption\" title=\"El gobernador de Chihuahua, Javier Corral Jurado y el alcalde de Ju\u00e1rez Armando Cabada.\" width=\"461\" height=\"330\" srcset=\"https:\/\/www.opinionpublica.tv\/portada\/wp-content\/uploads\/2017\/11\/eb0538674fb397d61e8b403d3a6ac65a.jpg 461w, https:\/\/www.opinionpublica.tv\/portada\/wp-content\/uploads\/2017\/11\/eb0538674fb397d61e8b403d3a6ac65a-300x215.jpg 300w\" sizes=\"(max-width: 461px) 100vw, 461px\" \/><br \/>\n<!--more--><\/p>\n<p style=\"text-align: justify;\"><em>Ciudad Ju\u00e1rez, Chih<\/em>.-\u00a0El gobernador de Chihuahua, Javier Corral Jurado, y el presidente municipal de Ju\u00e1rez, Armando Cabada Alv\u00eddrez, acordaron trabajar conjuntamente para enfrentar unidos la delincuencia en este municipio mediante un mecanismo de coordinaci\u00f3n.<\/p>\n<p style=\"text-align: justify;\">\u201cEl prop\u00f3sito de este mecanismo es reforzar nuestro trabajo entre todos para enfrentar de manera unida y eficaz a los enemigos de la paz; para atender la incidencia delictiva en algunos sectores de la ciudad y juntos poder cumplir todas las etapas del proceso de combate puntual a la delincuencia y al crimen organizado\u201d, expres\u00f3 el mandatario estatal.<\/p>\n<p style=\"text-align: justify;\">Al t\u00e9rmino de una reuni\u00f3n de coordinaci\u00f3n entre la Direcci\u00f3n de Seguridad P\u00fablica Municipal, la Fiscal\u00eda General del Estado, la Agencia Estatal de Investigaciones y la Comisi\u00f3n Estatal de Seguridad, ambos funcionarios concedieron una rueda de prensa para dar a conocer los resultados de este nuevo mecanismo que involucra a mandos de las distintas corporaciones municipales, estatales y federales.<\/p>\n<p style=\"text-align: justify;\">En el cumplimiento de varios cometidos, el titular del Ejecutivo mencion\u00f3 que en estas reuniones se han registrado avances significativos, como es la coordinaci\u00f3n desde el primer momento de la detenci\u00f3n de delincuentes, para sustentar su puesta a disposici\u00f3n de la autoridad solicitando, incluso, la prisi\u00f3n preventiva.<\/p>\n<p style=\"text-align: justify;\">\u201cHay detenciones muy importantes que se est\u00e1n realizando en esta ciudad y queremos dar a conocer lo que significa el trabajo de coordinaci\u00f3n desde la tarea propiamente preventiva\u201d, se\u00f1al\u00f3.<\/p>\n<p style=\"text-align: justify;\">Por su parte, el alcalde Armando Cabada indic\u00f3 que hay coincidencia con el gobernador para trabajar en varios aspectos, como terminar con la famosa puerta giratoria, al evitar que los delincuentes detenidos regresen a las calles de manera r\u00e1pida y f\u00e1cil.<\/p>\n<p style=\"text-align: justify;\">Destac\u00f3 el operativo donde se detuvieron a los asaltantes de una est\u00e9tica, por parte de la Polic\u00eda Municipal, as\u00ed como el que efectuaron las fuerzas estatales para detener a la banda de asaltantes a cuentahabientes, adem\u00e1s del operativo que de manera conjunta, realizaron las autoridades estatal y municipal para detener a dos integrantes de Los Aztecas.<\/p>\n<p style=\"text-align: justify;\">Agreg\u00f3 que se ha hecho un trabajo extraordinario para la revisi\u00f3n del sistema de reporte de emergencias al 911 con un acuerdo para que se integren Municipio y Estado de una manera eficaz.<\/p>\n","protected":false},"excerpt":{"rendered":"","protected":false},"author":6,"featured_media":15649,"comment_status":"open","ping_status":"open","sticky":false,"template":"","format":"standard","meta":{"_acf_changed":false,"_monsterinsights_skip_tracking":false,"slim_seo":{"title":"Acuerdan mejorar coordinaci\u00f3n policiaca contra la delincuencia - Opini\u00f3n P\u00fablica","description":"Ciudad Ju\u00e1rez, Chih .-\u00a0El gobernador de Chihuahua, Javier Corral Jurado, y el presidente municipal de Ju\u00e1rez, Armando Cabada Alv\u00eddrez, acordaron trabajar conjun"},"footnotes":""},"categories":[5],"tags":[],"class_list":["post-15650","post","type-post","status-publish","format-standard","has-post-thumbnail","hentry","category-frontera"],"acf":[],"_links":{"self":[{"href":"https:\/\/www.opinionpublica.tv\/portada\/wp-json\/wp\/v2\/posts\/15650","targetHints":{"allow":["GET"]}}],"collection":[{"href":"https:\/\/www.opinionpublica.tv\/portada\/wp-json\/wp\/v2\/posts"}],"about":[{"href":"https:\/\/www.opinionpublica.tv\/portada\/wp-json\/wp\/v2\/types\/post"}],"author":[{"embeddable":true,"href":"https:\/\/www.opinionpublica.tv\/portada\/wp-json\/wp\/v2\/users\/6"}],"replies":[{"embeddable":true,"href":"https:\/\/www.opinionpublica.tv\/portada\/wp-json\/wp\/v2\/comments?post=15650"}],"version-history":[{"count":0,"href":"https:\/\/www.opinionpublica.tv\/portada\/wp-json\/wp\/v2\/posts\/15650\/revisions"}],"wp:featuredmedia":[{"embeddable":true,"href":"https:\/\/www.opinionpublica.tv\/portada\/wp-json\/wp\/v2\/media\/15649"}],"wp:attachment":[{"href":"https:\/\/www.opinionpublica.tv\/portada\/wp-json\/wp\/v2\/media?parent=15650"}],"wp:term":[{"taxonomy":"category","embeddable":true,"href":"https:\/\/www.opinionpublica.tv\/portada\/wp-json\/wp\/v2\/categories?post=15650"},{"taxonomy":"post_tag","embeddable":true,"href":"https:\/\/www.opinionpublica.tv\/portada\/wp-json\/wp\/v2\/tags?post=15650"}],"curies":[{"name":"wp","href":"https:\/\/api.w.org\/{rel}","templated":true}]}}