{"id":15648,"date":"2017-11-15T07:00:00","date_gmt":"2017-11-15T06:00:00","guid":{"rendered":"https:\/\/www.opinionpublica.tv\/portada\/2017\/11\/15\/es-el-momento-del-quiebre-historico\/"},"modified":"2017-11-15T07:00:00","modified_gmt":"2017-11-15T06:00:00","slug":"es-el-momento-del-quiebre-historico","status":"publish","type":"post","link":"https:\/\/www.opinionpublica.tv\/portada\/es-el-momento-del-quiebre-historico\/","title":{"rendered":"Es el momento del quiebre hist\u00f3rico"},"content":{"rendered":"<p style=\"text-align: justify;\">Realmente a nuestra generaci\u00f3n le ha tocado vivir en grandes momentos de quiebres hist\u00f3ricos, le ha tocado presenciar grandes cambios sociales, pol\u00edticos y tecnol\u00f3gicos. El Siglo XX fue de grandes convulsiones en la historia universal. Tuvimos las guerras m\u00e1s sangrientas jam\u00e1s registradas, entramos a la era nuclear, nos lanzamos a la conquista del espacio (aunque lo decimos m\u00e1s en t\u00e9rminos metaf\u00f3ricos que reales, ya que supuestamente nada m\u00e1s el ser humano lleg\u00f3 a la Luna, acontecimiento que \u00faltimamente se ha puesto en profundas dudas). Hemos transcurrido de la revoluci\u00f3n industrial a la revoluci\u00f3n de la tecnolog\u00eda de la informaci\u00f3n y de la innovaci\u00f3n.<\/p>\n<p><!--more--><\/p>\n<p style=\"text-align: justify;\">Pero ahora nos encontramos a nivel mundial, en momentos cruciales de definici\u00f3n pol\u00edtica y cambio social. En nuestro pa\u00eds, las elecciones del 2018 muy seguramente marcar\u00e1n la historia de nuestros hijos y nietos. Es por ello, que no debemos los ciudadanos dejar que las cosas fluyan al azar. Si lo hacemos, por un lado, muy seguramente quedaremos en manos de la \u201cMafia del Poder\u201d, descrita por L\u00f3pez Obrador, y por el otro, quedaremos en manos del mismo mesi\u00e1nico, que seguramente nos llevar\u00e1 a un populismo rampante del cual nos costar\u00e1 muchos a\u00f1os salir de \u00e9l.<\/p>\n<p style=\"text-align: justify;\">Es por ello, que debemos de tomar conciencia que ahora m\u00e1s que nunca los ciudadanos debemos de participar para que se seleccionen a los mejores candidatos para ocupar los puestos de elecci\u00f3n popular.<\/p>\n<p style=\"text-align: justify;\">Hay que recordar que las tendencia natural de los partidos pol\u00edticos ha venido siendo en los pasados a\u00f1os la rotaci\u00f3n del poder por peque\u00f1os grupos que se han venido repartiendo las principales posiciones de elecci\u00f3n popular, haciendo caso omiso de sus virtudes, cualidades, desempe\u00f1o y honestidad de los candidatos, excluyendo a muchas personas que llenan los requisitos de entrega, integridad, compromiso y capacidad que desean los ciudadanos para sus pol\u00edticos.<\/p>\n<p style=\"text-align: justify;\">Ello ha venido ocasionando que muchos ciudadanos de bien se hayan alejado de los partidos, en el mejor de los casos, y de la pol\u00edtica en muchas ocasiones, ocasion\u00e1ndose un deterioro en la calidad de la pol\u00edtica, y por ende, en lo que produce, aumentando enormemente los niveles de corrupci\u00f3n, las oportunidades de crecimiento econ\u00f3mico, el deterioro de la seguridad y el aumento de las desigualdades en nuestro pa\u00eds.<\/p>\n<p style=\"text-align: justify;\">Es por eso, que instamos a las asociaciones de la sociedad civil, a los empresarios, a los padres de familia, a las organizaciones sindicales y campesinas, a participar activamente para impulsar a los partidos pol\u00edticos y a los ciudadanos independientes a que seleccionen a los mejores hombres y mujeres a inscribirse para participar como precandidatos en los procesos de selecci\u00f3n de abanderados a contender en los puestos de elecci\u00f3n popular.<\/p>\n<p style=\"text-align: justify;\">El Frente Ciudadano por M\u00e9xico, integrado por mi partido el PAN, as\u00ed como por el PRD y Movimiento Ciudadano, han dado el primer paso para combatir el que se repitan los gobiernos del PRI, que ahora pretenden presentar a Jos\u00e9 Antonio Meade, hombre supuestamente sin partido, pero que proviene del sistema generado por el PRI, que ha sido el gran causante de la creaci\u00f3n de este sistema corrupto que padecemos, de la antidemocracia que ha imperado en los gobiernos emanados de \u00e9l, present\u00e1ndolo como alguien que el PAN palome\u00f3 para formar parte del gobierno del Presidente Felipe Calder\u00f3n.<\/p>\n<p style=\"text-align: justify;\">Pero por m\u00e1s m\u00e9ritos t\u00e9cnicos y profesionales que tenga Meade (como los tuvieron Salinas y Zedillo), no pueden contrarrestar ni cambiar el sistema creado por el PRI, que nos ha tenido inmersos en el Tercer Mundo, y en los primeros lugares mundiales en corrupci\u00f3n.<\/p>\n<p style=\"text-align: justify;\">El Frente Ciudadano por M\u00e9xico tambi\u00e9n pretende que no caigamos en el canto de las sirenas que ofrece L\u00f3pez Obrador con su discurso populista rampl\u00f3n que tiene mucho pegue para quien no lo conoce a fondo.<\/p>\n<p style=\"text-align: justify;\">Pero no debemos olvidarnos que para que el Frente verdaderamente genere, no un voto anti AMLO, sino que cree la esperanza que haga que la oposici\u00f3n al AMLO y al PRI tenga \u00e9xito, ser\u00e1 necesario abrirlo a la democracia de sus militantes que lo integran y a los muchos ciudadanos que quieren participar en pol\u00edtica para verdaderamente contribuir en la generaci\u00f3n del Bien Com\u00fan que todos buscamos, y que nos lleve a generar el quiebre hist\u00f3rico hacia la continuaci\u00f3n de la democracia que produzca frutos para nosotros, para nuestros hijos y nuestras generaciones futuras.<\/p>\n","protected":false},"excerpt":{"rendered":"<p>Realmente a nuestra generaci\u00f3n le ha tocado vivir en grandes momentos de quiebres hist\u00f3ricos, le ha tocado presenciar grandes cambios sociales, pol\u00edticos y tecnol\u00f3gicos. El Siglo XX fue de grandes convulsiones en la historia universal. Tuvimos las guerras m\u00e1s sangrientas jam\u00e1s registradas, entramos a la era nuclear, nos lanzamos a la conquista del espacio (aunque [&hellip;]<\/p>\n","protected":false},"author":6,"featured_media":0,"comment_status":"open","ping_status":"open","sticky":false,"template":"","format":"standard","meta":{"_acf_changed":false,"_monsterinsights_skip_tracking":false,"slim_seo":{"title":"Es el momento del quiebre hist\u00f3rico - Opini\u00f3n P\u00fablica","description":"Realmente a nuestra generaci\u00f3n le ha tocado vivir en grandes momentos de quiebres hist\u00f3ricos, le ha tocado presenciar grandes cambios sociales, pol\u00edticos y tecn"},"footnotes":""},"categories":[17],"tags":[],"class_list":["post-15648","post","type-post","status-publish","format-standard","hentry","category-ultima-instancia"],"acf":[],"_links":{"self":[{"href":"https:\/\/www.opinionpublica.tv\/portada\/wp-json\/wp\/v2\/posts\/15648","targetHints":{"allow":["GET"]}}],"collection":[{"href":"https:\/\/www.opinionpublica.tv\/portada\/wp-json\/wp\/v2\/posts"}],"about":[{"href":"https:\/\/www.opinionpublica.tv\/portada\/wp-json\/wp\/v2\/types\/post"}],"author":[{"embeddable":true,"href":"https:\/\/www.opinionpublica.tv\/portada\/wp-json\/wp\/v2\/users\/6"}],"replies":[{"embeddable":true,"href":"https:\/\/www.opinionpublica.tv\/portada\/wp-json\/wp\/v2\/comments?post=15648"}],"version-history":[{"count":0,"href":"https:\/\/www.opinionpublica.tv\/portada\/wp-json\/wp\/v2\/posts\/15648\/revisions"}],"wp:attachment":[{"href":"https:\/\/www.opinionpublica.tv\/portada\/wp-json\/wp\/v2\/media?parent=15648"}],"wp:term":[{"taxonomy":"category","embeddable":true,"href":"https:\/\/www.opinionpublica.tv\/portada\/wp-json\/wp\/v2\/categories?post=15648"},{"taxonomy":"post_tag","embeddable":true,"href":"https:\/\/www.opinionpublica.tv\/portada\/wp-json\/wp\/v2\/tags?post=15648"}],"curies":[{"name":"wp","href":"https:\/\/api.w.org\/{rel}","templated":true}]}}