{"id":15638,"date":"2017-11-14T07:00:00","date_gmt":"2017-11-14T06:00:00","guid":{"rendered":"https:\/\/www.opinionpublica.tv\/portada\/2017\/11\/14\/los-medios-y-su-peor-momento-para-ejercer\/"},"modified":"2017-11-14T07:00:00","modified_gmt":"2017-11-14T06:00:00","slug":"los-medios-y-su-peor-momento-para-ejercer","status":"publish","type":"post","link":"https:\/\/www.opinionpublica.tv\/portada\/los-medios-y-su-peor-momento-para-ejercer\/","title":{"rendered":"Los medios y su peor momento para ejercer"},"content":{"rendered":"<p style=\"text-align: justify;\">Un gobierno marcado por la m\u00e1xima intolerancia a la cr\u00edtica p\u00fablica, y por lo tanto incapaz de reconocer el m\u00ednimo error, la m\u00ednima deficiencia de su administraci\u00f3n; un gobierno ensoberbecido que recurre a la denostaci\u00f3n, a la defensa a ultranza de cualquier se\u00f1alamiento justo o no, es naturalmente un gobierno destinado al fracaso, porque su misma actitud ante la adversidad lo convierte en un tiranillo que poco a poco va cobrando tama\u00f1o, y despu\u00e9s su impresionante figura no ser\u00e1, por obvias razones, el orgullo de la ciudadan\u00eda sino el terror de quien se atreva a criticarlo.<\/p>\n<p><!--more--><\/p>\n<p style=\"text-align: justify;\">As\u00ed es como avizoro al gobierno de Javier Corral, que en la semana que est\u00e1 por concluir se luci\u00f3, como pocos gobernantes lo han hecho en su mandato, se avoc\u00f3 a denostar a los medios de comunicaci\u00f3n, en particular a dos (uno local y otro nacional) que publicaron hechos concretos, con informaci\u00f3n s\u00f3lida sobre situaciones reales donde se evidencian errores de Corral, y que por lo tanto desataron la ira del mandatario quien utiliz\u00f3 sus redes sociales para atacar a dichos medios, para acusarlos de extorsi\u00f3n.<\/p>\n<p style=\"text-align: justify;\">Tambi\u00e9n us\u00f3 el peri\u00f3dico oficial llamado \u201cCambio 16\u201d, para hacer lo propio y tratar con ello de equilibrar la balanza: ante los se\u00f1alamientos del peri\u00f3dico local El Diario y el de circulaci\u00f3n nacional Proceso, el gobernador de Chihuahua acusa a ambos de irregularidades, en el primer caso donde sabe el da\u00f1o que est\u00e1n ocasionando sus pol\u00edticas de retenci\u00f3n de los recursos p\u00fablicos que deben ser destinados a propaganda \u00a0y publicidad, se\u00f1ala con dedo de fuego al peri\u00f3dico en general, a sus directivos y due\u00f1os; en el segundo caso le calcula mejor y s\u00f3lo avoca las bater\u00edas en contra del reportero que elabor\u00f3 la nota, en este caso de \u00c1lvaro Delgado.<\/p>\n<p style=\"text-align: justify;\">No dudo que en las notas publicadas por el diario local y la revista falte informaci\u00f3n de cada hecho que se plante\u00f3, ambos inscritos en el t\u00edtulo de cada nota: \u201cCorral us\u00f3 avi\u00f3n estatal en unas de sus vacaciones\u201d (El Diario) y\u00a0\u201cCaso Breach: Corral solapa narcopol\u00edtica del PAN\u201d(Proceso), pero se trata de informaci\u00f3n period\u00edstica, y que sin ser un experto s\u00e9 plenamente que las dos notas manejan informaci\u00f3n ver\u00eddica, que no necesitan abarcar todos los aspectos informativos de cada tema, as\u00ed que tanto en uno como en otro caso Javier Corral yerra profundamente al acusarlos de una mala intenci\u00f3n pol\u00edtica en su contra, ah\u00ed hay hechos que se demuestran con datos y no opiniones personales.<\/p>\n<p style=\"text-align: justify;\">La informaci\u00f3n publicada por el diario local, revela que la fuente se sustenta en datos obtenidos a trav\u00e9s del sistema de transparencia del propio estado, que dispuso para el solicitante la bit\u00e1cora y su respetivo detalle de vuelos del mandatario, que complementado con informaci\u00f3n publicada por el \u00e1rea de Comunicaci\u00f3n Social adem\u00e1s de otras noticias, se llega a una conclusi\u00f3n l\u00f3gica y de inter\u00e9s p\u00fablico. La contestaci\u00f3n del gobernador es lamentable, pues trata de confundir con otros eventos el motivo de su viaje a Mazatl\u00e1n el fin de a\u00f1o pasado, donde se sabe por \u00e9l mismo que tiene una casa de descanso, pero que asegura en ese caso su visita fue oficial, para acompa\u00f1ar en su toma de protesta al gobernador Quirino Ordaz Coppel, evento que debi\u00f3 durar algunas horas, pero la bit\u00e1cora revel\u00f3 que no fue y vino el mismo d\u00eda sino que sali\u00f3 el 29 de diciembre y regres\u00f3 el 2 de enero, de ah\u00ed el autoenga\u00f1o.<\/p>\n<p style=\"text-align: justify;\">Hace unos d\u00edas declar\u00f3 el gobernador algo al respecto: \u201cMis vacaciones de Navidad de diciembre del a\u00f1o pasado con mi familia, no las pas\u00e9 en Mazatl\u00e1n sino en Ruidoso, Nuevo M\u00e9xico. Regres\u00e9 a Ju\u00e1rez el 27 de diciembre y estuve hasta el 29 de diciembre, d\u00eda en que firm\u00e9 la publicaci\u00f3n del Decreto de Presupuesto Estatal, aprobado por el Congreso[\u2026] Esa tardenoche viaj\u00e9 a Mazatl\u00e1n para asistir a las distintas actividades con motivo de la toma de protesta del gobernador Quirino Ordaz Coppel, lo cual se acredita mediante fotograf\u00edas y entrevistas reproducidas en medios de aqu\u00ed y de all\u00e1, y en todo momento estuve acompa\u00f1ado de mi esposa Cinthia Aidee\u201d.<\/p>\n<p style=\"text-align: justify;\">El caso de la pelea contra la revista de gran prestigio nacional, que en otro tiempo alabara el propio Javier Corral por las publicaciones que revelaban los excesos del sistema pol\u00edtico de nuestro pa\u00eds, es a\u00fan peor que el anterior. Ahora que le toca a \u00e9l mismo asumir el compromiso de la funci\u00f3n p\u00fablica y que en su breve ejercicio ha dado materia de an\u00e1lisis para los medios, ah\u00ed s\u00ed reprueba su trabajo profesional que tanto enalteciera en el pasado cuando la cr\u00edtica se cern\u00eda sobre la cabeza de \u201clos bueyes del compadre\u201d, se\u00f1al que no deja lugar a dudas su tremenda intolerancia e incapacidad para asumir la cr\u00edtica.<\/p>\n<p style=\"text-align: justify;\">Los se\u00f1alamientos en esta otra nota de autor\u00eda de un periodista reconocido por sus investigaciones de profundidad que lo han llevado a publicar tres libros y cuyo tema esta relacionado al PAN y los grupos que en el convergen. Se trata de \u00c1lvaro Delgado, quien public\u00f3 hace poco:\u00a0\u201cCaso Breach: Corral solapa narcopol\u00edtica del PAN\u201d. El gobernador de Chihuahua se desgarra las vestiduras y acusa al periodista a trav\u00e9s de un medio oficial, Cambio 16, de violar su \u201cderecho de honor\u201d, en lugar de demostrar que no est\u00e1 estancada la investigaci\u00f3n del asesinato de la periodista Miroslava Breach y que no est\u00e1 solapando a otros panistas que incluso est\u00e1n trabajando en la funci\u00f3n p\u00fablica, como es el caso de Mario V\u00e1zquez Robles, exdirigente estatal del PAN (y actual funcionario municipal, en el gobierno de Maru Campos, en la Capital) y su exvocero, Alfredo Pi\u00f1era.<\/p>\n<p style=\"text-align: justify;\">As\u00ed se menciona en la nota: \u201cPeor: Los \u2018narcopol\u00edticos\u2019 como autores del asesinato se desvanecieron en la investigaci\u00f3n, quiz\u00e1 porque est\u00e1n coludidos personajes del PAN, como Mario V\u00e1zquez Robles, expresidente estatal y actual director de Servicios P\u00fablicos del gobierno municipal de Chihuahua, y Alfredo Pi\u00f1era Guevara, exvocero de ese partido\u201d, y m\u00e1s adelante resalta Delgado: \u201cEl asesinato de Miroslava ya lo arrumb\u00f3 y no pronunci\u00f3 una sola palabra en su mensaje con motivo de su primer informe de gobierno. Corral ha quedado como un impostor\u201d.<\/p>\n<p style=\"text-align: justify;\">Es precisamente en este punto donde equivoca la manera de tratar el asunto el gobernador, defiende a capa y espada su propia causa sin pensar nunca en la autocr\u00edtica, en las faltas que pudo haber cometido, por el contrario se muestra aguerrido, intolerante para mayor precisi\u00f3n. Reacciona y se va a la yugular del que considera enemigo por su cr\u00edtica, ataca sin mayor contemplaci\u00f3n, as\u00ed queda evidenciado en la nota reactiva que public\u00f3 esta semana Cambio 16: \u00a0\u201cLa nota sin firma comienza: \u201cEl portal\u00a0www.proceso.com.mx\u00a0public\u00f3 un art\u00edculo plagado de mentiras que incluye infamias en contra del gobernador de Chihuahua, Javier Corral Jurado.<\/p>\n<p style=\"text-align: justify;\">El texto, firmado por \u00c1lvaro Delgado, viola el derecho al honor del gobernado al incurrir en \u201cmalicia efectiva\u201d, en t\u00e9rminos de la Ley de Responsabilidad Civil para la Protecci\u00f3n del Derecho a la Vida Privada, el Honor y la Propia Imagen en el Distrito Federal.<\/p>\n<p style=\"text-align: justify;\">Los se\u00f1alamientos malintencionados del autor incurren en la colusi\u00f3n de da\u00f1o al patrimonio moral (\u2026)\u201d<\/p>\n<p style=\"text-align: justify;\">\u201cDelgado medra con el caso. Utiliza el nombre de la comunicadora para confundir, desorientar y generar incertidumbre al propagar especulaciones que van en contra de las buenas pr\u00e1cticas period\u00edsticas (\u2026)\u201d<\/p>\n<p style=\"text-align: justify;\">\u201cEstas aclaraciones se presentan en defensa de la administraci\u00f3n estatal ante el mal periodismo, sin menoscabo de la libertad de expresi\u00f3n de prensa del medio y del autor\u201d.<\/p>\n<p style=\"text-align: justify;\">Finalmente, el mandatario cierra con broche de oro su propia defensa, donde no escatima recursos ret\u00f3ricos para pontificar sobre la buena y mala pr\u00e1ctica del periodismo, se siente con calidad moral y profesional para decir quien es justo y equitativo, malintencionado y extorsionador. Por supuesto, a conveniencia totalmente, porque se puede ver en su historial una larga lista de incongruencias, en la cual aquellos que primero lo criticaban \u00e9l los llegaba a satanizar, (ah\u00ed, muy junto a \u00e9l esta el vivo ejemplo de Gustavo Madero, y muchos otros que mientras fueron sus cr\u00edticos ellos eran lo peor desde su punto de vista, pero cuando estaban de su parte, los eleva cual deidades del Olimpo, as\u00ed ha sido con los pol\u00edticos, los comunicadores no son la excepci\u00f3n.<\/p>\n<p style=\"text-align: justify;\">Mi \u00faltima reflexi\u00f3n sobre esta situaci\u00f3n que ha caracterizado al gobierno de Javier Corral, es que \u00e9l est\u00e1 haciendo todo lo contrario a lo que ofreci\u00f3 en campa\u00f1a e iniciado su gesti\u00f3n, y que en el caso habl\u00f3 de que los medios experimentar\u00edan durante su mandato una libertad de expresi\u00f3n como nunca la hab\u00edan vivido y una relaci\u00f3n excelsa con su administraci\u00f3n, y la verdad es que ni una ni otra cosa est\u00e1 sucediendo, nom\u00e1s hay que preguntar a cualquiera de los periodistas de Chihuahua si esta situaci\u00f3n es real o una completa falacia. Los medios en Chihuahua est\u00e1n confrontados con el gobernador Javier Corral por su cerrada pol\u00edtica de medios, que no \u00fanicamente mantiene cerrada la llave del presupuesto sino la de la buena relaci\u00f3n, la del trato humano y c\u00e1lido que siempre ofreci\u00f3 y nunca otorg\u00f3. Lo peor del caso es que no es solamente con los medios y los comunicadores, hay muchos sectores que andan por las mismas, o preg\u00fantenle a los abogados asociados, a los representantes de las c\u00e1maras empresariales, a los constructores, al gremio magisterial, a los m\u00e9dicos, a los partidos pol\u00edticos, incluyendo al PAN.<\/p>\n<p style=\"text-align: justify;\">El problema del gobierno de Chihuahua no es ni la falta de recursos, ni la cr\u00edtica de los medios, ni mucho menos la oposici\u00f3n que censura las faltas del actual gobierno, sino es el propio gobernador que aplica a sus adversarios y sectores en general la ley del pan o palo en su m\u00e1s moderna presentaci\u00f3n. Corral result\u00f3 bueno para prometer, muy malo para cumplir, y peor para aceptar el error.<\/p>\n<p style=\"text-align: justify;\">Sugerencias y comentarios favor de hac\u00e9rmelos llegar a mi correo:\u00a0cpc16169@gmail.com<\/p>\n","protected":false},"excerpt":{"rendered":"<p>Un gobierno marcado por la m\u00e1xima intolerancia a la cr\u00edtica p\u00fablica, y por lo tanto incapaz de reconocer el m\u00ednimo error, la m\u00ednima deficiencia de su administraci\u00f3n; un gobierno ensoberbecido que recurre a la denostaci\u00f3n, a la defensa a ultranza de cualquier se\u00f1alamiento justo o no, es naturalmente un gobierno destinado al fracaso, porque su [&hellip;]<\/p>\n","protected":false},"author":6,"featured_media":0,"comment_status":"open","ping_status":"open","sticky":false,"template":"","format":"standard","meta":{"_acf_changed":false,"_monsterinsights_skip_tracking":false,"slim_seo":{"title":"Los medios y su peor momento para ejercer - Opini\u00f3n P\u00fablica","description":"Un gobierno marcado por la m\u00e1xima intolerancia a la cr\u00edtica p\u00fablica, y por lo tanto incapaz de reconocer el m\u00ednimo error, la m\u00ednima deficiencia de su administra"},"footnotes":""},"categories":[34],"tags":[],"class_list":["post-15638","post","type-post","status-publish","format-standard","hentry","category-construyendo"],"acf":[],"_links":{"self":[{"href":"https:\/\/www.opinionpublica.tv\/portada\/wp-json\/wp\/v2\/posts\/15638","targetHints":{"allow":["GET"]}}],"collection":[{"href":"https:\/\/www.opinionpublica.tv\/portada\/wp-json\/wp\/v2\/posts"}],"about":[{"href":"https:\/\/www.opinionpublica.tv\/portada\/wp-json\/wp\/v2\/types\/post"}],"author":[{"embeddable":true,"href":"https:\/\/www.opinionpublica.tv\/portada\/wp-json\/wp\/v2\/users\/6"}],"replies":[{"embeddable":true,"href":"https:\/\/www.opinionpublica.tv\/portada\/wp-json\/wp\/v2\/comments?post=15638"}],"version-history":[{"count":0,"href":"https:\/\/www.opinionpublica.tv\/portada\/wp-json\/wp\/v2\/posts\/15638\/revisions"}],"wp:attachment":[{"href":"https:\/\/www.opinionpublica.tv\/portada\/wp-json\/wp\/v2\/media?parent=15638"}],"wp:term":[{"taxonomy":"category","embeddable":true,"href":"https:\/\/www.opinionpublica.tv\/portada\/wp-json\/wp\/v2\/categories?post=15638"},{"taxonomy":"post_tag","embeddable":true,"href":"https:\/\/www.opinionpublica.tv\/portada\/wp-json\/wp\/v2\/tags?post=15638"}],"curies":[{"name":"wp","href":"https:\/\/api.w.org\/{rel}","templated":true}]}}