{"id":1557,"date":"2016-08-03T06:00:00","date_gmt":"2016-08-03T04:00:00","guid":{"rendered":"https:\/\/www.opinionpublica.tv\/portada\/2016\/08\/03\/primer-semestre-del-2016-el-mas-violento-en-3-anos\/"},"modified":"2016-08-03T06:00:00","modified_gmt":"2016-08-03T04:00:00","slug":"primer-semestre-del-2016-el-mas-violento-en-3-anos","status":"publish","type":"post","link":"https:\/\/www.opinionpublica.tv\/portada\/primer-semestre-del-2016-el-mas-violento-en-3-anos\/","title":{"rendered":"Primer semestre del 2016, el m\u00e1s violento en 3 a\u00f1os"},"content":{"rendered":"<p><img fetchpriority=\"high\" decoding=\"async\" class=\" size-full wp-image-1556\" src=\"https:\/\/www.opinionpublica.tv\/portada\/wp-content\/uploads\/2016\/08\/b8be0c31d8c923440f8ffc4e5e818d73.jpg\" alt=\"\" width=\"850\" height=\"478\" srcset=\"https:\/\/www.opinionpublica.tv\/portada\/wp-content\/uploads\/2016\/08\/b8be0c31d8c923440f8ffc4e5e818d73.jpg 850w, https:\/\/www.opinionpublica.tv\/portada\/wp-content\/uploads\/2016\/08\/b8be0c31d8c923440f8ffc4e5e818d73-300x169.jpg 300w, https:\/\/www.opinionpublica.tv\/portada\/wp-content\/uploads\/2016\/08\/b8be0c31d8c923440f8ffc4e5e818d73-768x432.jpg 768w\" sizes=\"(max-width: 850px) 100vw, 850px\" \/><\/p>\n<p style=\"text-align: justify;\">El primer semestre de 2016 registr\u00f3 un aumento en el n\u00famero de muertes violentas, en comparaci\u00f3n con el mismo periodo de los dos a\u00f1os anteriores, de acuerdo con datos del Informe de v\u00edctimas de homicidio, secuestro y extorsi\u00f3n del Secretariado Ejecutivo del Sistema Nacional de Seguridad P\u00fablica (SNSP).<\/p>\n<p style=\"text-align: justify;\">De enero a junio de este a\u00f1o, ocurrieron 10,301 homicidios dolosos en el pa\u00eds, 1,322 v\u00edctimas m\u00e1s que en el mismo lapso de 2015 (cuando ocurrieron 8,979), a\u00f1o que registr\u00f3 una baja en comparaci\u00f3n con el n\u00famero de asesinatos en 2014, cuando hubo 9,057 casos, seg\u00fan se desprende de los reportes entregados por las procuradur\u00edas de Justicia de las 32 entidades federativas. Desde 2014, estos informes desglosan el n\u00famero de v\u00edctimas, y no s\u00f3lo la cantidad de averiguaciones previas iniciadas.<\/p>\n<p style=\"text-align: justify;\">Con 1,895 y 1,828 casos, respectivamente, los meses de mayo y junio de 2016 fueron los que registraron un mayor n\u00famero de homicidios, al concentrar el 36% de los casos en lo que va del a\u00f1o. Se trata de los meses m\u00e1s violentos en lo que va desde que inici\u00f3 esta medici\u00f3n; la cifra m\u00e1s alta previamente registrada fue de 1,623 casos, en mayo de 2015.<\/p>\n<p style=\"text-align: justify;\">Por entidad federativa, el Estado de M\u00e9xico y Guerrero se situaron como los que m\u00e1s homicidios dolosos registraron en lo que va del a\u00f1o, con 1,136 y 1,052 casos, respectivamente. En 2014 y 2015, estas entidades tambi\u00e9n lideraron en el n\u00famero de v\u00edctimas registradas por este crimen durante el primer semestre del a\u00f1o.<\/p>\n<p style=\"text-align: justify;\">Las otras tres entidades que encabezaron el <i>ranking<\/i> de muertes violentas fueron Jalisco, con 611; Chihuahua, con 595, y Michoac\u00e1n, con 584.<\/p>\n<p style=\"text-align: justify;\">En los dos a\u00f1os anteriores, este fen\u00f3meno tambi\u00e9n impact\u00f3 a Tamaulipas, que se ubic\u00f3 entre las primeras cinco entidades con m\u00e1s homicidios en 2014 y 2015, con 1,047 en conjunto. Sin embargo, para el primer semestre de este a\u00f1o registra 402 asesinatos, que lo ubican en la posici\u00f3n 11.<\/p>\n<p style=\"text-align: justify;\">Las entidades que menos homicidios han registrado en lo que va de 2016 son Aguascalientes, con 25; Yucat\u00e1n, con 24, y Nayarit, con 17. Estas cifras son similares a las registradas en los dos a\u00f1os anteriores, a excepci\u00f3n de Nayarit, que en el primer semestre de 2014 tuvo una cifra m\u00e1s alta, con 65 casos.<\/p>\n<p style=\"text-align: justify;\">Con informaci\u00f3n de Expansi\u00f3n<\/p>\n","protected":false},"excerpt":{"rendered":"<p>El primer semestre de 2016 registr\u00f3 un aumento en el n\u00famero de muertes violentas, en comparaci\u00f3n con el mismo periodo de los dos a\u00f1os anteriores, de acuerdo con datos del Informe de v\u00edctimas de homicidio, secuestro y extorsi\u00f3n del Secretariado Ejecutivo del Sistema Nacional de Seguridad P\u00fablica (SNSP). De enero a junio de este a\u00f1o, [&hellip;]<\/p>\n","protected":false},"author":1,"featured_media":1556,"comment_status":"open","ping_status":"open","sticky":false,"template":"","format":"standard","meta":{"_acf_changed":false,"_monsterinsights_skip_tracking":false,"slim_seo":{"title":"Primer semestre del 2016, el m\u00e1s violento en 3 a\u00f1os - Opini\u00f3n P\u00fablica","description":"El primer semestre de 2016 registr\u00f3 un aumento en el n\u00famero de muertes violentas, en comparaci\u00f3n con el mismo periodo de los dos a\u00f1os anteriores, de acuerdo con"},"footnotes":""},"categories":[3],"tags":[],"class_list":["post-1557","post","type-post","status-publish","format-standard","has-post-thumbnail","hentry","category-principal"],"acf":[],"_links":{"self":[{"href":"https:\/\/www.opinionpublica.tv\/portada\/wp-json\/wp\/v2\/posts\/1557","targetHints":{"allow":["GET"]}}],"collection":[{"href":"https:\/\/www.opinionpublica.tv\/portada\/wp-json\/wp\/v2\/posts"}],"about":[{"href":"https:\/\/www.opinionpublica.tv\/portada\/wp-json\/wp\/v2\/types\/post"}],"author":[{"embeddable":true,"href":"https:\/\/www.opinionpublica.tv\/portada\/wp-json\/wp\/v2\/users\/1"}],"replies":[{"embeddable":true,"href":"https:\/\/www.opinionpublica.tv\/portada\/wp-json\/wp\/v2\/comments?post=1557"}],"version-history":[{"count":0,"href":"https:\/\/www.opinionpublica.tv\/portada\/wp-json\/wp\/v2\/posts\/1557\/revisions"}],"wp:featuredmedia":[{"embeddable":true,"href":"https:\/\/www.opinionpublica.tv\/portada\/wp-json\/wp\/v2\/media\/1556"}],"wp:attachment":[{"href":"https:\/\/www.opinionpublica.tv\/portada\/wp-json\/wp\/v2\/media?parent=1557"}],"wp:term":[{"taxonomy":"category","embeddable":true,"href":"https:\/\/www.opinionpublica.tv\/portada\/wp-json\/wp\/v2\/categories?post=1557"},{"taxonomy":"post_tag","embeddable":true,"href":"https:\/\/www.opinionpublica.tv\/portada\/wp-json\/wp\/v2\/tags?post=1557"}],"curies":[{"name":"wp","href":"https:\/\/api.w.org\/{rel}","templated":true}]}}