{"id":15565,"date":"2017-10-25T06:00:00","date_gmt":"2017-10-25T04:00:00","guid":{"rendered":"https:\/\/www.opinionpublica.tv\/portada\/2017\/10\/25\/opciones-electorales-para-el-2018\/"},"modified":"2017-10-25T06:00:00","modified_gmt":"2017-10-25T04:00:00","slug":"opciones-electorales-para-el-2018","status":"publish","type":"post","link":"https:\/\/www.opinionpublica.tv\/portada\/opciones-electorales-para-el-2018\/","title":{"rendered":"Opciones Electorales para el 2018"},"content":{"rendered":"<p style=\"text-align: justify;\">Este 2018 va a ser el momento del \u201cquiebre hist\u00f3rico\u201d al cual me he referido en mi libro que se titula igual que esta Columna. Realmente, lo que decidamos los mexicanos el 1\u00ba de julio del a\u00f1o que entra va a marcar nuestras vidas, sobre todo las de los famosos \u201c<em>millennials\u201d, <\/em>es decir, los primeros que llegan a la mayor\u00eda de edad en el Siglo XXI, que votar\u00e1n por primera vez en estos comicios.<\/p>\n<p><!--more--><\/p>\n<p style=\"text-align: justify;\">Tenemos en estas elecciones dos grandes disyuntivas, los mexicanos que desean votar en favor de L\u00f3pez Obrador o los que desean votar en contra. En esta \u00faltima categor\u00eda se encuentra el gran dilema a despejar, por la simple y sencilla raz\u00f3n de que hay m\u00faltiples opciones. Yo las clasifico en tres grandes bloques:<\/p>\n<p style=\"text-align: justify;\">Primer Bloque:<\/p>\n<p style=\"text-align: justify;\">La Alianza Ciudadana por M\u00e9xico, integrada por el Partido Acci\u00f3n Nacional, que es la parte fuerte de esta alianza, por el Partido de la Revoluci\u00f3n Democr\u00e1tica y por el partido llamado Movimiento Ciudadano.<\/p>\n<p style=\"text-align: justify;\">El problema en que se encuentra sumergido esta futura coalici\u00f3n es \u00bfqui\u00e9n va a ser el abanderado de la misma? A mi forma de ver, todo indica que ser\u00e1 Ricardo Anaya Cort\u00e9s, el Presidente del PAN, ya que tiene el control total de dicho partido y sin el PAN la Alianza se tornar\u00eda no-competitiva.<\/p>\n<p style=\"text-align: justify;\">Hay mucha especulaci\u00f3n sobre el hecho de que recientemente Anaya le declar\u00f3 al PRI-Gobierno la guerra abierta, debido a alg\u00fan tipo de arreglo incumplido realizado con el PRI para las elecciones del Edom\u00e9x y de Coahuila. Como resultado de este rompimiento, se han venido dando ataques duros en contra de Anaya por los medios nacionales, y se dice que han sido orquestados por el PRI-Gobierno, aduciendo actos de corrupci\u00f3n y de deslealtad de Anaya.<\/p>\n<p style=\"text-align: justify;\">Por ello se ha venido especulando de que es posible que la Alianza no lo dese\u00e9, sino que se est\u00e1 buscando un sustituto, como el Gobernador de mi Estado de Chihuahua, Javier Corral, quien tienen una gran ascendencia en la izquierda, est\u00e1 persiguiendo ferozmente la corrupci\u00f3n de los priistas y tiene buena fama nacional de entr\u00f3n y valiente en la pol\u00edtica.<\/p>\n<p style=\"text-align: justify;\">Segundo Bloque:<\/p>\n<p style=\"text-align: justify;\">Integrado por el Partido Revolucionario Institucional, el Partido Verde Ecologista y Nueva Alianza (aunque este \u00faltimo partido le ha estado coqueteando a la Alianza del PAN, junto con el Partido Encuentro Social).<\/p>\n<p style=\"text-align: justify;\">Las mayores fortalezas del PRI son, en primer lugar, que tienen el poder del gobierno federal y de muchos estados, as\u00ed como el de la chequera abierta y la falta de escr\u00fapulos para su utilizaci\u00f3n, y cuentan con personas incondicionales regadas en muchas instituciones clave como el INE, la Suprema Corte de Justicia de la Naci\u00f3n, y claro est\u00e1 con la PGR descabezada y con una FEPADE sin titular.<\/p>\n<p style=\"text-align: justify;\">Adem\u00e1s de la anterior, cuentan con la estructura territorial partidista m\u00e1s poderosa del pa\u00eds, que opera tanto campa\u00f1as como procesos electorales.<\/p>\n<p style=\"text-align: justify;\">La mayor debilidad del PRI es el grand\u00edsimo desprestigio de la Presidencia de la Rep\u00fablica y el odio generalizado de la poblaci\u00f3n hacia sus gobiernos, sus pol\u00edticos y su significado, principalmente en relaci\u00f3n con la corrupci\u00f3n.<\/p>\n<p style=\"text-align: justify;\">En este bloque, el puntero en las preferencias hacia dentro y fuera del PRI, es el Secretario de Gobernaci\u00f3n Osorio Chong, aunque parece ser que las preferencias personales del Presidente Pe\u00f1a Nieto van por el Secretario de Educaci\u00f3n Nu\u00f1o, quien es su amigo \u00edntimo. Pero, parece ser que las conveniencias electorales le indican a los l\u00edderes del PRI que su abanderado sea el Secretario de Hacienda Meade, apostando a que pueda atraer el voto de los panistas resentidos con la salida de Margarita Zavala y de los ciudadanos anti AMLO que a\u00fan no est\u00e1n decididos, ya que Meade da el perfil de hombre serio, no-priista y que ha participado en el gabinete del Presidente Calder\u00f3n.<\/p>\n<p style=\"text-align: justify;\">Tercer Bloque:<\/p>\n<p style=\"text-align: justify;\">Se puede considerar que los independientes pudieran conformar un bloque si uno de ellos fuera el \u00fanico que obtuviera el registro, despu\u00e9s de obtener las firmas de apoyo que marca la ley, y se unieran en torno de dicha persona. Parece ser que la \u00fanica que lo pudiera lograr es Margarita Zavala, pero est\u00e1 por verse si personajes como El Bronco le apuestan a eso.<\/p>\n<p style=\"text-align: justify;\">El Dilema:<\/p>\n<p style=\"text-align: justify;\">Hasta ahorita las encuestas muestran a AMLO con clara y c\u00f3moda ventaja ante tanta dispersi\u00f3n del voto de sus opositores. As\u00ed que lo que yo predigo que pueda pasar es que, arrancadas las campa\u00f1as y decantadas las preferencias, la oposici\u00f3n pueda unirse en torno del que vaya m\u00e1s adelantado, para generar el voto \u00fatil que derrote a AMLO; de no suceder esto ganar\u00e1.<\/p>\n<p style=\"text-align: justify;\">Por \u00faltimo no hay que descartar que el PRI se vaya a las a\u00f1ejas pr\u00e1cticas del fraude, como ya lo hizo en Edomex y Coahuila.<\/p>\n","protected":false},"excerpt":{"rendered":"<p>Este 2018 va a ser el momento del \u201cquiebre hist\u00f3rico\u201d al cual me he referido en mi libro que se titula igual que esta Columna. Realmente, lo que decidamos los mexicanos el 1\u00ba de julio del a\u00f1o que entra va a marcar nuestras vidas, sobre todo las de los famosos \u201cmillennials\u201d, es decir, los primeros [&hellip;]<\/p>\n","protected":false},"author":6,"featured_media":0,"comment_status":"open","ping_status":"open","sticky":false,"template":"","format":"standard","meta":{"_acf_changed":false,"_monsterinsights_skip_tracking":false,"slim_seo":{"title":"Opciones Electorales para el 2018 - Opini\u00f3n P\u00fablica","description":"Este 2018 va a ser el momento del \u201cquiebre hist\u00f3rico\u201d al cual me he referido en mi libro que se titula igual que esta Columna. Realmente, lo que decidamos los m"},"footnotes":""},"categories":[17],"tags":[],"class_list":["post-15565","post","type-post","status-publish","format-standard","hentry","category-ultima-instancia"],"acf":[],"_links":{"self":[{"href":"https:\/\/www.opinionpublica.tv\/portada\/wp-json\/wp\/v2\/posts\/15565","targetHints":{"allow":["GET"]}}],"collection":[{"href":"https:\/\/www.opinionpublica.tv\/portada\/wp-json\/wp\/v2\/posts"}],"about":[{"href":"https:\/\/www.opinionpublica.tv\/portada\/wp-json\/wp\/v2\/types\/post"}],"author":[{"embeddable":true,"href":"https:\/\/www.opinionpublica.tv\/portada\/wp-json\/wp\/v2\/users\/6"}],"replies":[{"embeddable":true,"href":"https:\/\/www.opinionpublica.tv\/portada\/wp-json\/wp\/v2\/comments?post=15565"}],"version-history":[{"count":0,"href":"https:\/\/www.opinionpublica.tv\/portada\/wp-json\/wp\/v2\/posts\/15565\/revisions"}],"wp:attachment":[{"href":"https:\/\/www.opinionpublica.tv\/portada\/wp-json\/wp\/v2\/media?parent=15565"}],"wp:term":[{"taxonomy":"category","embeddable":true,"href":"https:\/\/www.opinionpublica.tv\/portada\/wp-json\/wp\/v2\/categories?post=15565"},{"taxonomy":"post_tag","embeddable":true,"href":"https:\/\/www.opinionpublica.tv\/portada\/wp-json\/wp\/v2\/tags?post=15565"}],"curies":[{"name":"wp","href":"https:\/\/api.w.org\/{rel}","templated":true}]}}