{"id":15537,"date":"2017-10-20T06:00:00","date_gmt":"2017-10-20T04:00:00","guid":{"rendered":"https:\/\/www.opinionpublica.tv\/portada\/2017\/10\/20\/un-puente-sobre-el-abismo\/"},"modified":"2017-10-20T06:00:00","modified_gmt":"2017-10-20T04:00:00","slug":"un-puente-sobre-el-abismo","status":"publish","type":"post","link":"https:\/\/www.opinionpublica.tv\/portada\/un-puente-sobre-el-abismo\/","title":{"rendered":"Un puente sobre el abismo"},"content":{"rendered":"<p style=\"text-align: justify;\">Esta semana se cumple un mes del segundo temblor. El sismo revel\u00f3 de qu\u00e9 estamos hechos: hero\u00edsmo y mezquindad; generosidad y ego\u00edsmo; genuina solidaridad popular. Y una clase pol\u00edtica divorciada de la sociedad.<\/p>\n<p><!--more--><\/p>\n<p style=\"text-align: justify;\">No me refiero al Estado ausente, porque estuvo muy presente, en muchos casos coordinando y en otros, los menos, estorbando. Me refiero a la desaparici\u00f3n de la clase pol\u00edtica de las labores de ayuda y rescate. No se vio por ah\u00ed a diputados, senadores o funcionarios. (El delegado en Xochimilco, de Morena, se apareci\u00f3 dos d\u00edas despu\u00e9s del temblor, con las manos vac\u00edas, y lo corrieron a patadas.) Ni precandidatos ni candidatos ni jefes de partido o de bancada.<\/p>\n<p style=\"text-align: justify;\">No ocurri\u00f3 como en el temblor del 85. En esta ocasi\u00f3n no se pasm\u00f3 el gobierno. Marinos y Ej\u00e9rcito actuaron de manera destacada (pero no en todas partes con la misma intensidad y eficacia). Apareci\u00f3 un cuerpo de Protecci\u00f3n Civil muy activo. Lo que esta vez pudimos ver fue la distancia que separa a los pol\u00edticos de los ciudadanos para los cuales trabajan.<\/p>\n<p style=\"text-align: justify;\">Acudi\u00f3 Osorio Chong, secretario de Gobernaci\u00f3n, y le fue muy mal: le arrojaron cosas y hasta un zape se llev\u00f3. Pero le fue as\u00ed porque lleg\u00f3 como secretario de Estado: en comitiva, con su escolta de guardias. La gente repudi\u00f3 su oportunismo. Pudieron haber llegado de otro modo, discretos, en la madrugada, con cubre bocas. Dispuestos a ayudar. Si m\u00e1s tarde alguien los hubiera reconocido, no lo podr\u00edan sacar a empujones porque estuvo ah\u00ed, acarreando cubetas en una cadena.<\/p>\n<p style=\"text-align: justify;\">No se les ocurri\u00f3 mezclarse con la gente. \u00bfPor qu\u00e9? Lo que el temblor puso de manifiesto fue un abismo entre clase pol\u00edtica y sociedad. No existen \u2013o no encontraron, o ni siquiera los buscaron\u2013 los puentes o veredas que comuniquen un mundo con otro. Antes esa funci\u00f3n la cumpl\u00edan los partidos. Ya no. O al menos no en esta ocasi\u00f3n.<\/p>\n<p style=\"text-align: justify;\">No se paraliz\u00f3 el gobierno, se pasm\u00f3 su clase pol\u00edtica. Especialmente los m\u00e1s visibles. \u201cYo he visto ausencia de l\u00edderes pol\u00edticos de partidos\u201d, dijo Carlos Slim hace unos d\u00edas, al tiempo que donaba miles de millones de pesos para la reconstrucci\u00f3n.<\/p>\n<p style=\"text-align: justify;\">Si en las elecciones de 2018 elegiremos un l\u00edder, hombre o mujer, que conduzca el destino del pa\u00eds y que sepa administrar y crecer en los tiempos buenos, y responder en momentos de adversidades, tenemos un problema: a ninguno de los suspirantes por la Presidencia se le vio madera. Tal vez ninguno de ellos sea el l\u00edder que necesitamos. Adem\u00e1s, la sociedad \u2013ya lo mostr\u00f3 en el temblor\u2013 no necesita un salvador.<\/p>\n<p style=\"text-align: justify;\">\u00bfPuede decirse que emergi\u00f3 un M\u00e9xico distinto de las ruinas de los edificios? \u00bfUn M\u00e9xico solidario, autogestivo, horizontal, mayoritariamente joven? No me lo parece. El mismo esp\u00edritu solidario se observ\u00f3 luego del temblor de 1985. Como ahora, miles de j\u00f3venes se movilizaron, se organizaron espont\u00e1neamente. Surgieron del temblor liderazgos como el de Ren\u00e9 Bejarano y Dolores Padierna. Pero no mucho m\u00e1s. Tambi\u00e9n en el 85 cre\u00edmos ver (as\u00ed lo retrat\u00f3 Carlos Monsiv\u00e1is en Entrada libre, cr\u00f3nicas de una sociedad que se organiza) el nacimiento de la sociedad civil.<\/p>\n<p style=\"text-align: justify;\">\u00bfEsa sociedad en movimiento fue la que llev\u00f3 a millones a votar a favor de C\u00e1rdenas y en contra de Salinas? Y si lo fue, \u00bfpor qu\u00e9 no se organiz\u00f3 para defender el supuesto triunfo?<\/p>\n<p style=\"text-align: justify;\">No es posible determinar hoy cu\u00e1les ser\u00e1n las repercusiones pol\u00edticas del temblor en 2018. No se sabe si los j\u00f3venes se movilizar\u00e1n a favor de alguno de los candidatos (de partido o independiente) o su forma de participar sea la abstenci\u00f3n o el voto nulo.<\/p>\n<p style=\"text-align: justify;\">Una generaci\u00f3n, por lo regular, tiene como eje un hecho hist\u00f3rico relevante. El temblor y sus repercusiones podr\u00eda ser ese eje en lo pol\u00edtico. Tal vez ya est\u00e9 ocurriendo y sea embrionariamente visible en las redes sociales. O en redes no p\u00fablicas, como WhatsApp y semejantes. Tal vez lo determinante para la elecci\u00f3n del a\u00f1o entrante sea una eventual cancelaci\u00f3n del TLC antes de los comicios (y con ella el desplome del PRI) o por el contrario, el fortalecimiento del PRI gracias a la inyecci\u00f3n multimillonaria de emergencia en infraestructura en el sureste del pa\u00eds.<\/p>\n<p style=\"text-align: justify;\">Lo m\u00e1s probable es que no sea determinante ni uno ni otro factor, sino que la elecci\u00f3n la decidan una multitud de factores e intereses sobrepuestos. Hago votos porque alguna de las opciones sea capaz de tender un puente que cubra el abismo que hoy existe entre la clase pol\u00edtica y la sociedad.<\/p>\n<p style=\"text-align: justify;\"><strong>Twitter:\u00a0<\/strong><a href=\"https:\/\/twitter.com\/Fernandogr\">@Fernandogr<\/a><\/p>\n","protected":false},"excerpt":{"rendered":"<p>Esta semana se cumple un mes del segundo temblor. El sismo revel\u00f3 de qu\u00e9 estamos hechos: hero\u00edsmo y mezquindad; generosidad y ego\u00edsmo; genuina solidaridad popular. Y una clase pol\u00edtica divorciada de la sociedad.<\/p>\n","protected":false},"author":6,"featured_media":0,"comment_status":"open","ping_status":"open","sticky":false,"template":"","format":"standard","meta":{"_acf_changed":false,"_monsterinsights_skip_tracking":false,"slim_seo":{"title":"Un puente sobre el abismo - Opini\u00f3n P\u00fablica","description":"Esta semana se cumple un mes del segundo temblor. El sismo revel\u00f3 de qu\u00e9 estamos hechos: hero\u00edsmo y mezquindad; generosidad y ego\u00edsmo; genuina solidaridad popul"},"footnotes":""},"categories":[38],"tags":[],"class_list":["post-15537","post","type-post","status-publish","format-standard","hentry","category-columna-invitada"],"acf":[],"_links":{"self":[{"href":"https:\/\/www.opinionpublica.tv\/portada\/wp-json\/wp\/v2\/posts\/15537","targetHints":{"allow":["GET"]}}],"collection":[{"href":"https:\/\/www.opinionpublica.tv\/portada\/wp-json\/wp\/v2\/posts"}],"about":[{"href":"https:\/\/www.opinionpublica.tv\/portada\/wp-json\/wp\/v2\/types\/post"}],"author":[{"embeddable":true,"href":"https:\/\/www.opinionpublica.tv\/portada\/wp-json\/wp\/v2\/users\/6"}],"replies":[{"embeddable":true,"href":"https:\/\/www.opinionpublica.tv\/portada\/wp-json\/wp\/v2\/comments?post=15537"}],"version-history":[{"count":0,"href":"https:\/\/www.opinionpublica.tv\/portada\/wp-json\/wp\/v2\/posts\/15537\/revisions"}],"wp:attachment":[{"href":"https:\/\/www.opinionpublica.tv\/portada\/wp-json\/wp\/v2\/media?parent=15537"}],"wp:term":[{"taxonomy":"category","embeddable":true,"href":"https:\/\/www.opinionpublica.tv\/portada\/wp-json\/wp\/v2\/categories?post=15537"},{"taxonomy":"post_tag","embeddable":true,"href":"https:\/\/www.opinionpublica.tv\/portada\/wp-json\/wp\/v2\/tags?post=15537"}],"curies":[{"name":"wp","href":"https:\/\/api.w.org\/{rel}","templated":true}]}}