{"id":1549,"date":"2016-08-03T06:00:00","date_gmt":"2016-08-03T04:00:00","guid":{"rendered":"https:\/\/www.opinionpublica.tv\/portada\/2016\/08\/03\/el-autobus-de-transito-elevado-de-china\/"},"modified":"2016-08-03T06:00:00","modified_gmt":"2016-08-03T04:00:00","slug":"el-autobus-de-transito-elevado-de-china","status":"publish","type":"post","link":"https:\/\/www.opinionpublica.tv\/portada\/el-autobus-de-transito-elevado-de-china\/","title":{"rendered":"El Autob\u00fas de Tr\u00e1nsito Elevado de China"},"content":{"rendered":"<p><img fetchpriority=\"high\" decoding=\"async\" class=\" size-full wp-image-1548\" src=\"https:\/\/www.opinionpublica.tv\/portada\/wp-content\/uploads\/2016\/08\/52568c24e240b502dc9c33c846cdefde.jpg\" alt=\"\" width=\"624\" height=\"351\" srcset=\"https:\/\/www.opinionpublica.tv\/portada\/wp-content\/uploads\/2016\/08\/52568c24e240b502dc9c33c846cdefde.jpg 624w, https:\/\/www.opinionpublica.tv\/portada\/wp-content\/uploads\/2016\/08\/52568c24e240b502dc9c33c846cdefde-300x169.jpg 300w\" sizes=\"(max-width: 624px) 100vw, 624px\" \/><\/p>\n<p style=\"text-align: justify;\">En medio de un enorme atasco en una autopista, un gigantesco autob\u00fas se eleva a m\u00e1s de dos metros de altura para avanzar por encima de dos carriles llenos de veh\u00edculos.<\/p>\n<p style=\"text-align: justify;\">Se trata de un invento que muy pronto podr\u00eda hacerse parte de la realidad cotidiana en China, que acaba de poner a prueba un modelo del llamado Autob\u00fas de Tr\u00e1nsito Elevado o TEB, por sus siglas en ingl\u00e9s.<\/p>\n<p style=\"text-align: justify;\">El prototipo fue presentado originalmente -y recibido con gran entusiasmo- en la decimonovena Exposici\u00f3n Internacional de Alta Tecnolog\u00eda de Pek\u00edn, en mayo pasado.<\/p>\n<p style=\"text-align: justify;\">Y este mi\u00e9rcoles, a penas dos meses m\u00e1s tarde, fue sometido a su prueba inaugural en la provincia de Hebei, en el noreste del pa\u00eds.<\/p>\n<div>\n<div>\n<h2 style=\"text-align: justify;\">Gran capacidad<\/h2>\n<p style=\"text-align: justify;\">En el lanzamiento de mayo, el ingeniero responsable del proyecto, Song Youzhou, dijo que el primer autob\u00fas podr\u00eda estar en funcionamiento este mismo a\u00f1o.<\/p>\n<p style=\"text-align: justify;\">\u00abLa mayor ventaja es que permitir\u00e1 ahorrar espacio en las autopistas\u00bb, dijo Song a la agencia estatal China, Xinhua.<\/p>\n<figure style=\"text-align: justify;\"><img decoding=\"async\" src=\"http:\/\/ichef.bbci.co.uk\/news\/624\/cpsprodpb\/057A\/production\/_90620410_hi034344763.jpg\" alt=\"Personas en una plataforma durante la prueba del TEB en la provincia de Hebei\" width=\"539\" height=\"303\" data-highest-encountered-width=\"624\" \/><\/figure>\n<figure style=\"text-align: justify;\">Image copyrightAP<figcaption>Image captionUn solo TEB puede hacer el trabajo de 40 autobuses, de acuerdo con la compa\u00f1\u00eda que lo construye.<\/figcaption><\/figure>\n<p style=\"text-align: justify;\">En esa oportunidad el ingeniero asegur\u00f3 que el gigantesco veh\u00edculo podr\u00e1 transportar hasta 1.400 pasajeros y que puede producirse a un costo 20% menor que el de un tren de metro.<\/p>\n<p style=\"text-align: justify;\">Un TEB podr\u00eda reemplazar, de acuerdo a Song, a 40 buses convencionales.<\/p>\n<p style=\"text-align: justify;\">El autob\u00fas gigantesco se mueve a trav\u00e9s de ra\u00edles o carriles.<\/p>\n<p style=\"text-align: justify;\">El espacio inferior tendr\u00e1 una altura de entre 2,1 y 2,2 metros, permitiendo que los autos privados avancen bajo la m\u00e1quina, o -si hay atascos- que el autob\u00fas avance.<\/p>\n<figure style=\"text-align: justify;\"><img decoding=\"async\" src=\"http:\/\/ichef.bbci.co.uk\/news\/624\/cpsprodpb\/10FEC\/production\/_90621696_hi034344769.jpg\" alt=\"Una mujer maneja bicicleta mientras, al otro lado de la v\u00eda, circula el primer TEB en per\u00edodo de prueba\" width=\"526\" height=\"296\" data-highest-encountered-width=\"624\" \/><\/figure>\n<figure style=\"text-align: justify;\">Image copyrightAP<figcaption>Image captionLleg\u00f3 el futuro.<\/figcaption><\/figure>\n<p style=\"text-align: justify;\">TEB estar\u00e1 compuesto de cuatro vagones encadenados con una longitud total de entre 58 y 62 metros.<\/p>\n<p style=\"text-align: justify;\">Su altura aproximada ser\u00e1 de 4,5 metros y el ancho de 7,8 metros.<\/p>\n<p style=\"text-align: justify;\">Se espera que alcance una velocidad de 60kph.<\/p>\n<p style=\"text-align: justify;\">Un problema de n\u00fameros<\/p>\n<p style=\"text-align: justify;\">Los atascos se han vuelto cada vez m\u00e1s numerosos en las autopistas del gigante asi\u00e1tico, que en 2009 pas\u00f3 a Estados Unidos y se convirti\u00f3 en el mayor mercado automotriz del mundo:<\/p>\n<p style=\"text-align: justify;\">En 2015 se vendieron en China m\u00e1s de 21 millones de veh\u00edculos.<\/p>\n<p style=\"text-align: justify;\">Sin embargo, el n\u00famero de autos en calles y autopistas chinas es a\u00fan muy inferior al de Estados Unidos.<\/p>\n<p style=\"text-align: justify;\">De acuerdo a datos oficiales, la cifra de veh\u00edculos registrados en Estados Unidos en 2014 fue cercana a 260 millones.<\/p>\n<p style=\"text-align: justify;\">En China era de unos 62 millones en 2009 y el gobierno estim\u00f3 que exceder\u00e1 los 200 millones en 2020.<\/p>\n<p style=\"text-align: justify;\">*Una versi\u00f3n de este art\u00edculo fue publicada el 27 de mayo de 2016, cuando se present\u00f3 el dise\u00f1o del TEB.<\/p>\n<\/div>\n<\/div>\n<div class=\"share share--lightweight  show ghost-column\">\n<div id=\"share-tools\">BBC Mundo\u00a0<\/div>\n<\/div>\n<div class=\"k2_video\"><iframe title=\"Este autob\u00fas puede conducir por encima del tr\u00e1fico - 15 POST\" width=\"800\" height=\"450\" src=\"https:\/\/www.youtube.com\/embed\/UBWwjErRovg?feature=oembed\" frameborder=\"0\" allow=\"accelerometer; autoplay; clipboard-write; encrypted-media; gyroscope; picture-in-picture; web-share\" referrerpolicy=\"strict-origin-when-cross-origin\" allowfullscreen><\/iframe>\n<\/div>\n","protected":false},"excerpt":{"rendered":"<p>En medio de un enorme atasco en una autopista, un gigantesco autob\u00fas se eleva a m\u00e1s de dos metros de altura para avanzar por encima de dos carriles llenos de veh\u00edculos. Se trata de un invento que muy pronto podr\u00eda hacerse parte de la realidad cotidiana en China, que acaba de poner a prueba un [&hellip;]<\/p>\n","protected":false},"author":1,"featured_media":1548,"comment_status":"open","ping_status":"open","sticky":false,"template":"","format":"standard","meta":{"_acf_changed":false,"_monsterinsights_skip_tracking":false,"slim_seo":{"title":"El Autob\u00fas de Tr\u00e1nsito Elevado de China - Opini\u00f3n P\u00fablica","description":"En medio de un enorme atasco en una autopista, un gigantesco autob\u00fas se eleva a m\u00e1s de dos metros de altura para avanzar por encima de dos carriles llenos de ve"},"footnotes":""},"categories":[14],"tags":[],"class_list":["post-1549","post","type-post","status-publish","format-standard","has-post-thumbnail","hentry","category-historias"],"acf":[],"_links":{"self":[{"href":"https:\/\/www.opinionpublica.tv\/portada\/wp-json\/wp\/v2\/posts\/1549","targetHints":{"allow":["GET"]}}],"collection":[{"href":"https:\/\/www.opinionpublica.tv\/portada\/wp-json\/wp\/v2\/posts"}],"about":[{"href":"https:\/\/www.opinionpublica.tv\/portada\/wp-json\/wp\/v2\/types\/post"}],"author":[{"embeddable":true,"href":"https:\/\/www.opinionpublica.tv\/portada\/wp-json\/wp\/v2\/users\/1"}],"replies":[{"embeddable":true,"href":"https:\/\/www.opinionpublica.tv\/portada\/wp-json\/wp\/v2\/comments?post=1549"}],"version-history":[{"count":0,"href":"https:\/\/www.opinionpublica.tv\/portada\/wp-json\/wp\/v2\/posts\/1549\/revisions"}],"wp:featuredmedia":[{"embeddable":true,"href":"https:\/\/www.opinionpublica.tv\/portada\/wp-json\/wp\/v2\/media\/1548"}],"wp:attachment":[{"href":"https:\/\/www.opinionpublica.tv\/portada\/wp-json\/wp\/v2\/media?parent=1549"}],"wp:term":[{"taxonomy":"category","embeddable":true,"href":"https:\/\/www.opinionpublica.tv\/portada\/wp-json\/wp\/v2\/categories?post=1549"},{"taxonomy":"post_tag","embeddable":true,"href":"https:\/\/www.opinionpublica.tv\/portada\/wp-json\/wp\/v2\/tags?post=1549"}],"curies":[{"name":"wp","href":"https:\/\/api.w.org\/{rel}","templated":true}]}}