{"id":15465,"date":"2017-10-05T06:00:00","date_gmt":"2017-10-05T04:00:00","guid":{"rendered":"https:\/\/www.opinionpublica.tv\/portada\/2017\/10\/05\/reflexiones-desde-el-charco\/"},"modified":"2017-10-05T06:00:00","modified_gmt":"2017-10-05T04:00:00","slug":"reflexiones-desde-el-charco","status":"publish","type":"post","link":"https:\/\/www.opinionpublica.tv\/portada\/reflexiones-desde-el-charco\/","title":{"rendered":"Reflexiones desde el Charco"},"content":{"rendered":"<p style=\"text-align: justify;\">La semana pasada llovi\u00f3 en Ciudad Ju\u00e1rez, nuevamente la movilidad de la ciudad entr\u00f3 en estado de caos; esto sucede cada vez que llueve, sin importar la intensidad de la lluvia. Harto de esta situaci\u00f3n, me dirig\u00ed a un \u00e1rea que se inund\u00f3 a pesar de haber sido dise\u00f1ada para que eso no pasara, ya que se hicieron pozos de absorci\u00f3n para impedirlo, pero debido a la falta de mantenimiento de los desag\u00fces, se inund\u00f3 al grado de haber dejado a un veh\u00edculo sumergido en ella. Las autoridades, en lugar de resolver el problema enviando a una cuadrilla de bomberos a desazolvar el \u00e1rea, simplemente se limitaron a desviar el tr\u00e1fico.<\/p>\n<p><!--more--><\/p>\n<p style=\"text-align: justify;\">La intenci\u00f3n de haberme dirigido al \u00e1rea inundada fue el meterme en ella descalzo y dar un mensaje a la ciudadan\u00eda de que no podemos seguir igual, considerando esas inundaciones como \u201cnormales\u201d, asumiendo la actitud de que \u201ceso siempre pasa\u201d, cuando todo es posible de arreglarse, m\u00e1s en una ciudad con tantos recursos, sobre todo humanos y de alto rendimiento y productividad como los que tenemos en Ju\u00e1rez.<\/p>\n<p style=\"text-align: justify;\">Me da la impresi\u00f3n de que los juarenses hemos desarrollado una especie de complejo de inferioridad y de fatalidad de que \u201clas cosas no las podemos cambiar\u201d, cuando vivimos en una de las localidades m\u00e1s productivas del mundo.<\/p>\n<p style=\"text-align: justify;\">Hay poca gente que conoce los datos de nuestra econom\u00eda, producimos anualmente bienes con un valor que supera los 50,000 millones de d\u00f3lares e importamos alrededor de 23,000 millones, la diferencia proviene de bienes y servicios proporcionados y prestados por mexicanos, en Ju\u00e1rez proporcionamos log\u00edstica, servicios de todo tipo que apoyan esta producci\u00f3n y la mano de obra ingenier\u00eda, administraci\u00f3n, supervisi\u00f3n, control de calidad y todo tipo de aportaciones para llegar a estos niveles de producci\u00f3n.<\/p>\n<p style=\"text-align: justify;\">No obstante tales niveles de productividad, en procesos sumamente complejos, en donde competimos a nivel global, no hemos sido capaces de darnos en los \u00faltimos 20 a\u00f1os un gobierno relativamente bueno.<\/p>\n<p style=\"text-align: justify;\">Nuestra ciudad se encuentra en un estado de abandono urbano fatal, no tenemos una sola v\u00eda libre de sem\u00e1foros, las calles est\u00e1n plagadas de baches y charcos, el alumbrado p\u00fablico se encuentra apagado en una gran parte de la ciudad, con dispendios de luces prendidas durante el d\u00eda. No tenemos drenaje pluvial ni sanitario que medio alivie los embates de peque\u00f1as lloviznas.<\/p>\n<p style=\"text-align: justify;\">Nuestro Centro Hist\u00f3rico se encuentra en ruinas, y a pesar de ciertos esfuerzos de recuperar al mismo, las grandes inversiones p\u00fablicas educativas que se pudieron hacer ah\u00ed se realizaron a 40 kil\u00f3metros del mismo, en la llamada rimbombantemente \u201cCiudad del Conocimiento, que se encuentra en un paraje des\u00e9rtico en donde nada m\u00e1s hay lagartijas.<\/p>\n<p style=\"text-align: justify;\">La dispersi\u00f3n urbana de la ciudad es deplorable para todos est\u00e1ndares de planeaci\u00f3n, siendo pr\u00e1cticamente imposible prestar cabalmente los servicios de transporte y seguridad p\u00fablica. Y, hablando de transporte, tenemos un parque vehicular de quinta, que hacina a los usuarios, y contamina el ambiente echando humo por todos lados con camiones de desecho de los estadounidenses, conducidos por cafres del volante, que constantemente ponen en peligro a sus usuarios al producir un sinn\u00famero de accidentes de tr\u00e1nsito.<\/p>\n<p style=\"text-align: justify;\">Pero todo este mal gobierno que solo piensa en hacer negocio para sus consentidos y socios se puede evitar, si nos concentramos los juarenses en no seguir subsumidos en la desidia y parsimonia, si comprendemos que debemos de tomar los ciudadanos de bien el poder para que el gobierno se enfoque en la generaci\u00f3n de orden, y produsca el bien com\u00fan.<\/p>\n<p style=\"text-align: justify;\">Ahora, con las modernas tecnolog\u00edas de la informaci\u00f3n, y el entramado institucional que hemos creado, podemos agrupar talentos para realizar planes pr\u00e1cticos, para revertir los males que aquejan a nuestra comunidad. Ahora, m\u00e1s que nunca en la historia de la humanidad, es f\u00e1cil organizarse para cambiar las cosas para bien, haciendo lo necesarios para darnos un gobierno que nos sirva.<\/p>\n<p style=\"text-align: justify;\">Pero para que esto se d\u00e9, es necesario generar conciencia de que tenemos todos los elementos para resolverlo, primeramente, interactuando entre nosotros, desarrollando conversaciones de posibilidad de arreglo de todos los males que tenemos, haciendo diagn\u00f3sticos e inventarios de necesidades y recursos reales y potenciales.<\/p>\n<p style=\"text-align: justify;\">Muchas ciudades del mundo han salido adelante partiendo de su destrucci\u00f3n total, por guerras y calamidades naturales y clim\u00e1ticas. Las calamidades que nosotros tenemos son humanas, que podemos revertir y resolver con comunicaci\u00f3n, entrega, compromiso, acci\u00f3n talentosa y eficaz.<\/p>\n<p style=\"text-align: justify;\">Pongamos las manos a la obra, aprovech\u00e9monos de la gran ventaja de comunicaci\u00f3n de que gozamos, dediquemos parte de nuestro tiempo a resolver los problemas de nuestra ciudad. Estoy seguro de que si lo hacemos, nos daremos cuenta del gran potencial creativo que tenemos para hacer pol\u00edtica de la buena, de la que genera frutos y bienes p\u00fablicos que nos lleven a acercarnos al anhelado bien com\u00fan.<\/p>\n","protected":false},"excerpt":{"rendered":"<p>La semana pasada llovi\u00f3 en Ciudad Ju\u00e1rez, nuevamente la movilidad de la ciudad entr\u00f3 en estado de caos; esto sucede cada vez que llueve, sin importar la intensidad de la lluvia. Harto de esta situaci\u00f3n, me dirig\u00ed a un \u00e1rea que se inund\u00f3 a pesar de haber sido dise\u00f1ada para que eso no pasara, ya [&hellip;]<\/p>\n","protected":false},"author":6,"featured_media":0,"comment_status":"open","ping_status":"open","sticky":false,"template":"","format":"standard","meta":{"_acf_changed":false,"_monsterinsights_skip_tracking":false,"slim_seo":{"title":"Reflexiones desde el Charco - Opini\u00f3n P\u00fablica","description":"La semana pasada llovi\u00f3 en Ciudad Ju\u00e1rez, nuevamente la movilidad de la ciudad entr\u00f3 en estado de caos; esto sucede cada vez que llueve, sin importar la intensi"},"footnotes":""},"categories":[17],"tags":[],"class_list":["post-15465","post","type-post","status-publish","format-standard","hentry","category-ultima-instancia"],"acf":[],"_links":{"self":[{"href":"https:\/\/www.opinionpublica.tv\/portada\/wp-json\/wp\/v2\/posts\/15465","targetHints":{"allow":["GET"]}}],"collection":[{"href":"https:\/\/www.opinionpublica.tv\/portada\/wp-json\/wp\/v2\/posts"}],"about":[{"href":"https:\/\/www.opinionpublica.tv\/portada\/wp-json\/wp\/v2\/types\/post"}],"author":[{"embeddable":true,"href":"https:\/\/www.opinionpublica.tv\/portada\/wp-json\/wp\/v2\/users\/6"}],"replies":[{"embeddable":true,"href":"https:\/\/www.opinionpublica.tv\/portada\/wp-json\/wp\/v2\/comments?post=15465"}],"version-history":[{"count":0,"href":"https:\/\/www.opinionpublica.tv\/portada\/wp-json\/wp\/v2\/posts\/15465\/revisions"}],"wp:attachment":[{"href":"https:\/\/www.opinionpublica.tv\/portada\/wp-json\/wp\/v2\/media?parent=15465"}],"wp:term":[{"taxonomy":"category","embeddable":true,"href":"https:\/\/www.opinionpublica.tv\/portada\/wp-json\/wp\/v2\/categories?post=15465"},{"taxonomy":"post_tag","embeddable":true,"href":"https:\/\/www.opinionpublica.tv\/portada\/wp-json\/wp\/v2\/tags?post=15465"}],"curies":[{"name":"wp","href":"https:\/\/api.w.org\/{rel}","templated":true}]}}