{"id":15437,"date":"2017-10-05T06:00:00","date_gmt":"2017-10-05T04:00:00","guid":{"rendered":"https:\/\/www.opinionpublica.tv\/portada\/2017\/10\/05\/efemerides-5-de-octubre-2\/"},"modified":"2017-10-05T06:00:00","modified_gmt":"2017-10-05T04:00:00","slug":"efemerides-5-de-octubre-2","status":"publish","type":"post","link":"https:\/\/www.opinionpublica.tv\/portada\/efemerides-5-de-octubre-2\/","title":{"rendered":"Efem\u00e9rides 5 de octubre"},"content":{"rendered":"<img fetchpriority=\"high\" decoding=\"async\" class=\" size-full wp-image-15436\" src=\"https:\/\/www.opinionpublica.tv\/portada\/wp-content\/uploads\/2017\/10\/fe66f549519d55b267ec3d33111fd907.jpg\" alt=\"\" class=\"caption\" title=\"El calendario gregoriano cambi\u00f3 desde entonces la percepci\u00f3n del tiempo en el mundo.\" width=\"752\" height=\"563\" srcset=\"https:\/\/www.opinionpublica.tv\/portada\/wp-content\/uploads\/2017\/10\/fe66f549519d55b267ec3d33111fd907.jpg 752w, https:\/\/www.opinionpublica.tv\/portada\/wp-content\/uploads\/2017\/10\/fe66f549519d55b267ec3d33111fd907-300x225.jpg 300w\" sizes=\"(max-width: 752px) 100vw, 752px\" \/>\n<p style=\"text-align: justify;\">Un d\u00eda 5 de octubre como hoy, pero de 1582, el papa Gregorio XIII impone el llamado \u00abCalendario Gregoriano\u00bb, en sustituci\u00f3n del \u00abCalendario Juliano\u00bb.<\/p>\n<p><!--more--><\/p>\n<p style=\"text-align: justify;\"><strong>Otras Efem\u00e9rides:<\/strong><\/p>\n<p style=\"text-align: justify;\">1511.- Real C\u00e9dula de Fernando el Cat\u00f3lico por la que se crea la Audiencia de Santo Domingo, primera del Nuevo Mundo.<\/p>\n<p style=\"text-align: justify;\">1667.- Fallece Alonso Cano, escultor y pintor espa\u00f1ol.<\/p>\n<p style=\"text-align: justify;\">1713.- Nace Denis Diderot, escritor franc\u00e9s, principal impulsor de la \u00abEnciclopedia\u00bb.<\/p>\n<p style=\"text-align: justify;\">1716.- Felipe V otorga a Buenos Aires el t\u00edtulo de ciudad \u00abmuy noble y muy leal\u00bb.<\/p>\n<p style=\"text-align: justify;\">1762.- Tras un prolongado y duro asedio, una flota inglesa logra la rendici\u00f3n de Manila (Filipinas).<\/p>\n<p style=\"text-align: justify;\">1789.- El pueblo de Par\u00eds asalta el palacio de Versalles.<\/p>\n<p style=\"text-align: justify;\">1816.- Ajusticiados en la Plaza Mayor de Bogot\u00e1 los patriotas Camilo Torres, Manuel Rodr\u00edguez Torices, el Conde de Casa Valencia y Jos\u00e9 Mar\u00eda D\u00e1vila, acusados de rebeli\u00f3n contra al poder constituido.<\/p>\n<p style=\"text-align: justify;\">1864.- Nace Louis Lumi\u00e9re, inventor franc\u00e9s, uno de los padres del cinemat\u00f3grafo.<\/p>\n<p style=\"text-align: justify;\">1910.- Proclamaci\u00f3n de la Rep\u00fablica Portuguesa, tras el triunfo de la revoluci\u00f3n.<\/p>\n<p style=\"text-align: justify;\">1913.- Primera traves\u00eda a\u00e9rea del Mediterr\u00e1neo: Roland Garros efect\u00faa un vuelo desde Frejus (sur de Francia) hasta Bizerta (T\u00fanez).<\/p>\n<p style=\"text-align: justify;\">1924.- Nace Jos\u00e9 Donoso, escritor chileno.<\/p>\n<p style=\"text-align: justify;\">1930.- Nace Reinhard Selten, primer economista y matem\u00e1tico alem\u00e1n galardonado con el Premio Nobel (1994).<\/p>\n<p style=\"text-align: justify;\">1941.- Nace Eduardo Duhalde, expresidente de Argentina.<\/p>\n<p style=\"text-align: justify;\">1943.- Segunda Guerra Mundial: Las tropas alemanas abandonan C\u00f3rcega.<\/p>\n<p style=\"text-align: justify;\">1944.- Desembarco de fuerzas aliadas en Grecia.<\/p>\n<p style=\"text-align: justify;\">1951.- Nace Bob Geldof, musico irland\u00e9s, exl\u00edder de \u00abBoomtown Rats\u00bb, promotor de los conciertos ben\u00e9ficos \u00abLive Aid\u00bb y \u00abLive 8\u00bb .<\/p>\n<p style=\"text-align: justify;\">1954.- Se firman en Londres los acuerdos sobre Trieste entre Italia y Yugoslavia.<\/p>\n<p style=\"text-align: justify;\">1958.- Patrice Lumumba crea en el Congo Belga el Movimiento Nacional Congole\u00f1o.<\/p>\n<p style=\"text-align: justify;\">1975.- Nace Kate Elizabeth Winslet, actriz brit\u00e1nica.<\/p>\n<p style=\"text-align: justify;\">1978.- El escritor estadounidense Isaac Bashevis Singer es galardonado con el Premio Nobel de Literatura.<\/p>\n<p style=\"text-align: justify;\">1880.- Fallece Jacob Offenbach, compositor alem\u00e1n.<\/p>\n<p style=\"text-align: justify;\">1982.- El Parlamento de Bolivia elige presidente por mayor\u00eda absoluta a Hern\u00e1n Siles Zuazo.<\/p>\n<p style=\"text-align: justify;\">1987.- Hosni Mubarak reelegido presidente de Egipto con el 97,12 por ciento de los votos.<\/p>\n<p style=\"text-align: justify;\">1988.- Derrota, en el plebiscito celebrado en Chile, del general Augusto Pinochet, que ejerc\u00eda el poder desde 1973, tras un golpe de Estado.<\/p>\n<p style=\"text-align: justify;\">1989.- El Dalai Lama, Tenzin Gyatso, l\u00edder religioso y pol\u00edtico tibetano, distinguido con el Premio Nobel de la Paz.<\/p>\n<p style=\"text-align: justify;\">1990.- El Parlamento panalem\u00e1n ratifica el Tratado por el que las cuatro potencias vencedoras en la Segunda Guerra Mundial devuelven la soberan\u00eda a Alemania.<\/p>\n<p style=\"text-align: justify;\">1994.- EE.UU levanta la prohibici\u00f3n de comunicaciones telef\u00f3nicas directas con Cuba.<\/p>\n<p style=\"text-align: justify;\">.- Presunto suicidio colectivo en Suiza de 48 personas pertenecientes a una secta denominada \u00abTemplarios del Sol\u00bb.<\/p>\n<p style=\"text-align: justify;\">1995.- El poeta irland\u00e9s Seamus Heaney es reconocido con el Premio Nobel de Literatura.<\/p>\n<p style=\"text-align: justify;\">1998.- China firma el Pacto sobre Derechos Civiles y Pol\u00edticos.<\/p>\n<p style=\"text-align: justify;\">1999.- Tabacalera y la empresa francesa Seita aprueban una alianza por la que crean la primera empresa de cigarros-puros del mundo, Altadis, con sede en Madrid.<\/p>\n<p style=\"text-align: justify;\">2000.- Unas 300 mil personas toman el Parlamento Federal de Yugoslavia y la televisi\u00f3n p\u00fablica, despu\u00e9s de que el Tribunal Constitucional anulara las elecciones presidenciales.<\/p>\n<p style=\"text-align: justify;\">2001.- El expresidente de Per\u00fa Alberto Fujimori es denunciado por corrupci\u00f3n.<\/p>\n<p style=\"text-align: justify;\">2005.- El Tribunal Constitucional dictamina que la Justicia espa\u00f1ola es competente para juzgar delitos de genocidio y cr\u00edmenes contra la humanidad fuera de Espa\u00f1a, a\u00fan cuando no haya v\u00edctimas espa\u00f1olas.<\/p>\n<p style=\"text-align: justify;\">.- Fallece Alvaro Domecq y D\u00edez, ganadero.<\/p>\n<p style=\"text-align: justify;\">2006.- El pleno del Congreso espa\u00f1ol aprueba el proyecto de Ley de la Dependencia.<\/p>\n<p style=\"text-align: justify;\">.- La OTAN extiende su misi\u00f3n de estabilizaci\u00f3n a todo Afganist\u00e1n, al ampliar su mando al este del pa\u00eds.<\/p>\n<p style=\"text-align: justify;\">2007.- Libertad provisional para la familia de Pinochet, procesada por malversaci\u00f3n de fondos p\u00fablicos.<\/p>\n<p style=\"text-align: justify;\">2007.- Fallece Walter Kempowski, escritor alem\u00e1n.<\/p>\n<p style=\"text-align: justify;\">2011.- La duquesa de Alba, Cayetana Fitz-James Stuart se casa con Alfonso D\u00edez Carabantes.<\/p>\n<p style=\"text-align: justify;\">2011.- Muere Steve Jobs, el fundador de Apple.<\/p>\n<p style=\"text-align: justify;\">2011.- Fallece Steve Jobs, estadounidense, el fundador de Apple.<\/p>\n","protected":false},"excerpt":{"rendered":"<p>Un d\u00eda 5 de octubre como hoy, pero de 1582, el papa Gregorio XIII impone el llamado \u00abCalendario Gregoriano\u00bb, en sustituci\u00f3n del \u00abCalendario Juliano\u00bb.<\/p>\n","protected":false},"author":6,"featured_media":15436,"comment_status":"open","ping_status":"open","sticky":false,"template":"","format":"standard","meta":{"_acf_changed":false,"_monsterinsights_skip_tracking":false,"slim_seo":{"title":"Efem\u00e9rides 5 de octubre - Opini\u00f3n P\u00fablica","description":"Un d\u00eda 5 de octubre como hoy, pero de 1582, el papa Gregorio XIII impone el llamado \"Calendario Gregoriano\", en sustituci\u00f3n del \"Calendario Juliano\". Otras Efem"},"footnotes":""},"categories":[27],"tags":[],"class_list":["post-15437","post","type-post","status-publish","format-standard","has-post-thumbnail","hentry","category-un-dia-como-hoy"],"acf":[],"_links":{"self":[{"href":"https:\/\/www.opinionpublica.tv\/portada\/wp-json\/wp\/v2\/posts\/15437","targetHints":{"allow":["GET"]}}],"collection":[{"href":"https:\/\/www.opinionpublica.tv\/portada\/wp-json\/wp\/v2\/posts"}],"about":[{"href":"https:\/\/www.opinionpublica.tv\/portada\/wp-json\/wp\/v2\/types\/post"}],"author":[{"embeddable":true,"href":"https:\/\/www.opinionpublica.tv\/portada\/wp-json\/wp\/v2\/users\/6"}],"replies":[{"embeddable":true,"href":"https:\/\/www.opinionpublica.tv\/portada\/wp-json\/wp\/v2\/comments?post=15437"}],"version-history":[{"count":0,"href":"https:\/\/www.opinionpublica.tv\/portada\/wp-json\/wp\/v2\/posts\/15437\/revisions"}],"wp:featuredmedia":[{"embeddable":true,"href":"https:\/\/www.opinionpublica.tv\/portada\/wp-json\/wp\/v2\/media\/15436"}],"wp:attachment":[{"href":"https:\/\/www.opinionpublica.tv\/portada\/wp-json\/wp\/v2\/media?parent=15437"}],"wp:term":[{"taxonomy":"category","embeddable":true,"href":"https:\/\/www.opinionpublica.tv\/portada\/wp-json\/wp\/v2\/categories?post=15437"},{"taxonomy":"post_tag","embeddable":true,"href":"https:\/\/www.opinionpublica.tv\/portada\/wp-json\/wp\/v2\/tags?post=15437"}],"curies":[{"name":"wp","href":"https:\/\/api.w.org\/{rel}","templated":true}]}}