{"id":15421,"date":"2017-10-02T06:00:00","date_gmt":"2017-10-02T04:00:00","guid":{"rendered":"https:\/\/www.opinionpublica.tv\/portada\/2017\/10\/02\/video-masacre-en-las-vegas-asi-inicio-el-tiroteo-durante-concierto-de-musica-country\/"},"modified":"2017-10-02T06:00:00","modified_gmt":"2017-10-02T04:00:00","slug":"video-masacre-en-las-vegas-asi-inicio-el-tiroteo-durante-concierto-de-musica-country","status":"publish","type":"post","link":"https:\/\/www.opinionpublica.tv\/portada\/video-masacre-en-las-vegas-asi-inicio-el-tiroteo-durante-concierto-de-musica-country\/","title":{"rendered":"Video: Masacre en Las Vegas; as\u00ed inici\u00f3 el tiroteo durante concierto de m\u00fasica country que dej\u00f3 58 muertos"},"content":{"rendered":"<p><img fetchpriority=\"high\" decoding=\"async\" class=\" size-full wp-image-15420\" src=\"https:\/\/www.opinionpublica.tv\/portada\/wp-content\/uploads\/2017\/10\/5dbbb736f5005c55b7eda291169d81fb.jpg\" alt=\"\" width=\"505\" height=\"301\" srcset=\"https:\/\/www.opinionpublica.tv\/portada\/wp-content\/uploads\/2017\/10\/5dbbb736f5005c55b7eda291169d81fb.jpg 505w, https:\/\/www.opinionpublica.tv\/portada\/wp-content\/uploads\/2017\/10\/5dbbb736f5005c55b7eda291169d81fb-300x179.jpg 300w\" sizes=\"(max-width: 505px) 100vw, 505px\" \/><br \/>\n<!--more--><\/p>\n<p style=\"text-align: justify;\"><em>Las Vegas, Nevada, EU<\/em>.- Usuarios de las redes\u00a0sociales han publicado varios videos de los dram\u00e1ticos acontecimientos en Las Vegas la noche de este domingo, donde\u00a0un pistolero abri\u00f3 fuego en un festival de m\u00fasica al aire libre, matando a por lo menos 58 personas, incluyendo dos polic\u00edas fuera de servicio.<\/p>\n<p style=\"text-align: justify;\">Seg\u00fan el portavoz de la polic\u00eda local, Joe Lombardo, hasta ahora se tiene registro oficial de 58 muertos y 515 heridos. Durante una rueda de prensa, el vocero policiaco pidi\u00f3 paciencia a los familiares porque\u00a0la identificaci\u00f3n de las v\u00edctimas llevar\u00e1 tiempo.<\/p>\n<p style=\"text-align: justify;\">La polic\u00eda inform\u00f3 que el atacante dispar\u00f3 a la multitud desde el piso 32 del hotel Mandalay Bay, a varios metros al suroeste de donde se realizaba el concierto, y se presume\u00a0que el sospechoso se suicid\u00f3, ya que\u00a0lo encontraron muerto cuando llegaron a la habitaci\u00f3n.<\/p>\n<div class=\"k2_video\"><a href=\"https:\/\/www.youtube.com\/watch?v=SWjGl7JvXco\">https:\/\/www.youtube.com\/watch?v=SWjGl7JvXco<\/a>\n<\/div>\n","protected":false},"excerpt":{"rendered":"","protected":false},"author":6,"featured_media":15420,"comment_status":"open","ping_status":"open","sticky":false,"template":"","format":"standard","meta":{"_acf_changed":false,"_monsterinsights_skip_tracking":false,"slim_seo":{"title":"Video: Masacre en Las Vegas; as\u00ed inici\u00f3 el tiroteo durante concierto de m\u00fasica country que dej\u00f3 58 muertos - Opini\u00f3n P\u00fablica","description":"Las Vegas, Nevada, EU .- Usuarios de las redes\u00a0sociales han publicado varios videos de los dram\u00e1ticos acontecimientos en Las Vegas la noche de este domingo, don"},"footnotes":""},"categories":[8],"tags":[],"class_list":["post-15421","post","type-post","status-publish","format-standard","has-post-thumbnail","hentry","category-videos"],"acf":[],"_links":{"self":[{"href":"https:\/\/www.opinionpublica.tv\/portada\/wp-json\/wp\/v2\/posts\/15421","targetHints":{"allow":["GET"]}}],"collection":[{"href":"https:\/\/www.opinionpublica.tv\/portada\/wp-json\/wp\/v2\/posts"}],"about":[{"href":"https:\/\/www.opinionpublica.tv\/portada\/wp-json\/wp\/v2\/types\/post"}],"author":[{"embeddable":true,"href":"https:\/\/www.opinionpublica.tv\/portada\/wp-json\/wp\/v2\/users\/6"}],"replies":[{"embeddable":true,"href":"https:\/\/www.opinionpublica.tv\/portada\/wp-json\/wp\/v2\/comments?post=15421"}],"version-history":[{"count":0,"href":"https:\/\/www.opinionpublica.tv\/portada\/wp-json\/wp\/v2\/posts\/15421\/revisions"}],"wp:featuredmedia":[{"embeddable":true,"href":"https:\/\/www.opinionpublica.tv\/portada\/wp-json\/wp\/v2\/media\/15420"}],"wp:attachment":[{"href":"https:\/\/www.opinionpublica.tv\/portada\/wp-json\/wp\/v2\/media?parent=15421"}],"wp:term":[{"taxonomy":"category","embeddable":true,"href":"https:\/\/www.opinionpublica.tv\/portada\/wp-json\/wp\/v2\/categories?post=15421"},{"taxonomy":"post_tag","embeddable":true,"href":"https:\/\/www.opinionpublica.tv\/portada\/wp-json\/wp\/v2\/tags?post=15421"}],"curies":[{"name":"wp","href":"https:\/\/api.w.org\/{rel}","templated":true}]}}