{"id":15394,"date":"2017-10-02T06:00:00","date_gmt":"2017-10-02T04:00:00","guid":{"rendered":"https:\/\/www.opinionpublica.tv\/portada\/2017\/10\/02\/efemerides-2-de-octubre-2\/"},"modified":"2017-10-02T06:00:00","modified_gmt":"2017-10-02T04:00:00","slug":"efemerides-2-de-octubre-2","status":"publish","type":"post","link":"https:\/\/www.opinionpublica.tv\/portada\/efemerides-2-de-octubre-2\/","title":{"rendered":"Efem\u00e9rides 2 de octubre"},"content":{"rendered":"<img fetchpriority=\"high\" decoding=\"async\" class=\" size-full wp-image-15393\" src=\"https:\/\/www.opinionpublica.tv\/portada\/wp-content\/uploads\/2017\/10\/000e1c817cd61a96b19e07effe881c50.jpg\" alt=\"\" class=\"caption\" title=\"Desde 1968, el 2 de octubre es una fecha emblem\u00e1tica en M\u00e9xico.\" width=\"627\" height=\"363\" srcset=\"https:\/\/www.opinionpublica.tv\/portada\/wp-content\/uploads\/2017\/10\/000e1c817cd61a96b19e07effe881c50.jpg 627w, https:\/\/www.opinionpublica.tv\/portada\/wp-content\/uploads\/2017\/10\/000e1c817cd61a96b19e07effe881c50-300x174.jpg 300w\" sizes=\"(max-width: 627px) 100vw, 627px\" \/>\n<p style=\"text-align: justify;\">Un d\u00eda 2 de octubre como hoy, pero de 1968, decenas de estudiantes mexicanos son acribillados a balazos por tropas del Ej\u00e9rcito para dispersar una manifestaci\u00f3n en la plaza de las Tres Culturas en la Ciudad de M\u00e9xico. En la masacre, murieron unos 40 j\u00f3venes, seg\u00fan las autoridades, y unos 400 de acuerdo con diversos organismos civiles.<\/p>\n<p><!--more--><\/p>\n<p style=\"text-align: justify;\"><strong>Otras Efem\u00e9rides:<\/strong><\/p>\n<p style=\"text-align: justify;\">1766.- El Gobernador de R\u00edo de la Plata, Francisco de Paula Bucarelli, establece una colonia en la Tierra de Fuego.<\/p>\n<p style=\"text-align: justify;\">1814.- Proclamaci\u00f3n de la primera Constituci\u00f3n mexicana, en Apatzuig\u00e1n.<\/p>\n<p style=\"text-align: justify;\">1869.- Nace Mohandas Gandhi, l\u00edder religioso y pol\u00edtico indio.<\/p>\n<p style=\"text-align: justify;\">1889.- Comienza en Washington la I Conferencia Interamericana, la que se cre\u00f3 la Uni\u00f3n Internacional de las Rep\u00fablicas de Am\u00e9rica.<\/p>\n<p style=\"text-align: justify;\">1898.- Manuel Estrada Cabrera comienza su mandato presidencial en Guatemala, que durar\u00e1 hasta 1920.<\/p>\n<p style=\"text-align: justify;\">1904.- Nace Graham Greene, novelista ingl\u00e9s.<\/p>\n<p style=\"text-align: justify;\">1907.- Nace V\u00edctor Paz Estenssoro, pol\u00edtico boliviano.<\/p>\n<p style=\"text-align: justify;\">1911.- Francisco Madero, candidato del Partido Constitucional Progresista, gana las elecciones y es el nuevo presidente mexicano.<\/p>\n<p style=\"text-align: justify;\">1919.- La Asamblea Nacional francesa ratifica el Tratado de Versalles.<\/p>\n<p style=\"text-align: justify;\">1924.- La radio transmite por primera vez en Argentina un partido de f\u00fatbol.<\/p>\n<p style=\"text-align: justify;\">1925.- John Logie Baird logra en su buhardilla de Londres ver por primera vez la imagen de un ser humano en televisi\u00f3n.<\/p>\n<p style=\"text-align: justify;\">1926.- Se funda en La Habana la Academia Cubana de la Lengua.<\/p>\n<p style=\"text-align: justify;\">1931.- Inauguraci\u00f3n en Madrid del I Congreso Hispanoamericano de Cinematograf\u00eda, al que asisten representantes de 13 pa\u00edses.<\/p>\n<p style=\"text-align: justify;\">1939.- Delegados de 21 pa\u00edses americanos, reunidos en Panam\u00e1, deciden establecer una zona de seguridad de 300 a 600 millas a lo largo de sus costas.<\/p>\n<p style=\"text-align: justify;\">1941.- Segunda Guerra Mundial. Comienza el primer asalto alem\u00e1n a Mosc\u00fa, que dur\u00f3 dos meses, pero que al final fracas\u00f3.<\/p>\n<p style=\"text-align: justify;\">1951.- Nace Gordon Sumner \u00abSting\u00bb, cantante brit\u00e1nico.<\/p>\n<p style=\"text-align: justify;\">1954.- La Rep\u00fablica Federal Alemana (RFA) es admitida en la OTAN.<\/p>\n<p style=\"text-align: justify;\">1959.- Un hurac\u00e1n causa la muerte de 1.500 personas en M\u00e9xico.<\/p>\n<p style=\"text-align: justify;\">1970.- Nace Maribel Verd\u00fa, actriz espa\u00f1ola.<\/p>\n<p style=\"text-align: justify;\">1978.- Dos cosmonautas rusos regresan a la Tierra tras permanecer 140 d\u00edas en la estaci\u00f3n orbital Salyut-6.<\/p>\n<p style=\"text-align: justify;\">1985.- Muere Rock Hudson, actor estadounidense.<\/p>\n<p style=\"text-align: justify;\">1986.- Rajiv Ghandhi, primer ministro de la India, sale ileso de un atentado cometido por un desequilibrado, que hiri\u00f3 a seis personas.<\/p>\n<p style=\"text-align: justify;\">1987.- Un tribunal especial condena a Francia por hundir el m\u00edtico barco de Greenpeace \u00abRainbow Warrior\u00bb.<\/p>\n<p style=\"text-align: justify;\">1991.- La C\u00e1mara de los Diputados de Per\u00fa decide acusar al expresidente Alan Garc\u00eda de enriquecimiento il\u00edcito.<\/p>\n<p style=\"text-align: justify;\">1992.- La Polic\u00eda brasile\u00f1a reprime un mot\u00edn en el penal de Carandir\u00fa (Sao Paulo), acci\u00f3n en la que mueren 111 presos.<\/p>\n<p style=\"text-align: justify;\">.- Fernando Collor de Mello abandona la presidencia de Brasil tras abrir el Senado un proceso para su destituci\u00f3n definitiva.<\/p>\n<p style=\"text-align: justify;\">1996.- Asesinado el primer jefe de Gobierno de la Bulgaria postcomunista, el socialista Andrei Luk\u00e1nov, a pocas semanas de las elecciones.<\/p>\n<p style=\"text-align: justify;\">1997.- Firma del Tratado de \u00c1msterdam, que modifica el de Maastricht, por el que naci\u00f3 la UE.<\/p>\n<p style=\"text-align: justify;\">2000.- El paso del hurac\u00e1n \u00abKeith\u00bb por el norte de Centroam\u00e9rica deja una docena de muertos y m\u00e1s de 42.000 damnificados.<\/p>\n<p style=\"text-align: justify;\">2001.- El congresista colombiano Octavio Sarmiento, del opositor Partido Liberal, es asesinado en el departamento de Arauca.<\/p>\n<p style=\"text-align: justify;\">.- La OTAN activa el sistema de defensa mutua, tras obtener pruebas que inculpan a Osama Bin Laden de los atentados del 11-S.<\/p>\n<p style=\"text-align: justify;\">2003.- El sudafricano John Maxwell Coetzee gana el Nobel de Literatura.<\/p>\n<p style=\"text-align: justify;\">2007.- El presidente surcoreano Roh Moo-hyun cruza la L\u00ednea de Demarcaci\u00f3n Militar para dirigirse a un encuentro con el l\u00edder norcoreano Kim Jong Il.<\/p>\n<p style=\"text-align: justify;\">2008.- Dimite el comisario jefe de Scotland Yar, Ian Blair, por su gesti\u00f3n en la muerte por error del brasile\u00f1o Jean-Charles Menezes en julio de 2005 en Londres.<\/p>\n<p style=\"text-align: justify;\">2009.- El COI concede los Juegos Ol\u00edmpicos de 2016 a R\u00edo de Janeiro (Brasil).<\/p>\n<p style=\"text-align: justify;\">2010.- Alemania conmemora el 20 aniversario de la reunificaci\u00f3n 2011.- El Gobierno griego aprueba que 30.000 funcionarios pasen a la reserva.<\/p>\n<p style=\"text-align: justify;\">2010.- La oposici\u00f3n Siria se une en un Consejo Nacional.<\/p>\n","protected":false},"excerpt":{"rendered":"<p>Un d\u00eda 2 de octubre como hoy, pero de 1968, decenas de estudiantes mexicanos son acribillados a balazos por tropas del Ej\u00e9rcito para dispersar una manifestaci\u00f3n en la plaza de las Tres Culturas en la Ciudad de M\u00e9xico. En la masacre, murieron unos 40 j\u00f3venes, seg\u00fan las autoridades, y unos 400 de acuerdo con diversos [&hellip;]<\/p>\n","protected":false},"author":6,"featured_media":15393,"comment_status":"open","ping_status":"open","sticky":false,"template":"","format":"standard","meta":{"_acf_changed":false,"_monsterinsights_skip_tracking":false,"slim_seo":{"title":"Efem\u00e9rides 2 de octubre - Opini\u00f3n P\u00fablica","description":"Un d\u00eda 2 de octubre como hoy, pero de 1968, decenas de estudiantes mexicanos son acribillados a balazos por tropas del Ej\u00e9rcito para dispersar una manifestaci\u00f3n"},"footnotes":""},"categories":[27],"tags":[],"class_list":["post-15394","post","type-post","status-publish","format-standard","has-post-thumbnail","hentry","category-un-dia-como-hoy"],"acf":[],"_links":{"self":[{"href":"https:\/\/www.opinionpublica.tv\/portada\/wp-json\/wp\/v2\/posts\/15394","targetHints":{"allow":["GET"]}}],"collection":[{"href":"https:\/\/www.opinionpublica.tv\/portada\/wp-json\/wp\/v2\/posts"}],"about":[{"href":"https:\/\/www.opinionpublica.tv\/portada\/wp-json\/wp\/v2\/types\/post"}],"author":[{"embeddable":true,"href":"https:\/\/www.opinionpublica.tv\/portada\/wp-json\/wp\/v2\/users\/6"}],"replies":[{"embeddable":true,"href":"https:\/\/www.opinionpublica.tv\/portada\/wp-json\/wp\/v2\/comments?post=15394"}],"version-history":[{"count":0,"href":"https:\/\/www.opinionpublica.tv\/portada\/wp-json\/wp\/v2\/posts\/15394\/revisions"}],"wp:featuredmedia":[{"embeddable":true,"href":"https:\/\/www.opinionpublica.tv\/portada\/wp-json\/wp\/v2\/media\/15393"}],"wp:attachment":[{"href":"https:\/\/www.opinionpublica.tv\/portada\/wp-json\/wp\/v2\/media?parent=15394"}],"wp:term":[{"taxonomy":"category","embeddable":true,"href":"https:\/\/www.opinionpublica.tv\/portada\/wp-json\/wp\/v2\/categories?post=15394"},{"taxonomy":"post_tag","embeddable":true,"href":"https:\/\/www.opinionpublica.tv\/portada\/wp-json\/wp\/v2\/tags?post=15394"}],"curies":[{"name":"wp","href":"https:\/\/api.w.org\/{rel}","templated":true}]}}