{"id":1531,"date":"2016-08-02T06:00:00","date_gmt":"2016-08-02T04:00:00","guid":{"rendered":"https:\/\/www.opinionpublica.tv\/portada\/2016\/08\/02\/los-posibles-cambios-de-paradigmas-politicos-en-mexico\/"},"modified":"2016-08-02T06:00:00","modified_gmt":"2016-08-02T04:00:00","slug":"los-posibles-cambios-de-paradigmas-politicos-en-mexico","status":"publish","type":"post","link":"https:\/\/www.opinionpublica.tv\/portada\/los-posibles-cambios-de-paradigmas-politicos-en-mexico\/","title":{"rendered":"Los Posibles Cambios de Paradigmas Pol\u00edticos en M\u00e9xico"},"content":{"rendered":"<p style=\"text-align: justify;\">Las elecciones de junio de 2016 han marcado un inesperado quiebre pol\u00edtico hist\u00f3rico en el pa\u00eds. En columnas anteriores hab\u00edamos planteado que este quiebre estaba por venir, pero a todos nos tom\u00f3 desprevenidos que el mismo llegara a trav\u00e9s de un repudio generalizado a los reg\u00edmenes estatales dado por la v\u00eda democr\u00e1tica en las elecciones locales.<\/p>\n<p><!--more--><\/p>\n<p style=\"text-align: justify;\">Las reacciones del gobierno federal han sorprendido, ya que se han salido, a lo menos en apariencia, del esquema t\u00edpico de la forma en que el PRI tradicionalmente ha reaccionado ante las derrotas electorales.<\/p>\n<p style=\"text-align: justify;\">Lo que ha acontecido es:<\/p>\n<ol style=\"text-align: justify;\">\n<li>La renuncia de Manlio Fabio Beltrones a la Presidencia del PRI.<\/li>\n<li>La virulenta reacci\u00f3n de los gobernadores en los estados en donde el PRI perdi\u00f3, promoviendo reformas de leyes para proteger sus intereses y permanecer en la impunidad y para sacar dinero antes de irse.<\/li>\n<li>La intervenci\u00f3n de la PGR promoviendo acciones de inconstitucionalidad ante la Suprema Corte de Justicia de la Naci\u00f3n, en contra de las reformas de los gobernadores.<\/li>\n<li>La elecci\u00f3n como presidente del PRI de Enrique Ochoa, ex-director de la Comisi\u00f3n Federal de Electricidad, un tecn\u00f3crata muy de las confianzas del Presidente Pe\u00f1a, pero alejado a los c\u00edrculos del PRI.<\/li>\n<li>La petici\u00f3n del PRI de expulsar de ese partido a los gobernadores de Chihuahua, Veracruz y Quintana Roo, por actos de corrupci\u00f3n.<\/li>\n<li>Ahora, en Chihuahua, un Juez de Distrito concede la suspensi\u00f3n en un amparo concedido a un grupo ciudadano, en donde se ordena la suspensi\u00f3n de los procesos de contrataci\u00f3n de deuda p\u00fablica por $6,000 millones de pesos.<\/li>\n<\/ol>\n<p style=\"text-align: justify;\">Todo lo anterior nos hace pensar que los esquemas del PRI para ejercer el poder podr\u00edan estar cambiando. Sin embargo yo no creo que puedan cambiar, sin que antes se destruya el edificio institucional que ha construido el PRI desde su creaci\u00f3n.<\/p>\n<p style=\"text-align: justify;\">Yo he sustentado en reiteradas ocasiones que el PRI no es un partido pol\u00edtico, sino un sistema pol\u00edtico en s\u00ed mismo, que fue creado para otra \u00e9poca, circunstancia y momentos hist\u00f3ricos de M\u00e9xico, cuando era necesario pacificar al pa\u00eds, despu\u00e9s de una sangrienta revoluci\u00f3n, y era necesario un sistema de repartici\u00f3n del poder, como mero bot\u00edn de guerra, en donde el juego democr\u00e1tico no ten\u00eda participaci\u00f3n alguna.<\/p>\n<p style=\"text-align: justify;\">Desde el a\u00f1o 2000, el paradigma pol\u00edtico de M\u00e9xico no se ajusta a tener a un partido pol\u00edtico como el PRI, que ha venido generando en nuestra democracia naciente una anomal\u00eda en su desarrollo. El PRI no fue hecho para subsistir dentro de un ambiente democr\u00e1tico.<\/p>\n<p style=\"text-align: justify;\">El PRI es un edificio vetusto que no se puede adaptar al Siglo XXI, en donde tenemos en M\u00e9xico elecciones libres, y en el entorno internacional nos encontramos constantemente vigilados por \u00f3rganos internacionales que protegen derechos humanos, principios democr\u00e1ticos y un mercado libre dentro de una econom\u00eda globalizada.<\/p>\n<p style=\"text-align: justify;\">Ante esta situaci\u00f3n, \u00bfqu\u00e9 puede suceder en M\u00e9xico? Lo que todos esperamos es que siga un camino hacia la consolidaci\u00f3n democr\u00e1tica plena. En mi estado de Chihuahua, pretendemos hacer una reforma del poder pol\u00edtico que haga que partidos autocr\u00e1ticos como el PRI desaparezcan. Por ejemplo, el establecimiento de elecciones primarias, que saquen a los partidos pol\u00edticos de las manos de peque\u00f1as camarillas que monopolizan al poder. Establecer mecanismos de participaci\u00f3n ciudadana eficaces, a trav\u00e9s de un gobierno que sea transparente y abierto a la ciudadan\u00eda, que haga que la rendici\u00f3n de cuentas y la evaluaci\u00f3n de los servidores p\u00fablicos se conviertan en cuestiones cotidianas, previniendo la corrupci\u00f3n y castig\u00e1ndola cuando se de.<\/p>\n<p style=\"text-align: justify;\">En suma, pretendemos tener un gobierno enfocado en la persona, legitimado por la sociedad, que garantice la seguridad humana integral, a trav\u00e9s del pleno respeto a los derechos humanos y al estado de derecho.<\/p>\n<p style=\"text-align: justify;\">Sin embargo, a nivel federal, ser\u00e1 necesario que se venza al PRI en las pr\u00f3ximas elecciones para que este cambio de paradigma pol\u00edtico se de. El grave error de los gobiernos del PAN de principios de siglo, fue que no comprendi\u00f3 que el sistema de poder en M\u00e9xico debi\u00f3 haberse reformado, se crey\u00f3 que con las elecciones bastaba, aunque, en \u00faltima instancia, la democracia funcion\u00f3 en M\u00e9xico, pero nos pudimos haber ahorrado muchas penurias que vinieron a perjudicar a los ciudadanos con menores ingresos, que son los que sufren de forma m\u00e1s grave las consecuencias de la corrupci\u00f3n, que crea monopolios, que afecta a nuestra econom\u00eda, que hace que los salarios no suban por la falta de productividad que todo ello genera.<\/p>\n<p style=\"text-align: justify;\">El reto que tenemos por delante es el dar los pasos necesarios para fortalecer a nuestra democracia y crear instituciones fuertes que aguanten los embates de los grupos de poder que pondr\u00e1n grandes resistencias a operar en estos entornos nuevos.<\/p>\n<p style=\"text-align: justify;\">Este es el gran reto que nos presentar\u00e1 el nuevo paradigma pol\u00edtico que tenemos que forjar.<\/p>\n","protected":false},"excerpt":{"rendered":"<p>Las elecciones de junio de 2016 han marcado un inesperado quiebre pol\u00edtico hist\u00f3rico en el pa\u00eds. En columnas anteriores hab\u00edamos planteado que este quiebre estaba por venir, pero a todos nos tom\u00f3 desprevenidos que el mismo llegara a trav\u00e9s de un repudio generalizado a los reg\u00edmenes estatales dado por la v\u00eda democr\u00e1tica en las elecciones [&hellip;]<\/p>\n","protected":false},"author":5,"featured_media":0,"comment_status":"open","ping_status":"open","sticky":false,"template":"","format":"standard","meta":{"_acf_changed":false,"_monsterinsights_skip_tracking":false,"slim_seo":{"title":"Los Posibles Cambios de Paradigmas Pol\u00edticos en M\u00e9xico - Opini\u00f3n P\u00fablica","description":"Las elecciones de junio de 2016 han marcado un inesperado quiebre pol\u00edtico hist\u00f3rico en el pa\u00eds. En columnas anteriores hab\u00edamos planteado que este quiebre esta"},"footnotes":""},"categories":[17],"tags":[],"class_list":["post-1531","post","type-post","status-publish","format-standard","hentry","category-ultima-instancia"],"acf":[],"_links":{"self":[{"href":"https:\/\/www.opinionpublica.tv\/portada\/wp-json\/wp\/v2\/posts\/1531","targetHints":{"allow":["GET"]}}],"collection":[{"href":"https:\/\/www.opinionpublica.tv\/portada\/wp-json\/wp\/v2\/posts"}],"about":[{"href":"https:\/\/www.opinionpublica.tv\/portada\/wp-json\/wp\/v2\/types\/post"}],"author":[{"embeddable":true,"href":"https:\/\/www.opinionpublica.tv\/portada\/wp-json\/wp\/v2\/users\/5"}],"replies":[{"embeddable":true,"href":"https:\/\/www.opinionpublica.tv\/portada\/wp-json\/wp\/v2\/comments?post=1531"}],"version-history":[{"count":0,"href":"https:\/\/www.opinionpublica.tv\/portada\/wp-json\/wp\/v2\/posts\/1531\/revisions"}],"wp:attachment":[{"href":"https:\/\/www.opinionpublica.tv\/portada\/wp-json\/wp\/v2\/media?parent=1531"}],"wp:term":[{"taxonomy":"category","embeddable":true,"href":"https:\/\/www.opinionpublica.tv\/portada\/wp-json\/wp\/v2\/categories?post=1531"},{"taxonomy":"post_tag","embeddable":true,"href":"https:\/\/www.opinionpublica.tv\/portada\/wp-json\/wp\/v2\/tags?post=1531"}],"curies":[{"name":"wp","href":"https:\/\/api.w.org\/{rel}","templated":true}]}}