{"id":15295,"date":"2017-09-21T06:00:00","date_gmt":"2017-09-21T04:00:00","guid":{"rendered":"https:\/\/www.opinionpublica.tv\/portada\/2017\/09\/21\/donara-canelo-un-millon-de-dolares-en-especie-a-damnificados\/"},"modified":"2017-09-21T06:00:00","modified_gmt":"2017-09-21T04:00:00","slug":"donara-canelo-un-millon-de-dolares-en-especie-a-damnificados","status":"publish","type":"post","link":"https:\/\/www.opinionpublica.tv\/portada\/donara-canelo-un-millon-de-dolares-en-especie-a-damnificados\/","title":{"rendered":"Donar\u00e1 \u2018Canelo\u2019 un mill\u00f3n de d\u00f3lares para damnificados"},"content":{"rendered":"<p><img fetchpriority=\"high\" decoding=\"async\" class=\" size-full wp-image-15294\" src=\"https:\/\/www.opinionpublica.tv\/portada\/wp-content\/uploads\/2017\/09\/c76a822dad9cca3a17f625a2ce483a66.jpg\" alt=\"\" class=\"caption\" title=\"Sa\u00fal 'Canelo' \u00c1lvarez supervisa distribuci\u00f3n de v\u00edveres en el DIF Jalisco.\" width=\"720\" height=\"540\" srcset=\"https:\/\/www.opinionpublica.tv\/portada\/wp-content\/uploads\/2017\/09\/c76a822dad9cca3a17f625a2ce483a66.jpg 720w, https:\/\/www.opinionpublica.tv\/portada\/wp-content\/uploads\/2017\/09\/c76a822dad9cca3a17f625a2ce483a66-300x225.jpg 300w\" sizes=\"(max-width: 720px) 100vw, 720px\" \/><br \/>\n<!--more--><\/p>\n<p style=\"text-align: justify;\"><em>Guadalajara, Jalisco<\/em>.- El boxeador tapat\u00edo\u00a0Sa\u00fal \u201cCanelo\u201d \u00c1lvarez\u00a0se uni\u00f3 a las labores de ayuda para los damnificados del sismo de 7.1 grados en M\u00e9xico y, adem\u00e1s, se dio a conocer que donar\u00e1\u00a0un mill\u00f3n de d\u00f3lares en especie.<\/p>\n<p style=\"text-align: justify;\">El boxeador tapat\u00edo acudi\u00f3 este d\u00eda al\u00a0DIF Jalisco\u00a0para apoyar en el traslado de los productos.<\/p>\n<p style=\"text-align: justify;\">El \u201cCanelo\u201d comenz\u00f3 con su ayuda al aportar tres camiones con v\u00edveres e insumos, adem\u00e1s de ayudar en la log\u00edstica de clasificaci\u00f3n. Asimismo, envi\u00f3 mensajes de aliento a los compatriotas afectados por el terremoto.<\/p>\n<p style=\"text-align: justify;\">Su hermano mayor,\u00a0Rigoberto, se\u00f1al\u00f3 que el p\u00fagil mexicano har\u00e1 la donaci\u00f3n de un mill\u00f3n de d\u00f3lares en v\u00edveres, materiales de construcci\u00f3n y medicamentos, public\u00f3 espn.com.mx.<\/p>\n<p style=\"text-align: justify;\">El pasado s\u00e1bado, \u201cCanelo\u201d empat\u00f3 en su pelea con el kazajo Gennady Golovkin por el t\u00edtulo mundial de pesos mediano.<\/p>\n","protected":false},"excerpt":{"rendered":"","protected":false},"author":6,"featured_media":15294,"comment_status":"open","ping_status":"open","sticky":false,"template":"","format":"standard","meta":{"_acf_changed":false,"_monsterinsights_skip_tracking":false,"slim_seo":{"title":"Donar\u00e1 \u2018Canelo\u2019 un mill\u00f3n de d\u00f3lares para damnificados - Opini\u00f3n P\u00fablica","description":"Guadalajara, Jalisco .- El boxeador tapat\u00edo\u00a0Sa\u00fal \u201cCanelo\u201d \u00c1lvarez\u00a0se uni\u00f3 a las labores de ayuda para los damnificados del sismo de 7.1 grados en M\u00e9xico y, adem"},"footnotes":""},"categories":[9],"tags":[],"class_list":["post-15295","post","type-post","status-publish","format-standard","has-post-thumbnail","hentry","category-nacional"],"acf":[],"_links":{"self":[{"href":"https:\/\/www.opinionpublica.tv\/portada\/wp-json\/wp\/v2\/posts\/15295","targetHints":{"allow":["GET"]}}],"collection":[{"href":"https:\/\/www.opinionpublica.tv\/portada\/wp-json\/wp\/v2\/posts"}],"about":[{"href":"https:\/\/www.opinionpublica.tv\/portada\/wp-json\/wp\/v2\/types\/post"}],"author":[{"embeddable":true,"href":"https:\/\/www.opinionpublica.tv\/portada\/wp-json\/wp\/v2\/users\/6"}],"replies":[{"embeddable":true,"href":"https:\/\/www.opinionpublica.tv\/portada\/wp-json\/wp\/v2\/comments?post=15295"}],"version-history":[{"count":0,"href":"https:\/\/www.opinionpublica.tv\/portada\/wp-json\/wp\/v2\/posts\/15295\/revisions"}],"wp:featuredmedia":[{"embeddable":true,"href":"https:\/\/www.opinionpublica.tv\/portada\/wp-json\/wp\/v2\/media\/15294"}],"wp:attachment":[{"href":"https:\/\/www.opinionpublica.tv\/portada\/wp-json\/wp\/v2\/media?parent=15295"}],"wp:term":[{"taxonomy":"category","embeddable":true,"href":"https:\/\/www.opinionpublica.tv\/portada\/wp-json\/wp\/v2\/categories?post=15295"},{"taxonomy":"post_tag","embeddable":true,"href":"https:\/\/www.opinionpublica.tv\/portada\/wp-json\/wp\/v2\/tags?post=15295"}],"curies":[{"name":"wp","href":"https:\/\/api.w.org\/{rel}","templated":true}]}}