{"id":15293,"date":"2017-09-21T06:00:00","date_gmt":"2017-09-21T04:00:00","guid":{"rendered":"https:\/\/www.opinionpublica.tv\/portada\/2017\/09\/21\/promete-papa-francisco-cero-tolerancia-contra-curas-pedofilos\/"},"modified":"2017-09-21T06:00:00","modified_gmt":"2017-09-21T04:00:00","slug":"promete-papa-francisco-cero-tolerancia-contra-curas-pedofilos","status":"publish","type":"post","link":"https:\/\/www.opinionpublica.tv\/portada\/promete-papa-francisco-cero-tolerancia-contra-curas-pedofilos\/","title":{"rendered":"Promete Papa Francisco cero tolerancia contra ped\u00f3filos"},"content":{"rendered":"<p><img fetchpriority=\"high\" decoding=\"async\" class=\" size-full wp-image-15292\" src=\"https:\/\/www.opinionpublica.tv\/portada\/wp-content\/uploads\/2017\/09\/fc8cd76a2d9deb463a02c86abc1d0464.jpg\" alt=\"\" class=\"caption\" title=\"El Papa Francisco en El Vaticano.\" width=\"640\" height=\"360\" srcset=\"https:\/\/www.opinionpublica.tv\/portada\/wp-content\/uploads\/2017\/09\/fc8cd76a2d9deb463a02c86abc1d0464.jpg 640w, https:\/\/www.opinionpublica.tv\/portada\/wp-content\/uploads\/2017\/09\/fc8cd76a2d9deb463a02c86abc1d0464-300x169.jpg 300w\" sizes=\"(max-width: 640px) 100vw, 640px\" \/><br \/>\n<!--more--><\/p>\n<p style=\"text-align: justify;\"><em>Ciudad del Vaticano<\/em>.- Acusado por algunos sectores de no hacer lo suficiente para combatir la \u00abruina terrible\u00bb del esc\u00e1ndalo de abusos sexuales de chicos por parte de sacerdotes, al margen de volver a hacer un\u00a0<em>mea culpa\u00a0<\/em>porque la Iglesia \u00ablleg\u00f3 tarde\u00bb, el\u00a0Papa\u00a0reiter\u00f3 con fuerza su determinaci\u00f3n a aplicar el principio de \u201ctolerancia cero\u201d.<\/p>\n<p style=\"text-align: justify;\">En una vuelta de tuerca en los procedimientos, anunci\u00f3 que, de ahora en m\u00e1s, los sacerdotes hallados culpables en primera instancia por la justicia vaticana no podr\u00e1n presentar un recurso. \u00abUn s\u00f3lo abuso basta para que una condena sea definitiva, sin apelaci\u00f3n\u00bb, afirm\u00f3 el Papa, que tambi\u00e9n se\u00f1al\u00f3 que jam\u00e1s habr\u00e1 indulto para curas abusadores.<\/p>\n<p style=\"text-align: justify;\">\u00abQuien es condenado por abuso de menores puede dirigirse al Papa para obtener clemencia, pero espero que quede claro que yo nunca firm\u00e9 una medida de este tipo, ni nunca la firmar\u00e9\u00bb, advirti\u00f3. Aludi\u00f3, as\u00ed, a un informe de prensa publicado en febrero pasado que lo acus\u00f3, falsamente, de haber indultado a un sacerdote condenado por abuso.<\/p>\n<p style=\"text-align: justify;\">Francisco volvi\u00f3 a reiterar su determinaci\u00f3n a contrarrestar el esc\u00e1ndalo de la pedofilia en el clero al recibir por primera vez en audiencia formal a los miembros de la Comisi\u00f3n Para la Protecci\u00f3n de Menores, que cre\u00f3 hace tres a\u00f1os para ayudar a combatir un esc\u00e1ndalo que manch\u00f3 como nunca la credibilidad de la Iglesia.<\/p>\n<p style=\"text-align: justify;\">Formada por 15 miembros de todos los continentes, entre los cuales est\u00e1 el jesuita argentino Humberto Miguel Ya\u00f1ez, experto en teolog\u00eda moral de la Universidad Gregoriana, la Comisi\u00f3n es presidida por el cardenal estadounidense Sean O&#8217;Malley, arzobispo de Boston. En marzo pasado, esta comisi\u00f3n sufri\u00f3 un fuerte rev\u00e9s cuando Marie Collins, ex v\u00edctima de abusos, que la integraba, decidi\u00f3 irse vistas las resistencias encontradas en la Congregaci\u00f3n de la Doctrina de la Fe y al manifestar frustraci\u00f3n.<\/p>\n<p style=\"text-align: justify;\">Al recibir a la comisi\u00f3n el Sala Clementina, el Papa prefiri\u00f3 no leer el discurso que ten\u00eda preparado. Y volvi\u00f3 a hacer un\u00a0<em>mea culpa<\/em>\u00a0en nombre de la Iglesia cat\u00f3lica. En el pasado, por defender su imagen, \u00e9sta practic\u00f3 una pol\u00edtica de encubrimiento de los casos, al mover de una di\u00f3cesis a otra a los curas abusadores.<\/p>\n<p style=\"text-align: justify;\">\u00abHemos llegado tarde. La antigua pr\u00e1ctica de trasladar a la gente, de no hacerle frente al problema, adormeci\u00f3 a las conciencias\u00bb, admiti\u00f3 Francisco. \u00abLa conciencia de la Iglesia ha llegado tarde: cuando la conciencia llega tarde, los medios para resolver el problema llegan tarde\u00bb, agreg\u00f3, al hablar con inmensa franqueza.<\/p>\n<p style=\"text-align: justify;\">En este marco, reconoci\u00f3 que \u00abno fue f\u00e1cil\u00bb para la Comisi\u00f3n para la Tutela de Menores empezar su trabajo, hace tres a\u00f1os, vista la mentalidad reinante en la Iglesia, donde algunos a\u00fan no ven que se trata de un \u00abproblema grave\u00bb.<\/p>\n<p style=\"text-align: justify;\">\u00abHan debido nadar contra la corriente, soy consciente de estas dificultades, pero es la realidad y lo digo as\u00ed: hemos llegado tarde\u00bb, insisti\u00f3.<\/p>\n<p style=\"text-align: justify;\">Como hizo en otras ocasiones, reiter\u00f3 \u00abel profundo dolor que siento en el alma por la situaci\u00f3n de los chicos abusados\u00bb.<\/p>\n<p style=\"text-align: justify;\">\u00abEl esc\u00e1ndalo del abuso sexual es verdaderamente una ruina terrible para toda la humanidad. Tambi\u00e9n para la Iglesia ha sido una experiencia muy dolorosa. Sentimos verg\u00fcenza por los abusos cometidos por ministros sagrados, que deber\u00edan ser los m\u00e1s dignos de confianza\u00bb, admiti\u00f3.<\/p>\n<p style=\"text-align: justify;\">\u00abEl abuso sexual es un pecado horrible, completamente opuesto y en contradicci\u00f3n con lo que Cristo y la Iglesia nos ense\u00f1an\u00bb, se\u00f1al\u00f3, al reafirmar su determinaci\u00f3n a que haya intransigencia contra los culpables, en l\u00ednea con Benedicto XVI.<\/p>\n<p style=\"text-align: justify;\">\u00abReitero hoy una vez m\u00e1s que la Iglesia, en todos los niveles, responder\u00e1 con la aplicaci\u00f3n de las m\u00e1s firmes medidas a todos aquellos que han traicionado su llamado y han abusado de los hijos de Dios\u00bb, dijo, al destacar la responsabilidad primordial de los obispos, sacerdotes y religiosos de proteger a los chicos. \u00abLa Iglesia irrevocablemente y a todos los niveles pretende aplicar contra el abuso sexual de menores el principio de tolerancia cero\u00bb, agreg\u00f3.<\/p>\n<p style=\"text-align: justify;\">Francisco tambi\u00e9n elogi\u00f3 el trabajo de la Comisi\u00f3n, que tiene un rol consultivo y que en los \u00faltimos tres a\u00f1os se reuni\u00f3 con v\u00edctimas y viaj\u00f3 por el mundo para divulgar entre los episcopados las mejores pr\u00e1cticas para la protecci\u00f3n de menores.<\/p>\n<p style=\"text-align: justify;\">\u00abConf\u00edo plenamente en que la Comisi\u00f3n seguir\u00e1 siendo un lugar donde podamos escuchar con inter\u00e9s las voces de las v\u00edctimas y de los supervivientes. Porque tenemos mucho que aprender de ellos y de sus historias personales de coraje y perseverancia\u00bb, dijo el Papa, en un aliento a la Comisi\u00f3n.<\/p>\n<p style=\"text-align: justify;\">M\u00e1s all\u00e1 de la voluntad de Francisco, en los \u00faltimos meses el tema de la pedofilia volvi\u00f3 a estallar en la Iglesia cat\u00f3lica y sacudir a su pontificado. El caso m\u00e1s resonante fue el del cardenal australiano\u00a0George Pell, ex zar de las finanzas del Vaticano y miembro del G-9, el grupo de cardenales consultores del Papa, que en julio pasado debi\u00f3 dejar su cargo y volver a Australia, donde la justicia lo investiga por presuntos casos de abusos cometidos en su tierra. (La Naci\u00f3n)<\/p>\n","protected":false},"excerpt":{"rendered":"","protected":false},"author":6,"featured_media":15292,"comment_status":"open","ping_status":"open","sticky":false,"template":"","format":"standard","meta":{"_acf_changed":false,"_monsterinsights_skip_tracking":false,"slim_seo":{"title":"Promete Papa Francisco cero tolerancia contra ped\u00f3filos - Opini\u00f3n P\u00fablica","description":"Ciudad del Vaticano .- Acusado por algunos sectores de no hacer lo suficiente para combatir la \"ruina terrible\" del esc\u00e1ndalo de abusos sexuales de chicos por p"},"footnotes":""},"categories":[11],"tags":[],"class_list":["post-15293","post","type-post","status-publish","format-standard","has-post-thumbnail","hentry","category-tendencias"],"acf":[],"_links":{"self":[{"href":"https:\/\/www.opinionpublica.tv\/portada\/wp-json\/wp\/v2\/posts\/15293","targetHints":{"allow":["GET"]}}],"collection":[{"href":"https:\/\/www.opinionpublica.tv\/portada\/wp-json\/wp\/v2\/posts"}],"about":[{"href":"https:\/\/www.opinionpublica.tv\/portada\/wp-json\/wp\/v2\/types\/post"}],"author":[{"embeddable":true,"href":"https:\/\/www.opinionpublica.tv\/portada\/wp-json\/wp\/v2\/users\/6"}],"replies":[{"embeddable":true,"href":"https:\/\/www.opinionpublica.tv\/portada\/wp-json\/wp\/v2\/comments?post=15293"}],"version-history":[{"count":0,"href":"https:\/\/www.opinionpublica.tv\/portada\/wp-json\/wp\/v2\/posts\/15293\/revisions"}],"wp:featuredmedia":[{"embeddable":true,"href":"https:\/\/www.opinionpublica.tv\/portada\/wp-json\/wp\/v2\/media\/15292"}],"wp:attachment":[{"href":"https:\/\/www.opinionpublica.tv\/portada\/wp-json\/wp\/v2\/media?parent=15293"}],"wp:term":[{"taxonomy":"category","embeddable":true,"href":"https:\/\/www.opinionpublica.tv\/portada\/wp-json\/wp\/v2\/categories?post=15293"},{"taxonomy":"post_tag","embeddable":true,"href":"https:\/\/www.opinionpublica.tv\/portada\/wp-json\/wp\/v2\/tags?post=15293"}],"curies":[{"name":"wp","href":"https:\/\/api.w.org\/{rel}","templated":true}]}}