{"id":15291,"date":"2017-09-21T06:00:00","date_gmt":"2017-09-21T04:00:00","guid":{"rendered":"https:\/\/www.opinionpublica.tv\/portada\/2017\/09\/21\/video-papa-francisco-envia-mensaje-a-mexico-por-sismos-en-el-centro-del-pais\/"},"modified":"2017-09-21T06:00:00","modified_gmt":"2017-09-21T04:00:00","slug":"video-papa-francisco-envia-mensaje-a-mexico-por-sismos-en-el-centro-del-pais","status":"publish","type":"post","link":"https:\/\/www.opinionpublica.tv\/portada\/video-papa-francisco-envia-mensaje-a-mexico-por-sismos-en-el-centro-del-pais\/","title":{"rendered":"Video: Mensaje del Papa Francisco para M\u00e9xico por sismos en el centro del pa\u00eds"},"content":{"rendered":"<p><img fetchpriority=\"high\" decoding=\"async\" class=\" size-full wp-image-15290\" src=\"https:\/\/www.opinionpublica.tv\/portada\/wp-content\/uploads\/2017\/09\/46ad3cb79256db14c8487996134b679e.jpg\" alt=\"\" width=\"501\" height=\"303\" srcset=\"https:\/\/www.opinionpublica.tv\/portada\/wp-content\/uploads\/2017\/09\/46ad3cb79256db14c8487996134b679e.jpg 501w, https:\/\/www.opinionpublica.tv\/portada\/wp-content\/uploads\/2017\/09\/46ad3cb79256db14c8487996134b679e-300x181.jpg 300w\" sizes=\"(max-width: 501px) 100vw, 501px\" \/><br \/>\n<!--more--><\/p>\n<p style=\"text-align: justify;\"><em>Ciudad del Vaticano<\/em>.- Como consecuencia del segundo sismo ocurrido en M\u00e9xico en un lapso de 10 d\u00edas, el Papa Francisco envi\u00f3 un nuevo mensaje de solidaridad a los mexicanos y pidi\u00f3 orar por quienes perdieron la vida, as\u00ed como por la pronta recuperaci\u00f3n de cientos de heridos en la Ciudad de M\u00e9xico, Morelos Puebla, Oaxaca y Chiapas.<\/p>\n<div class=\"k2_video\"><iframe title=\"Papa Francisco env\u00eda mensaje a M\u00e9xico tras terrible terremoto. 20 de septiembre de 2017\" width=\"800\" height=\"450\" src=\"https:\/\/www.youtube.com\/embed\/IAYe-BMroww?feature=oembed\" frameborder=\"0\" allow=\"accelerometer; autoplay; clipboard-write; encrypted-media; gyroscope; picture-in-picture; web-share\" referrerpolicy=\"strict-origin-when-cross-origin\" allowfullscreen><\/iframe>\n<\/div>\n","protected":false},"excerpt":{"rendered":"","protected":false},"author":6,"featured_media":15290,"comment_status":"open","ping_status":"open","sticky":false,"template":"","format":"standard","meta":{"_acf_changed":false,"_monsterinsights_skip_tracking":false,"slim_seo":{"title":"Video: Mensaje del Papa Francisco para M\u00e9xico por sismos en el centro del pa\u00eds - Opini\u00f3n P\u00fablica","description":"Ciudad del Vaticano .- Como consecuencia del segundo sismo ocurrido en M\u00e9xico en un lapso de 10 d\u00edas, el Papa Francisco envi\u00f3 un nuevo mensaje de solidaridad a"},"footnotes":""},"categories":[8],"tags":[],"class_list":["post-15291","post","type-post","status-publish","format-standard","has-post-thumbnail","hentry","category-videos"],"acf":[],"_links":{"self":[{"href":"https:\/\/www.opinionpublica.tv\/portada\/wp-json\/wp\/v2\/posts\/15291","targetHints":{"allow":["GET"]}}],"collection":[{"href":"https:\/\/www.opinionpublica.tv\/portada\/wp-json\/wp\/v2\/posts"}],"about":[{"href":"https:\/\/www.opinionpublica.tv\/portada\/wp-json\/wp\/v2\/types\/post"}],"author":[{"embeddable":true,"href":"https:\/\/www.opinionpublica.tv\/portada\/wp-json\/wp\/v2\/users\/6"}],"replies":[{"embeddable":true,"href":"https:\/\/www.opinionpublica.tv\/portada\/wp-json\/wp\/v2\/comments?post=15291"}],"version-history":[{"count":0,"href":"https:\/\/www.opinionpublica.tv\/portada\/wp-json\/wp\/v2\/posts\/15291\/revisions"}],"wp:featuredmedia":[{"embeddable":true,"href":"https:\/\/www.opinionpublica.tv\/portada\/wp-json\/wp\/v2\/media\/15290"}],"wp:attachment":[{"href":"https:\/\/www.opinionpublica.tv\/portada\/wp-json\/wp\/v2\/media?parent=15291"}],"wp:term":[{"taxonomy":"category","embeddable":true,"href":"https:\/\/www.opinionpublica.tv\/portada\/wp-json\/wp\/v2\/categories?post=15291"},{"taxonomy":"post_tag","embeddable":true,"href":"https:\/\/www.opinionpublica.tv\/portada\/wp-json\/wp\/v2\/tags?post=15291"}],"curies":[{"name":"wp","href":"https:\/\/api.w.org\/{rel}","templated":true}]}}