{"id":15278,"date":"2017-09-21T06:00:00","date_gmt":"2017-09-21T04:00:00","guid":{"rendered":"https:\/\/www.opinionpublica.tv\/portada\/2017\/09\/21\/puerto-rico-devastado-tras-el-paso-del-huracan-maria\/"},"modified":"2017-09-21T06:00:00","modified_gmt":"2017-09-21T04:00:00","slug":"puerto-rico-devastado-tras-el-paso-del-huracan-maria","status":"publish","type":"post","link":"https:\/\/www.opinionpublica.tv\/portada\/puerto-rico-devastado-tras-el-paso-del-huracan-maria\/","title":{"rendered":"Puerto Rico devastado tras el paso del hurac\u00e1n Mar\u00eda"},"content":{"rendered":"<p><img fetchpriority=\"high\" decoding=\"async\" class=\" size-full wp-image-15277\" src=\"https:\/\/www.opinionpublica.tv\/portada\/wp-content\/uploads\/2017\/09\/ce34c0fb0c3e4ec55b61d279bb4f53ba.jpg\" alt=\"\" class=\"caption\" title=\"El hurac\u00e1n Irma hizo estragos a su paso por Puerto Rico.\" width=\"1024\" height=\"676\" srcset=\"https:\/\/www.opinionpublica.tv\/portada\/wp-content\/uploads\/2017\/09\/ce34c0fb0c3e4ec55b61d279bb4f53ba.jpg 1024w, https:\/\/www.opinionpublica.tv\/portada\/wp-content\/uploads\/2017\/09\/ce34c0fb0c3e4ec55b61d279bb4f53ba-300x198.jpg 300w, https:\/\/www.opinionpublica.tv\/portada\/wp-content\/uploads\/2017\/09\/ce34c0fb0c3e4ec55b61d279bb4f53ba-768x507.jpg 768w\" sizes=\"(max-width: 1024px) 100vw, 1024px\" \/><br \/>\n<!--more--><\/p>\n<p style=\"text-align: justify;\"><em>San Juan, Puerto Rico, EU<\/em>.- \u00abNuestra vida como la conoc\u00edamos cambi\u00f3\u00bb, dijo la alcaldesa de San Juan, Carmen Yul\u00edn Cruz, cuando dio cuenta de la devastaci\u00f3n \u00abpr\u00e1cticamente absoluta\u00bb que est\u00e1 dejando el hurac\u00e1n Mar\u00eda a su paso por Puerto Rico.<\/p>\n<p style=\"text-align: justify;\">\u00abHay mucho dolor, mucha devastaci\u00f3n\u00bb, dijo Yul\u00edn Cruz entre l\u00e1grimas a un grupo de periodistas en un refugio en la capital, cuyo techo se mec\u00eda por los furibundos vientos de 220 Km\/hora que azotan la isla y que forzaron a los refugiados a congregarse en los pasillos.<\/p>\n<p style=\"text-align: justify;\">\u00abMuchas partes de San Juan est\u00e1n completamente inundadas (&#8230;) La devastaci\u00f3n est\u00e1 tocando los cuatro puntos cardinales\u00bb, a\u00f1adi\u00f3.<\/p>\n<p style=\"text-align: justify;\">El gobernador, Ricardo Rossell\u00f3, escribi\u00f3 en Twitter que hab\u00eda pedido al presidente Donald Trump que declare a Puerto Rico zona de desastre.<\/p>\n<p style=\"text-align: justify;\">Tras tocar tierra a las 10:15 horas (GMT) en el sur de Puerto Rico con vientos de 250 Km\/hora, el ojo del hurac\u00e1n comenz\u00f3 a atravesar la isla: hacia las 15:00 horas (GMT), el Centro Nacional de Huracanes (NHC) ubicaba el ojo de Mar\u00eda a 25 Km al sureste de Arecibo, en el norte de este territorio estadounidense, movi\u00e9ndose a 19 Km\/hora.<\/p>\n<p style=\"text-align: justify;\">En llamadas a la radio WKAQ 580 AM, los residentes daban cuenta de desastres desde todas partes del pa\u00eds.<\/p>\n<p style=\"text-align: justify;\">\u00abCiertamente la devastaci\u00f3n est\u00e1 tocando los cuatro puntos cardinales\u00bb, dijo la alcaldesa de San Juan. \u00abHay que reconstruir la ciudad capital del pa\u00eds, que tiene que decirle al mundo que estamos aqu\u00ed\u00bb.<\/p>\n<p style=\"text-align: justify;\">El Coliseo Roberto Clemente donde ella estaba, y que alberga a unas 1,200 personas, tambi\u00e9n sufri\u00f3 da\u00f1os.<\/p>\n","protected":false},"excerpt":{"rendered":"","protected":false},"author":6,"featured_media":15277,"comment_status":"open","ping_status":"open","sticky":false,"template":"","format":"standard","meta":{"_acf_changed":false,"_monsterinsights_skip_tracking":false,"slim_seo":{"title":"Puerto Rico devastado tras el paso del hurac\u00e1n Mar\u00eda - Opini\u00f3n P\u00fablica","description":"San Juan, Puerto Rico, EU .- \"Nuestra vida como la conoc\u00edamos cambi\u00f3\", dijo la alcaldesa de San Juan, Carmen Yul\u00edn Cruz, cuando dio cuenta de la devastaci\u00f3n \"pr"},"footnotes":""},"categories":[24],"tags":[],"class_list":["post-15278","post","type-post","status-publish","format-standard","has-post-thumbnail","hentry","category-estados-unidos"],"acf":[],"_links":{"self":[{"href":"https:\/\/www.opinionpublica.tv\/portada\/wp-json\/wp\/v2\/posts\/15278","targetHints":{"allow":["GET"]}}],"collection":[{"href":"https:\/\/www.opinionpublica.tv\/portada\/wp-json\/wp\/v2\/posts"}],"about":[{"href":"https:\/\/www.opinionpublica.tv\/portada\/wp-json\/wp\/v2\/types\/post"}],"author":[{"embeddable":true,"href":"https:\/\/www.opinionpublica.tv\/portada\/wp-json\/wp\/v2\/users\/6"}],"replies":[{"embeddable":true,"href":"https:\/\/www.opinionpublica.tv\/portada\/wp-json\/wp\/v2\/comments?post=15278"}],"version-history":[{"count":0,"href":"https:\/\/www.opinionpublica.tv\/portada\/wp-json\/wp\/v2\/posts\/15278\/revisions"}],"wp:featuredmedia":[{"embeddable":true,"href":"https:\/\/www.opinionpublica.tv\/portada\/wp-json\/wp\/v2\/media\/15277"}],"wp:attachment":[{"href":"https:\/\/www.opinionpublica.tv\/portada\/wp-json\/wp\/v2\/media?parent=15278"}],"wp:term":[{"taxonomy":"category","embeddable":true,"href":"https:\/\/www.opinionpublica.tv\/portada\/wp-json\/wp\/v2\/categories?post=15278"},{"taxonomy":"post_tag","embeddable":true,"href":"https:\/\/www.opinionpublica.tv\/portada\/wp-json\/wp\/v2\/tags?post=15278"}],"curies":[{"name":"wp","href":"https:\/\/api.w.org\/{rel}","templated":true}]}}