{"id":15252,"date":"2017-09-21T06:00:00","date_gmt":"2017-09-21T04:00:00","guid":{"rendered":"https:\/\/www.opinionpublica.tv\/portada\/2017\/09\/21\/reina-la-confusion-en-la-zona-de-rescate-del-colegio-rebsamen-con-ninos-atrapados\/"},"modified":"2017-09-21T06:00:00","modified_gmt":"2017-09-21T04:00:00","slug":"reina-la-confusion-en-la-zona-de-rescate-del-colegio-rebsamen-con-ninos-atrapados","status":"publish","type":"post","link":"https:\/\/www.opinionpublica.tv\/portada\/reina-la-confusion-en-la-zona-de-rescate-del-colegio-rebsamen-con-ninos-atrapados\/","title":{"rendered":"Reina la confusi\u00f3n en la zona de rescate del Colegio R\u00e9bsamen con ni\u00f1os atrapados"},"content":{"rendered":"<p><img fetchpriority=\"high\" decoding=\"async\" class=\" size-full wp-image-15250\" src=\"https:\/\/www.opinionpublica.tv\/portada\/wp-content\/uploads\/2017\/09\/9b96c62ca0003d7b5cd056b82275efb0.jpg\" alt=\"\" class=\"caption\" title=\"Los rescatistas han trabajado durante dos d\u00edas con la esperanza de encontrar ni\u00f1os vivos.\" width=\"630\" height=\"420\" srcset=\"https:\/\/www.opinionpublica.tv\/portada\/wp-content\/uploads\/2017\/09\/9b96c62ca0003d7b5cd056b82275efb0.jpg 630w, https:\/\/www.opinionpublica.tv\/portada\/wp-content\/uploads\/2017\/09\/9b96c62ca0003d7b5cd056b82275efb0-300x200.jpg 300w\" sizes=\"(max-width: 630px) 100vw, 630px\" \/><br \/>\n<!--more--><\/p>\n<p style=\"text-align: justify;\"><em>Ciudad de M\u00e9xico<\/em>.- Un caos. La confusi\u00f3n impera en las inmediaciones de la escuela Enrique R\u00e9bsamen, ubicada en Coapa, donde permanecen varios ni\u00f1os atrapados entre los escombros. Lo \u00fanico claro es que quienes encabezan las labores de rescate no tienen control de la zona.<\/p>\n<p style=\"text-align: justify;\">El secretario de Educaci\u00f3n P\u00fablica, Aurelio Nu\u00f1o, quien ha dado seguimiento al rescate del colegio, reconoci\u00f3 que se estaban buscando a los familiares de ni\u00f1os atrapados entre los escombros y que hab\u00eda \u00abmucha confusi\u00f3n en la zona\u00bb.<\/p>\n<p style=\"text-align: justify;\"><img decoding=\"async\" class=\" size-full wp-image-15251\" src=\"https:\/\/www.opinionpublica.tv\/portada\/wp-content\/uploads\/2017\/09\/escuela2.jpeg\" width=\"601\" height=\"399\" srcset=\"https:\/\/www.opinionpublica.tv\/portada\/wp-content\/uploads\/2017\/09\/escuela2.jpeg 630w, https:\/\/www.opinionpublica.tv\/portada\/wp-content\/uploads\/2017\/09\/escuela2-300x199.jpeg 300w\" sizes=\"(max-width: 601px) 100vw, 601px\" \/><\/p>\n<p style=\"text-align: justify;\">Nu\u00f1o incluso reconoci\u00f3 en Noticieros Televisa que posiblemente hab\u00eda una confusi\u00f3n con el nombre de la ni\u00f1a con la que se hab\u00eda hecho contacto.<\/p>\n<p style=\"text-align: justify;\">De acuerdo con colaboradores involucrados, quienes pidieron buscar a familiares de la ni\u00f1a Frida Sof\u00eda Ledezma, aseguraron que la menor habr\u00eda sido rescatada e incluso afirmaron que se encuentra con signos vitales. Sin embargo, esto es una versi\u00f3n no confirmada por el almirante de la Marina, Jos\u00e9 Luis Vergara, quien comanda la operaci\u00f3n de rescate.<\/p>\n<p style=\"text-align: justify;\">En m\u00e1s de una ocasi\u00f3n, algunos rescatistas y colaboradores han solicitado apoyo para material de rescate que, minutos despu\u00e9s, es desmentido por el almirante Vergara.<\/p>\n<p style=\"text-align: justify;\">Y el secretario dice:\u00a0\u00abAhora el tema es poder contactar a los pap\u00e1s o familiares de alguna ni\u00f1a o ni\u00f1o que est\u00e9 desaparecido. Eventualmente pueden estar buscando en hospitales, pueden estar aqu\u00ed. Lo que la evidencia que desde hace muchas horas han dado los diversos rescatistas es la presencia de una ni\u00f1a\u00bb, dijo Nu\u00f1o cuando el HuffPost le pidi\u00f3 aclarar lo sucedido.<\/p>\n<p style=\"text-align: justify;\">\u00ab\u00bfSe trata de Frida Sof\u00eda?\u00bb, le pregunt\u00f3 una reportera al titular de la SEP.<\/p>\n<p style=\"text-align: justify;\">\u00abLo que han dicho es que hay presencia eventualmente de una ni\u00f1a. Ellos dijeron que la propia ni\u00f1a hab\u00eda dicho llamarse Sof\u00eda. Todo lo que ustedes conocen. Pero yo llevo muchas horas tratando de contactar a pap\u00e1s y familiares pero todav\u00eda no lo hemos logrado\u00bb, finaliz\u00f3. (HuffPost M\u00e9xico)<\/p>\n","protected":false},"excerpt":{"rendered":"","protected":false},"author":6,"featured_media":15250,"comment_status":"open","ping_status":"open","sticky":false,"template":"","format":"standard","meta":{"_acf_changed":false,"_monsterinsights_skip_tracking":false,"slim_seo":{"title":"Reina la confusi\u00f3n en la zona de rescate del Colegio R\u00e9bsamen con ni\u00f1os atrapados - Opini\u00f3n P\u00fablica","description":"Ciudad de M\u00e9xico .- Un caos. La confusi\u00f3n impera en las inmediaciones de la escuela Enrique R\u00e9bsamen, ubicada en Coapa, donde permanecen varios ni\u00f1os atrapados"},"footnotes":""},"categories":[3],"tags":[],"class_list":["post-15252","post","type-post","status-publish","format-standard","has-post-thumbnail","hentry","category-principal"],"acf":[],"_links":{"self":[{"href":"https:\/\/www.opinionpublica.tv\/portada\/wp-json\/wp\/v2\/posts\/15252","targetHints":{"allow":["GET"]}}],"collection":[{"href":"https:\/\/www.opinionpublica.tv\/portada\/wp-json\/wp\/v2\/posts"}],"about":[{"href":"https:\/\/www.opinionpublica.tv\/portada\/wp-json\/wp\/v2\/types\/post"}],"author":[{"embeddable":true,"href":"https:\/\/www.opinionpublica.tv\/portada\/wp-json\/wp\/v2\/users\/6"}],"replies":[{"embeddable":true,"href":"https:\/\/www.opinionpublica.tv\/portada\/wp-json\/wp\/v2\/comments?post=15252"}],"version-history":[{"count":0,"href":"https:\/\/www.opinionpublica.tv\/portada\/wp-json\/wp\/v2\/posts\/15252\/revisions"}],"wp:featuredmedia":[{"embeddable":true,"href":"https:\/\/www.opinionpublica.tv\/portada\/wp-json\/wp\/v2\/media\/15250"}],"wp:attachment":[{"href":"https:\/\/www.opinionpublica.tv\/portada\/wp-json\/wp\/v2\/media?parent=15252"}],"wp:term":[{"taxonomy":"category","embeddable":true,"href":"https:\/\/www.opinionpublica.tv\/portada\/wp-json\/wp\/v2\/categories?post=15252"},{"taxonomy":"post_tag","embeddable":true,"href":"https:\/\/www.opinionpublica.tv\/portada\/wp-json\/wp\/v2\/tags?post=15252"}],"curies":[{"name":"wp","href":"https:\/\/api.w.org\/{rel}","templated":true}]}}