{"id":15235,"date":"2017-09-21T06:00:00","date_gmt":"2017-09-21T04:00:00","guid":{"rendered":"https:\/\/www.opinionpublica.tv\/portada\/2017\/09\/21\/se-deben-1-500-mdp-a-cfe-por-convenios-electorales-asegura-corral\/"},"modified":"2017-09-21T06:00:00","modified_gmt":"2017-09-21T04:00:00","slug":"se-deben-1-500-mdp-a-cfe-por-convenios-electorales-asegura-corral","status":"publish","type":"post","link":"https:\/\/www.opinionpublica.tv\/portada\/se-deben-1-500-mdp-a-cfe-por-convenios-electorales-asegura-corral\/","title":{"rendered":"Se deben 1,500 mdp a CFE por &#8216;convenios electorales&#8217;: Corral"},"content":{"rendered":"<p><img fetchpriority=\"high\" decoding=\"async\" class=\" size-full wp-image-15234\" src=\"https:\/\/www.opinionpublica.tv\/portada\/wp-content\/uploads\/2017\/09\/f9106d98c74021c4019394d3d198b650.jpg\" alt=\"\" class=\"caption\" title=\"Javier Corral Jurado, gobernador de Chihuahua.\" width=\"360\" height=\"254\" srcset=\"https:\/\/www.opinionpublica.tv\/portada\/wp-content\/uploads\/2017\/09\/f9106d98c74021c4019394d3d198b650.jpg 360w, https:\/\/www.opinionpublica.tv\/portada\/wp-content\/uploads\/2017\/09\/f9106d98c74021c4019394d3d198b650-300x212.jpg 300w\" sizes=\"(max-width: 360px) 100vw, 360px\" \/><br \/>\n<!--more--><\/p>\n<p style=\"text-align: justify;\"><em>Chihuahua, Chih<\/em>.- El gobernador de Chihuahua, Javier Corral Jurado, dio a conocer que el presupuesto de la entidad muestra un d\u00e9ficit multimillonario, producto de convenios que se realizaron con diversas dependencias federales y que no se liquidaron, como es el caso de la Comisi\u00f3n Federal de Electricidad (CFE).<\/p>\n<p style=\"text-align: justify;\">\u201cTodo el a\u00f1o hemos estado pidiendo que se nos elimine ese pago, porque todos sabemos de qu\u00e9 se trata. Son los adeudos que Chihuahua tiene, por aquella caravana con sombrero ajeno que hizo C\u00e9sar Duarte, de los descuentos en campa\u00f1as electorales para los usuarios, en realidad no era ning\u00fan descuento con la CFE\u201d, asegur\u00f3.<\/p>\n<p style=\"text-align: justify;\">El mandatario explic\u00f3 que se trat\u00f3 de un convenio en el cual el Gobierno del Estado se compromet\u00eda a pagar los descuentos que se le hicieron hasta a los m\u00e1s ricos del estado, por un proselitismo electoral, cuando el titular de ese organismo federal, era quien ahora funge como presidente del partido pol\u00edtico en el poder a nivel nacional.<\/p>\n<p style=\"text-align: justify;\">Mencion\u00f3 que en diversas ocasiones abord\u00f3 este tema con el secretario de Energ\u00eda, Pedro Joaqu\u00edn Coldwell, con el secretario de Hacienda, Jos\u00e9 Antonio Meade, e incluso con el propio presidente de la Rep\u00fablica, Enrique Pe\u00f1a Nieto.<\/p>\n<p style=\"text-align: justify;\">\u201cLes hemos dicho que esa era pura propaganda pol\u00edtica. C\u00f3mo les vamos a andar pagando ese dinero, es injusto que Chihuahua ande pagando campa\u00f1as de promoci\u00f3n pol\u00edtica\u201d, afirm\u00f3.<\/p>\n<p style=\"text-align: justify;\">Corral coment\u00f3 que la respuesta de la Federaci\u00f3n, ha sido que el tema est\u00e1 en revisi\u00f3n, y aunque hasta ahora no le han rebajado participaciones a Chihuahua, es uno de los aspectos que m\u00e1s le suma al d\u00e9ficit presupuestal de la entidad.<\/p>\n","protected":false},"excerpt":{"rendered":"","protected":false},"author":6,"featured_media":15234,"comment_status":"open","ping_status":"open","sticky":false,"template":"","format":"standard","meta":{"_acf_changed":false,"_monsterinsights_skip_tracking":false,"slim_seo":{"title":"Se deben 1,500 mdp a CFE por 'convenios electorales': Corral - Opini\u00f3n P\u00fablica","description":"Chihuahua, Chih .- El gobernador de Chihuahua, Javier Corral Jurado, dio a conocer que el presupuesto de la entidad muestra un d\u00e9ficit multimillonario, producto"},"footnotes":""},"categories":[4],"tags":[],"class_list":["post-15235","post","type-post","status-publish","format-standard","has-post-thumbnail","hentry","category-pulsopolitico"],"acf":[],"_links":{"self":[{"href":"https:\/\/www.opinionpublica.tv\/portada\/wp-json\/wp\/v2\/posts\/15235","targetHints":{"allow":["GET"]}}],"collection":[{"href":"https:\/\/www.opinionpublica.tv\/portada\/wp-json\/wp\/v2\/posts"}],"about":[{"href":"https:\/\/www.opinionpublica.tv\/portada\/wp-json\/wp\/v2\/types\/post"}],"author":[{"embeddable":true,"href":"https:\/\/www.opinionpublica.tv\/portada\/wp-json\/wp\/v2\/users\/6"}],"replies":[{"embeddable":true,"href":"https:\/\/www.opinionpublica.tv\/portada\/wp-json\/wp\/v2\/comments?post=15235"}],"version-history":[{"count":0,"href":"https:\/\/www.opinionpublica.tv\/portada\/wp-json\/wp\/v2\/posts\/15235\/revisions"}],"wp:featuredmedia":[{"embeddable":true,"href":"https:\/\/www.opinionpublica.tv\/portada\/wp-json\/wp\/v2\/media\/15234"}],"wp:attachment":[{"href":"https:\/\/www.opinionpublica.tv\/portada\/wp-json\/wp\/v2\/media?parent=15235"}],"wp:term":[{"taxonomy":"category","embeddable":true,"href":"https:\/\/www.opinionpublica.tv\/portada\/wp-json\/wp\/v2\/categories?post=15235"},{"taxonomy":"post_tag","embeddable":true,"href":"https:\/\/www.opinionpublica.tv\/portada\/wp-json\/wp\/v2\/tags?post=15235"}],"curies":[{"name":"wp","href":"https:\/\/api.w.org\/{rel}","templated":true}]}}