{"id":15183,"date":"2017-09-07T06:00:00","date_gmt":"2017-09-07T04:00:00","guid":{"rendered":"https:\/\/www.opinionpublica.tv\/portada\/2017\/09\/07\/plataforma-electoral-del-pan-2018-segunda-parte\/"},"modified":"2017-09-07T06:00:00","modified_gmt":"2017-09-07T04:00:00","slug":"plataforma-electoral-del-pan-2018-segunda-parte","status":"publish","type":"post","link":"https:\/\/www.opinionpublica.tv\/portada\/plataforma-electoral-del-pan-2018-segunda-parte\/","title":{"rendered":"Plataforma Electoral del PAN 2018 (Segunda Parte)"},"content":{"rendered":"<p style=\"text-align: justify;\">Continuando con el an\u00e1lisis de la Plataforma del PAN, una parte que destaca en la propuesta es la visi\u00f3n que se tiene para la generaci\u00f3n de \u201c\u2026 <em>un sistema de rendici\u00f3n de cuentas equilibrado en pesos y contrapesos, que promueva la participaci\u00f3n ciudadana, el ejercicio de sus libertades y el debate p\u00fablico, la transparencia y la vigencia del estado de derecho\u201d.<\/em><\/p>\n<p><!--more--><\/p>\n<p style=\"text-align: justify;\">El documento hace referencia a la desigualdad social debida a que las pol\u00edticas gubernamentales inducen esta desigualdad, por lo que \u201c<em>Hace falta el establecimiento de un r\u00e9gimen democr\u00e1tico, que, con acciones innovadoras en todos los \u00f3rdenes, desarrolle las capacidades y habilidades, empresariales y laborales, que eleven la productividad, la generaci\u00f3n de riqueza y su justa distribuci\u00f3n\u201d.<\/em><\/p>\n<p style=\"text-align: justify;\">Para poder corregir lo anterior, es necesario un cambio de r\u00e9gimen, no eliminando a los partidos pol\u00edticos como mucha gente piensa, sino democratiz\u00e1ndolos de manera obligatoria, para evitar la formaci\u00f3n de mafias partidistas, de todos los colores, que precisamente se al\u00edan con las pocas familias que han sido privilegiadas con toda clase de circunstancias de protecci\u00f3n legal y extra-legal, permiti\u00e9ndoles cotos de mercado, a trav\u00e9s de la impunidad de todo tipo con pr\u00e1cticas monop\u00f3licas.<\/p>\n<p style=\"text-align: justify;\">Para ello, dicta la plataforma del PAN 2018, que se pretende generar una <em>\u201cactitud disruptiva\u201d<\/em>, para enfocarnos hacia un r\u00e9gimen verdaderamente democr\u00e1tico, cambiando las estructuras del Estado mexicano, \u201c\u2026 <em>desmantelando las relaciones que sostienen la impunidad, la corrupci\u00f3n y el privilegio de unos cuantos por encima del inter\u00e9s general\u201d.<\/em><\/p>\n<p style=\"text-align: justify;\">Dice la propuesta de plataforma, que <em>\u201cEl cambio democr\u00e1tico de estructuras es la tarea pendiente\u2026\u201d. <\/em>Coincido con esta declaraci\u00f3n, pero mi partido, si quiere ser verdaderamente disruptivo, tiene que irse a fondo.<\/p>\n<p style=\"text-align: justify;\">La propuesta de plataforma tiene un p\u00e1rrafo lapidario en relaci\u00f3n con esta problem\u00e1tica, que lee como sigue:<\/p>\n<p style=\"text-align: justify;\"><em>\u201cLos ciudadanos identifican a la partidocracia como un arreglo entre las \u00e9lites pol\u00edticas para repartirse el poder y excluir a la ciudadan\u00eda de la toma de decisiones. El problema principal es que los ciudadanos no encuentran espacios de participaci\u00f3n en estructuras corporativas, ni en los grupos y facciones adue\u00f1adas de los partidos, ni en pr\u00e1cticas que imponen intereses de la clase pol\u00edtica por encima de las exigencias y demandas ciudadanas\u201d.<\/em><\/p>\n<p style=\"text-align: justify;\">Nuestro Gobernador Corral, recientemente present\u00f3 una fallida iniciativa ante el Congreso de Chihuahua, que obligaba a los partidos a postular candidatos, a trav\u00e9s de elecciones primarias, d\u00e1ndole poder al ciudadano de elegir a los candidatos en los partidos de su preferencia, quit\u00e1ndole este privilegio a los peque\u00f1os grupos adue\u00f1ados de los partidos.<\/p>\n<p style=\"text-align: justify;\">Pero, por desgracia, los diputados del Congreso de Chihuahua sucumbieron a la rotunda negativa del PRI de someterse al escrutinio ciudadano para escoger a sus candidatos. Y en efecto, con esto se romper\u00eda la columna vertebral del PRI de cuotas y turnos de repartici\u00f3n de poder, sin importar perfiles, liderazgos y compromisos con el bien com\u00fan, que muchos ciudadanos de buena fe tienen, y que al toparse con esta cerraz\u00f3n en los partidos, se decepcionan y optan, o por no participar o entrar en las tortuosidades y altos costos de las famosas \u201ccandidaturas independientes\u201d, para luego darse cuenta que muchas de ellas, o son extensiones de las estrategias de los partidos o de factores reales de poder que siempre han estado aliados con los partidos.<\/p>\n<p style=\"text-align: justify;\">Respecto a la corrupci\u00f3n y al desorden gubernamental, la propuesta de plataforma refiere a los m\u00e1s recientes instrumentos de transparencia y combate a la corrupci\u00f3n que est\u00e1n en proceso de ser implementados, pero para que rindan frutos es necesario crear estructuras que verdaderamente reformen al poder, para evitar las cuotas de partido que han venido envenenando a los famosos organismos aut\u00f3nomos, y generar las estructuras de Gobierno Abierto, que hagan de la participaci\u00f3n ciudadana una realidad cotidiana en la co-creaci\u00f3n de pol\u00edticas p\u00fablicas y acciones de gobierno con acompa\u00f1amiento ciudadano, aprovechando las plataformas de transparencia, datos abiertos y de gobierno digital.<\/p>\n<p style=\"text-align: justify;\">Solo de esta manera, podremos darle fuerza al ciudadano y evitar que los gobernantes sigan utilizando al poder p\u00fablico para hacer negocio entres sus clanes, generando migajas de bien com\u00fan, como una especie de mal necesario.<\/p>\n<p style=\"text-align: justify;\"><strong>Crisis Constitucional<\/strong><\/p>\n<p style=\"text-align: justify;\">Nos encontramos en una par\u00e1lisis legislativa causada por un desencuentro sumamente raro. El pase autom\u00e1tico del \u00faltimo Procurador para convertirse en primer Fiscal aut\u00f3nomo, cuya propuesta de eliminarlo la hizo el Presidente el a\u00f1o pasado, los principales partidos la ignoraron, y ahora, parece como que el partido del Presidente quiere rechazar la iniciativa de eliminarla, pero que fue creada por consenso entre los ahora partidos en pugna. What?, dir\u00edan los gringos, ya no entend\u00ed.<\/p>\n<p style=\"text-align: justify;\">Sugiero que se apruebe de inmediato el rechazo al pase autom\u00e1tico propuesto por el Presidente, y si hay detalles reglamentarios posteriores, que despu\u00e9s los hagan, y no detengamos el delicado proceso del Presupuesto de Egresos y la Ley de Ingresos.<\/p>\n","protected":false},"excerpt":{"rendered":"<p>Continuando con el an\u00e1lisis de la Plataforma del PAN, una parte que destaca en la propuesta es la visi\u00f3n que se tiene para la generaci\u00f3n de \u201c\u2026 un sistema de rendici\u00f3n de cuentas equilibrado en pesos y contrapesos, que promueva la participaci\u00f3n ciudadana, el ejercicio de sus libertades y el debate p\u00fablico, la transparencia y [&hellip;]<\/p>\n","protected":false},"author":6,"featured_media":0,"comment_status":"open","ping_status":"open","sticky":false,"template":"","format":"standard","meta":{"_acf_changed":false,"_monsterinsights_skip_tracking":false,"slim_seo":{"title":"Plataforma Electoral del PAN 2018 (Segunda Parte) - Opini\u00f3n P\u00fablica","description":"Continuando con el an\u00e1lisis de la Plataforma del PAN, una parte que destaca en la propuesta es la visi\u00f3n que se tiene para la generaci\u00f3n de \u201c\u2026 un sistema de ren"},"footnotes":""},"categories":[17],"tags":[],"class_list":["post-15183","post","type-post","status-publish","format-standard","hentry","category-ultima-instancia"],"acf":[],"_links":{"self":[{"href":"https:\/\/www.opinionpublica.tv\/portada\/wp-json\/wp\/v2\/posts\/15183","targetHints":{"allow":["GET"]}}],"collection":[{"href":"https:\/\/www.opinionpublica.tv\/portada\/wp-json\/wp\/v2\/posts"}],"about":[{"href":"https:\/\/www.opinionpublica.tv\/portada\/wp-json\/wp\/v2\/types\/post"}],"author":[{"embeddable":true,"href":"https:\/\/www.opinionpublica.tv\/portada\/wp-json\/wp\/v2\/users\/6"}],"replies":[{"embeddable":true,"href":"https:\/\/www.opinionpublica.tv\/portada\/wp-json\/wp\/v2\/comments?post=15183"}],"version-history":[{"count":0,"href":"https:\/\/www.opinionpublica.tv\/portada\/wp-json\/wp\/v2\/posts\/15183\/revisions"}],"wp:attachment":[{"href":"https:\/\/www.opinionpublica.tv\/portada\/wp-json\/wp\/v2\/media?parent=15183"}],"wp:term":[{"taxonomy":"category","embeddable":true,"href":"https:\/\/www.opinionpublica.tv\/portada\/wp-json\/wp\/v2\/categories?post=15183"},{"taxonomy":"post_tag","embeddable":true,"href":"https:\/\/www.opinionpublica.tv\/portada\/wp-json\/wp\/v2\/tags?post=15183"}],"curies":[{"name":"wp","href":"https:\/\/api.w.org\/{rel}","templated":true}]}}