{"id":15178,"date":"2017-09-07T06:00:00","date_gmt":"2017-09-07T04:00:00","guid":{"rendered":"https:\/\/www.opinionpublica.tv\/portada\/2017\/09\/07\/acusa-garcia-chavez-a-epn-de-proteger-a-ex-gobernador-duarte\/"},"modified":"2017-09-07T06:00:00","modified_gmt":"2017-09-07T04:00:00","slug":"acusa-garcia-chavez-a-epn-de-proteger-a-ex-gobernador-duarte","status":"publish","type":"post","link":"https:\/\/www.opinionpublica.tv\/portada\/acusa-garcia-chavez-a-epn-de-proteger-a-ex-gobernador-duarte\/","title":{"rendered":"Acusa Garc\u00eda Chavez a EPN de proteger a ex gobernador Duarte"},"content":{"rendered":"<p><img fetchpriority=\"high\" decoding=\"async\" class=\" size-full wp-image-15177\" src=\"https:\/\/www.opinionpublica.tv\/portada\/wp-content\/uploads\/2017\/09\/b07a57365a49aed27a6aa55b42f68c49.jpg\" alt=\"\" class=\"caption\" title=\"Enrique Pe\u00f1a Nieto, presidente de M\u00e9xico y el ex gobernador C\u00e9sar Duarte.\" width=\"510\" height=\"323\" srcset=\"https:\/\/www.opinionpublica.tv\/portada\/wp-content\/uploads\/2017\/09\/b07a57365a49aed27a6aa55b42f68c49.jpg 510w, https:\/\/www.opinionpublica.tv\/portada\/wp-content\/uploads\/2017\/09\/b07a57365a49aed27a6aa55b42f68c49-300x190.jpg 300w\" sizes=\"(max-width: 510px) 100vw, 510px\" \/><br \/>\n<!--more--><\/p>\n<p style=\"text-align: justify;\"><em>Chihuahua, Chih<\/em>.- El abogado y activista de Uni\u00f3n Ciudadana, Jaime Garc\u00eda Ch\u00e1vez, asegur\u00f3 que tanto el presidente Enrique Pe\u00f1a Nieto como la Procuradur\u00eda General de la Rep\u00fablica (PGR) est\u00e1n encubriendo al ex gobernador de Chihuahua, C\u00e9sar Duarte J\u00e1quez, contra quien existe un proceso penal desde el 2014.<\/p>\n<p style=\"text-align: justify;\">En entrevista publicada este jueves por El Heraldo de Chihuahua, el antiguo aliado del gobernador Javier Corral se\u00f1ala que el presidente Pe\u00f1a Nieto y el procurador Ra\u00fal Cervantes est\u00e1n protegiendo pol\u00edticamente a Duarte para que sus delitos queden en la impunidad.<\/p>\n<p style=\"text-align: justify;\">Asevera adem\u00e1s, que Javier Corral tambi\u00e9n tiene responsabilidad al no darle la importancia necesaria a la denuncia primaria por enriquecimiento il\u00edcito, \u201clo que significa una traici\u00f3n al pueblo que le dio su voto\u201d.<\/p>\n<p style=\"text-align: justify;\">Explic\u00f3 que de nueva cuenta difirieron la audiencia constitucional del amparo indirecto del expediente 667\/2017 del Juzgado Sexto de Distrito de Amparo en materia penal de la Ciudad de M\u00e9xico, misma que estaba fechada para el 5 de septiembre, y que ahora se prorrog\u00f3 hasta el 26 de septiembre.<\/p>\n<p style=\"text-align: justify;\">\u201cLa Constituci\u00f3n General de la Rep\u00fablica establece que la justicia debe ser pronta y expedita, y estamos hablando de un expediente que se abri\u00f3 el 23 de septiembre de 2014, vamos a cumplir 3 a\u00f1os de haber interpuesto esta importante y trascendente denuncia por enriquecimiento il\u00edcito. El agravio que estamos haciendo valer es un agravio tangible\u201d, acot\u00f3.<\/p>\n<p style=\"text-align: justify;\">Garc\u00eda Ch\u00e1vez destac\u00f3 que tres a\u00f1os son m\u00e1s que sobrados para que este asunto hubiese tenido una resoluci\u00f3n por parte de la PGR, ya sea que ordenen archivarlo, lo reserven, o se vaya consignado a un tribunal para que se dicte la orden de aprehensi\u00f3n, pero ninguna de esas cosas ha pasado en casi 36 meses.<\/p>\n<p style=\"text-align: justify;\">Mencion\u00f3 que la raz\u00f3n que les llev\u00f3 a plantear el amparo es que ya el tiempo es demasiado, adem\u00e1s de dos declaraciones que vertieron Javier Corral Jurado, gobernador del Estado y el fiscal general C\u00e9sar Augusto Peniche, quienes cayeron en contradicciones.<\/p>\n<p style=\"text-align: justify;\">\u201cJavier Corral declar\u00f3 que hab\u00edan renunciado a traer a Duarte en virtud de su situaci\u00f3n migratoria y que va a recurrir al procedimiento de extradici\u00f3n, pero cuando se recurre a la extradici\u00f3n, el extraditado s\u00f3lo puede ser procesado penalmente por lo que se solicite y si tomamos en cuenta de que Javier Corral claudic\u00f3 en el conocimiento del expediente de 2014, entonces estar\u00edamos corriendo el riesgo, los ciudadanos de Chihuahua, Uni\u00f3n Ciudadana y yo como denunciante de que la delincuencia de C\u00e9sar Duarte deje fuera el expediente original\u201d, puntualiz\u00f3 el abogado.<\/p>\n<p style=\"text-align: justify;\">Jaime Garc\u00eda Ch\u00e1vez dijo estar sorprendido de la actuaci\u00f3n del gobierno del nuevo amanecer, ya que todo lo que se ha avanzado en materia anticorrupci\u00f3n ha sido producto de las delaciones y de los \u201ctestigos protegidos y no de una investigaci\u00f3n seria que el Estado est\u00e1 obligado a realizar\u201d.<\/p>\n<p style=\"text-align: justify;\">\u201cEstamos remando contra corriente con Pe\u00f1a Nieto, con el procurador, con el fiscal y con el juez de Distrito que nos pone trabas y contra un gobierno que se constituy\u00f3 con el voto popular con base en la promesa de meter al vulgar ladr\u00f3n a la c\u00e1rcel\u201d, asever\u00f3.<\/p>\n<p style=\"text-align: justify;\">A\u00f1adi\u00f3 que hace nueve meses, Uni\u00f3n Ciudadana solicit\u00f3 audiencia con el gobernador Corral. Lo hicieron v\u00eda oficial y a trav\u00e9s de diversos funcionarios, entre ellos Francisco Mu\u00f1oz, secretario particular del mandatario y Estefany Olmos, secretaria de la Funci\u00f3n P\u00fablica, pero a la fecha no hay respuesta, pese a que esta agrupaci\u00f3n fue pieza clave en la campa\u00f1a electoral de 2016.<\/p>\n","protected":false},"excerpt":{"rendered":"","protected":false},"author":6,"featured_media":15177,"comment_status":"open","ping_status":"open","sticky":false,"template":"","format":"standard","meta":{"_acf_changed":false,"_monsterinsights_skip_tracking":false,"slim_seo":{"title":"Acusa Garc\u00eda Chavez a EPN de proteger a ex gobernador Duarte - Opini\u00f3n P\u00fablica","description":"Chihuahua, Chih .- El abogado y activista de Uni\u00f3n Ciudadana, Jaime Garc\u00eda Ch\u00e1vez, asegur\u00f3 que tanto el presidente Enrique Pe\u00f1a Nieto como la Procuradur\u00eda Gener"},"footnotes":""},"categories":[4],"tags":[],"class_list":["post-15178","post","type-post","status-publish","format-standard","has-post-thumbnail","hentry","category-pulsopolitico"],"acf":[],"_links":{"self":[{"href":"https:\/\/www.opinionpublica.tv\/portada\/wp-json\/wp\/v2\/posts\/15178","targetHints":{"allow":["GET"]}}],"collection":[{"href":"https:\/\/www.opinionpublica.tv\/portada\/wp-json\/wp\/v2\/posts"}],"about":[{"href":"https:\/\/www.opinionpublica.tv\/portada\/wp-json\/wp\/v2\/types\/post"}],"author":[{"embeddable":true,"href":"https:\/\/www.opinionpublica.tv\/portada\/wp-json\/wp\/v2\/users\/6"}],"replies":[{"embeddable":true,"href":"https:\/\/www.opinionpublica.tv\/portada\/wp-json\/wp\/v2\/comments?post=15178"}],"version-history":[{"count":0,"href":"https:\/\/www.opinionpublica.tv\/portada\/wp-json\/wp\/v2\/posts\/15178\/revisions"}],"wp:featuredmedia":[{"embeddable":true,"href":"https:\/\/www.opinionpublica.tv\/portada\/wp-json\/wp\/v2\/media\/15177"}],"wp:attachment":[{"href":"https:\/\/www.opinionpublica.tv\/portada\/wp-json\/wp\/v2\/media?parent=15178"}],"wp:term":[{"taxonomy":"category","embeddable":true,"href":"https:\/\/www.opinionpublica.tv\/portada\/wp-json\/wp\/v2\/categories?post=15178"},{"taxonomy":"post_tag","embeddable":true,"href":"https:\/\/www.opinionpublica.tv\/portada\/wp-json\/wp\/v2\/tags?post=15178"}],"curies":[{"name":"wp","href":"https:\/\/api.w.org\/{rel}","templated":true}]}}