{"id":15169,"date":"2017-09-07T06:00:00","date_gmt":"2017-09-07T04:00:00","guid":{"rendered":"https:\/\/www.opinionpublica.tv\/portada\/2017\/09\/07\/estatica-en-fuga\/"},"modified":"2017-09-07T06:00:00","modified_gmt":"2017-09-07T04:00:00","slug":"estatica-en-fuga","status":"publish","type":"post","link":"https:\/\/www.opinionpublica.tv\/portada\/estatica-en-fuga\/","title":{"rendered":"Est\u00e1tica en fuga"},"content":{"rendered":"<p style=\"text-align: justify;\">Es dif\u00edcil comprender el desplazamiento, oscilaci\u00f3n o meneo de la pol\u00edtica, pero no tanto como lo es el comprender a una mujer.<\/p>\n<p><!--more--><\/p>\n<p style=\"text-align: justify;\">Y si podemos convivir con las mujeres, podemos tambi\u00e9n coexistir y a veces hasta entender algo de pol\u00edtica.<\/p>\n<p style=\"text-align: justify;\">De hecho lo hacemos de manera muy silvestre, pocos son los que le ponen seso al quehacer pol\u00edtico y hacen de la pol\u00edtica un verdadero arte.<\/p>\n<p style=\"text-align: justify;\">M\u00e1s lejos todav\u00eda, nadie imaginar\u00eda que para incursionar un poco m\u00e1s all\u00e1 del contoneo natural de las revelaciones pol\u00edticas, el uso de la ciencia es mucho m\u00e1s que un instrumento de apoyo.<\/p>\n<p style=\"text-align: justify;\">Me refiero a lo que los mortales llamamos ciencias duras, como la matem\u00e1tica, la f\u00edsica cu\u00e1ntica, la qu\u00edmica o la mec\u00e1nica cl\u00e1sica; que por cierto, es la ciencia que estudia las leyes del comportamiento de cuerpos f\u00edsicos macrosc\u00f3picos en reposo y a velocidades peque\u00f1as comparadas con la velocidad de la luz.<\/p>\n<p style=\"text-align: justify;\">El tema de hoy. EST\u00c1TICA EN FUGA. Tiene que ver con los m\u00e1s recientes acontecimientos pol\u00edticos en la \u00f3rbita nacional y su analog\u00eda con la mec\u00e1nica cl\u00e1sica.<\/p>\n<p style=\"text-align: justify;\">Todo iba muy bien en el equipo de MORENA, hasta que se les trastoc\u00f3 el proyecto.<\/p>\n<p style=\"text-align: justify;\">De manera sorprendente, se desplaza a Ricardo Monreal en la posibilidad de arribo a la gubernatura de la CDMX. En el tablero de las oportunidades, queda en su lugar Claudia Sheinbaum, y se arroja al vac\u00edo al exgobernador de Zacatecas, ex senador y actual delegado de la Cuauht\u00e9moc en la ciudad de M\u00e9xico.<\/p>\n<p style=\"text-align: justify;\">Se disloc\u00f3 la est\u00e1tica morena. Hubo una fuga.<\/p>\n<p style=\"text-align: justify;\">La est\u00e1tica es una de las ramas de la mec\u00e1nica cl\u00e1sica que analiza las cargas (fuerza, par \/ momento) y estudia el equilibrio de fuerzas en los sistemas f\u00edsicos en equilibrio est\u00e1tico, es decir, en un estado en el que las posiciones relativas de los subsistemas no var\u00edan con el tiempo.<\/p>\n<p style=\"text-align: justify;\">Hasta la semana pasada, todo iba bien, MORENA se encontraba arm\u00f3nica con la primera ley de Newton que establece\u2026 \u201cun objeto permanecer\u00e1 en reposo o con movimiento uniforme rectil\u00edneo, al menos que sobre \u00e9l, act\u00fae una fuerza externa\u201d.<\/p>\n<p style=\"text-align: justify;\">\u00a1Y bolas! Una sacudida ins\u00f3lita.<\/p>\n<p style=\"text-align: justify;\">Andr\u00e9s Manuel, parece que domina la f\u00edsica y la ciencia de la mec\u00e1nica cl\u00e1sica, pues el espasmo que se produjo con la posible salida de Monreal hacia las filas de un mazacote denominado Frente Amplio Opositor y el amarre con el partido Movimiento Ciudadano, no le ha quitado el sue\u00f1o.<\/p>\n<p style=\"text-align: justify;\">No sabemos a\u00fan como va a resultar este desaguisado.<\/p>\n<p style=\"text-align: justify;\">Lo que podemos decir es que la fuga, derrame pol\u00edtico, o como se le quiera llamar, caus\u00f3 una oscilaci\u00f3n, o un trastorno, que se puede estudiar con el empleo de la \u201cmec\u00e1nica del s\u00f3lido r\u00edgido\u201d.<\/p>\n<p style=\"text-align: justify;\">Tratar\u00e9 de explicarlo.<\/p>\n<p style=\"text-align: justify;\">No usar\u00e9 ecuaciones del \u00e1lgebra vectorial, porque ser\u00eda una pedanter\u00eda, pero adem\u00e1s todos saben que no las domino; pero si las dominara, el lector aventar\u00eda el peri\u00f3dico a la basura, o cambiar\u00eda de lectura inmediatamente.<\/p>\n<p style=\"text-align: justify;\">Lo que s\u00ed s\u00e9, es que a trav\u00e9s de la comprensi\u00f3n de la est\u00e1tica, podemos entender fen\u00f3menos que son tan ordinarios y frecuentes que damos por hecho que son naturales como el respirar.<\/p>\n<p style=\"text-align: justify;\">Un ejemplo de ello.<\/p>\n<p style=\"text-align: justify;\">Usted se sienta en un mullido sill\u00f3n y el material con el que est\u00e1 construido, al sentarse, absorbe el peso de su cuerpo y cambia. Cambia de s\u00f3lido r\u00edgido, a s\u00f3lido el\u00e1stico.<\/p>\n<p style=\"text-align: justify;\">Los cient\u00edficos calculan las variables de carga-presi\u00f3n usando una l\u00f3gica de resoluci\u00f3n de problemas denominados hiperest\u00e1ticos a trav\u00e9s de ecuaciones.<\/p>\n<p style=\"text-align: justify;\">Y nos dicen: \u201cPara la resoluci\u00f3n de problemas hiperest\u00e1ticos (aquellos en los que el equilibrio se puede alcanzar con distintas combinaciones de esfuerzos) es necesario considerar ecuaciones de compatibilidad\u201d.<\/p>\n<p style=\"text-align: justify;\">No me voy a meter en hoyancos que desconozco, pero s\u00ed puedo decir que en la pol\u00edtica se pueden conjugar tambi\u00e9n los razonamientos de las ciencias duras, para conseguir que los resquebrajamientos sean contenidos y de nuevo retorne la solidez que tuvo antes de la \u201cdeformaci\u00f3n\u201d causada.<\/p>\n<p style=\"text-align: justify;\">Los ingenieros mec\u00e1nicos, estructurales y otros, comprenden bien este concepto pues la est\u00e1tica resulta ser una materia indispensable en sus carreras y trabajos.<\/p>\n<p style=\"text-align: justify;\">La est\u00e1tica abarca el estudio del equilibrio tanto del conjunto como de sus partes constituyentes, incluyendo las porciones elementales de material.<\/p>\n<p style=\"text-align: justify;\">Es cosa de trazar los diagramas precisos con la informaci\u00f3n obtenida de sus ecuaciones. Y usar los mejores materiales para su construcci\u00f3n.<\/p>\n<p style=\"text-align: justify;\">Y traducido a la pol\u00edtica. Es cosa de hacer los planteamientos de acuerdo a los c\u00e1lculos obtenidos del estudio de sus posibilidades y usar a los cuadros pol\u00edticos mejor formados y mejor posicionados, para construir su posibilidad de \u00e9xito electoral.<\/p>\n","protected":false},"excerpt":{"rendered":"<p>Es dif\u00edcil comprender el desplazamiento, oscilaci\u00f3n o meneo de la pol\u00edtica, pero no tanto como lo es el comprender a una mujer.<\/p>\n","protected":false},"author":6,"featured_media":0,"comment_status":"open","ping_status":"open","sticky":false,"template":"","format":"standard","meta":{"_acf_changed":false,"_monsterinsights_skip_tracking":false,"slim_seo":{"title":"Est\u00e1tica en fuga - Opini\u00f3n P\u00fablica","description":"Es dif\u00edcil comprender el desplazamiento, oscilaci\u00f3n o meneo de la pol\u00edtica, pero no tanto como lo es el comprender a una mujer. Y si podemos convivir con las mu"},"footnotes":""},"categories":[21],"tags":[],"class_list":["post-15169","post","type-post","status-publish","format-standard","hentry","category-cartapacio"],"acf":[],"_links":{"self":[{"href":"https:\/\/www.opinionpublica.tv\/portada\/wp-json\/wp\/v2\/posts\/15169","targetHints":{"allow":["GET"]}}],"collection":[{"href":"https:\/\/www.opinionpublica.tv\/portada\/wp-json\/wp\/v2\/posts"}],"about":[{"href":"https:\/\/www.opinionpublica.tv\/portada\/wp-json\/wp\/v2\/types\/post"}],"author":[{"embeddable":true,"href":"https:\/\/www.opinionpublica.tv\/portada\/wp-json\/wp\/v2\/users\/6"}],"replies":[{"embeddable":true,"href":"https:\/\/www.opinionpublica.tv\/portada\/wp-json\/wp\/v2\/comments?post=15169"}],"version-history":[{"count":0,"href":"https:\/\/www.opinionpublica.tv\/portada\/wp-json\/wp\/v2\/posts\/15169\/revisions"}],"wp:attachment":[{"href":"https:\/\/www.opinionpublica.tv\/portada\/wp-json\/wp\/v2\/media?parent=15169"}],"wp:term":[{"taxonomy":"category","embeddable":true,"href":"https:\/\/www.opinionpublica.tv\/portada\/wp-json\/wp\/v2\/categories?post=15169"},{"taxonomy":"post_tag","embeddable":true,"href":"https:\/\/www.opinionpublica.tv\/portada\/wp-json\/wp\/v2\/tags?post=15169"}],"curies":[{"name":"wp","href":"https:\/\/api.w.org\/{rel}","templated":true}]}}