{"id":15074,"date":"2017-09-03T06:00:00","date_gmt":"2017-09-03T04:00:00","guid":{"rendered":"https:\/\/www.opinionpublica.tv\/portada\/2017\/09\/03\/huracan-lidia-deja-seis-muertos-y-desaparecidos-en-bcs\/"},"modified":"2017-09-03T06:00:00","modified_gmt":"2017-09-03T04:00:00","slug":"huracan-lidia-deja-seis-muertos-y-desaparecidos-en-bcs","status":"publish","type":"post","link":"https:\/\/www.opinionpublica.tv\/portada\/huracan-lidia-deja-seis-muertos-y-desaparecidos-en-bcs\/","title":{"rendered":"Hurac\u00e1n Lidia deja seis muertos y desaparecidos en BCS"},"content":{"rendered":"<p><img fetchpriority=\"high\" decoding=\"async\" class=\" size-full wp-image-15073\" src=\"https:\/\/www.opinionpublica.tv\/portada\/wp-content\/uploads\/2017\/09\/26de109ae5f81c1da804960dedd52f15.jpg\" alt=\"\" class=\"caption\" title=\"Los da\u00f1os provocados por Lidia todav\u00eda son incalculables en Baja California Sur.\" width=\"664\" height=\"498\" srcset=\"https:\/\/www.opinionpublica.tv\/portada\/wp-content\/uploads\/2017\/09\/26de109ae5f81c1da804960dedd52f15.jpg 664w, https:\/\/www.opinionpublica.tv\/portada\/wp-content\/uploads\/2017\/09\/26de109ae5f81c1da804960dedd52f15-300x225.jpg 300w\" sizes=\"(max-width: 664px) 100vw, 664px\" \/><br \/>\n<!--more--><\/p>\n<p style=\"text-align: justify;\"><em>Cabo San Lucas, Baja California Sur<\/em>.- El paso de\u00a0<em style=\"font-weight: inherit;\">Lidia<\/em>\u00a0por Baja California Sur dej\u00f3 un saldo de seis muertos, dos desaparecidos, dos edificios derrumbados, da\u00f1os en la infraestructura el\u00e9ctrica, telef\u00f3nica y urbana, derrumbe de cerros, cortes carreteros, comunidades incomunicadas, inundaciones y actos de rapi\u00f1a, informaron autoridades.<\/p>\n<p style=\"text-align: justify;\">En un reporte, la Fiscal\u00eda sudcaliforniana confirm\u00f3 la muerte de seis personas y dos desaparecidas, as\u00ed como dos establecimientos saqueados.<\/p>\n<p style=\"text-align: justify;\">La PGJE precis\u00f3 que de las seis personas fallecidas, cinco corresponden a Cabo San Lucas: dos electrocutados, una pareja ahogada y una menor de edad, que en un principio se report\u00f3 como desaparecida tras ser arrastrada por la corriente y que, al cierre de esta edici\u00f3n, fue encontrada ahogada.<\/p>\n<p style=\"text-align: justify;\">El sexto deceso se registr\u00f3 en el municipio de Loreto, cuando a un hombre le cayeron unos cables de alta tensi\u00f3n.<\/p>\n<p style=\"text-align: justify;\">\u201cEs lamentable que tengamos saldo rojo; tres de las v\u00edctimas ya fueron entregadas a sus familiares, las otras permanecen en el Semefo\u201d, expres\u00f3 el procurador estatal, Erasmo Palem\u00f3n Alamilla.<\/p>\n<p style=\"text-align: justify;\">En tanto, el funcionario estatal reconoci\u00f3 que un un Oxxo y una tienda Tecate Six fueron saqueadas.<\/p>\n<p style=\"text-align: justify;\">El secretario de gobernaci\u00f3n, Miguel \u00c1ngel Osorio Chong, realiz\u00f3 una rueda de prensa para informar sobre el avance de la evaluaci\u00f3n de da\u00f1os en el municipio de Los Cabos.<\/p>\n<p style=\"text-align: justify;\">Osorio Chong, se\u00f1al\u00f3 que la Coordinaci\u00f3n Nacional de Protecci\u00f3n Civil de la Segob emiti\u00f3 una declaratoria de emergencia para La Paz, Los Cabos, Comond\u00fa, Loreto y Muleg\u00e9.<\/p>\n<p style=\"text-align: justify;\">Tambi\u00e9n estuvieron presentes los titulares de la Semarnat, Rafael Pacchiano;\u00a0 de la STC, Gerardo Ruiz; de Protecci\u00f3n Civil, Luis Felipe Puente; de Sedatu, Rosario Robles; de Conagua, Roberto Ram\u00edrez, y de la CFE, Jaime Hern\u00e1ndez.<\/p>\n<p style=\"text-align: justify;\">Por otra parte, la Unidad Estatal de Protecci\u00f3n Civil de Sonora inform\u00f3 que mantiene la alerta naranja en siete municipios y la amarilla en otros 22 debido a<em style=\"font-weight: inherit;\">Lidia<\/em>, adem\u00e1s de reportar inundaciones por lluvias en el sur de Sonora.<\/p>\n<p style=\"text-align: justify;\">Asimismo, se inform\u00f3 que, debido a lluvias generadas por la tormenta tropical, se aplic\u00f3 el protocolo de evacuaci\u00f3n por inundaci\u00f3n en la comunidad ind\u00edgena yaqui Estaci\u00f3n Oroz, ubicada en Guaymas.<\/p>\n<p style=\"text-align: justify;\">Se inform\u00f3 tambi\u00e9n que al menos 20 mil turistas quedaron varados en BC. (Exc\u00e9lsior)<\/p>\n","protected":false},"excerpt":{"rendered":"","protected":false},"author":6,"featured_media":15073,"comment_status":"open","ping_status":"open","sticky":false,"template":"","format":"standard","meta":{"_acf_changed":false,"_monsterinsights_skip_tracking":false,"slim_seo":{"title":"Hurac\u00e1n Lidia deja seis muertos y desaparecidos en BCS - Opini\u00f3n P\u00fablica","description":"Cabo San Lucas, Baja California Sur .- El paso de\u00a0 Lidia \u00a0por Baja California Sur dej\u00f3 un saldo de seis muertos, dos desaparecidos, dos edificios derrumbados, d"},"footnotes":""},"categories":[9],"tags":[],"class_list":["post-15074","post","type-post","status-publish","format-standard","has-post-thumbnail","hentry","category-nacional"],"acf":[],"_links":{"self":[{"href":"https:\/\/www.opinionpublica.tv\/portada\/wp-json\/wp\/v2\/posts\/15074","targetHints":{"allow":["GET"]}}],"collection":[{"href":"https:\/\/www.opinionpublica.tv\/portada\/wp-json\/wp\/v2\/posts"}],"about":[{"href":"https:\/\/www.opinionpublica.tv\/portada\/wp-json\/wp\/v2\/types\/post"}],"author":[{"embeddable":true,"href":"https:\/\/www.opinionpublica.tv\/portada\/wp-json\/wp\/v2\/users\/6"}],"replies":[{"embeddable":true,"href":"https:\/\/www.opinionpublica.tv\/portada\/wp-json\/wp\/v2\/comments?post=15074"}],"version-history":[{"count":0,"href":"https:\/\/www.opinionpublica.tv\/portada\/wp-json\/wp\/v2\/posts\/15074\/revisions"}],"wp:featuredmedia":[{"embeddable":true,"href":"https:\/\/www.opinionpublica.tv\/portada\/wp-json\/wp\/v2\/media\/15073"}],"wp:attachment":[{"href":"https:\/\/www.opinionpublica.tv\/portada\/wp-json\/wp\/v2\/media?parent=15074"}],"wp:term":[{"taxonomy":"category","embeddable":true,"href":"https:\/\/www.opinionpublica.tv\/portada\/wp-json\/wp\/v2\/categories?post=15074"},{"taxonomy":"post_tag","embeddable":true,"href":"https:\/\/www.opinionpublica.tv\/portada\/wp-json\/wp\/v2\/tags?post=15074"}],"curies":[{"name":"wp","href":"https:\/\/api.w.org\/{rel}","templated":true}]}}