{"id":15032,"date":"2017-09-03T06:00:00","date_gmt":"2017-09-03T04:00:00","guid":{"rendered":"https:\/\/www.opinionpublica.tv\/portada\/2017\/09\/03\/que-perfil-deberia-tener-realmente-el-nuevo-fiscal-general-de-la-nacion\/"},"modified":"2017-09-03T06:00:00","modified_gmt":"2017-09-03T04:00:00","slug":"que-perfil-deberia-tener-realmente-el-nuevo-fiscal-general-de-la-nacion","status":"publish","type":"post","link":"https:\/\/www.opinionpublica.tv\/portada\/que-perfil-deberia-tener-realmente-el-nuevo-fiscal-general-de-la-nacion\/","title":{"rendered":"\u00bfQu\u00e9 perfil deber\u00eda tener realmente el nuevo fiscal general de la Naci\u00f3n?"},"content":{"rendered":"<p><img fetchpriority=\"high\" decoding=\"async\" class=\" size-full wp-image-15031\" src=\"https:\/\/www.opinionpublica.tv\/portada\/wp-content\/uploads\/2017\/09\/6d2871a4197fc759d9525666382ba819.jpg\" alt=\"\" class=\"caption\" title=\"Diversos organismos se niegan a que sea nombrado Ra\u00fal Cervantes, actual titular de la PGR.\" width=\"435\" height=\"271\" srcset=\"https:\/\/www.opinionpublica.tv\/portada\/wp-content\/uploads\/2017\/09\/6d2871a4197fc759d9525666382ba819.jpg 435w, https:\/\/www.opinionpublica.tv\/portada\/wp-content\/uploads\/2017\/09\/6d2871a4197fc759d9525666382ba819-300x187.jpg 300w\" sizes=\"(max-width: 435px) 100vw, 435px\" \/><br \/>\n<!--more--><\/p>\n<p style=\"text-align: justify;\"><em>Ciudad de M\u00e9xico<\/em>.- De 69 pa\u00edses evaluados, M\u00e9xico se ubica en la posici\u00f3n 66 de los peor calificados en el combate a la impunidad, con base en el \u00cdndice Global de Impunidad 2017.<\/p>\n<p style=\"text-align: justify;\">Y lo que hay detr\u00e1s de esta impunidad en escalada es el mal funcionamiento de la procuraci\u00f3n de justicia en el pa\u00eds, lo cual podr\u00eda deberse a intereses particulares de quienes tienen esa labor en sus manos.<\/p>\n<p style=\"text-align: justify;\">Tal vez ese sea el camino m\u00e1s corto para explicar la importancia de contar con una Fiscal\u00eda Anticorrupci\u00f3n aut\u00f3noma, libre de ataduras pol\u00edticas y que no trabaje para sus propios fines.<\/p>\n<p style=\"text-align: justify;\">Sin embargo, un peligro acecha el nombramiento del nuevo Fiscal Anticorrupci\u00f3n, pues organizaciones civiles ven el riesgo de un fiscal a modo, con lo cual los partidos PRI y Verde buscan que el Procurador General de la Rep\u00fablica, Ra\u00fal Cervantes, se convierta en nuevo Fiscal General de la Naci\u00f3n.<\/p>\n<p style=\"text-align: justify;\">Para Marco Fern\u00e1ndez, profesor de la Escuela de Gobierno y Transformaci\u00f3n P\u00fablica del Tec de Monterrey e investigador de M\u00e9xico Eval\u00faa, la ciudadan\u00eda est\u00e1 dolida ante una impunidad rampante y escandalosa, donde nunca hay consecuencias, y, por ello, hacer un nombramiento de un fiscal \u00absin tentaciones partidistas\u00bb es fundamental.<\/p>\n<p style=\"text-align: justify;\">Esto tiene que ver, en primer lugar, con que no hay un correcto funcionamiento de la Procuradur\u00eda General de la Rep\u00fablica y de las procuradur\u00edas, donde los ministerios p\u00fablicos lamentablemente no hacen correctamente su trabajo por m\u00faltiples razones. Por un lado, porque a los individuos que forman estas instituciones no se les capacita, no hay correctos procesos de nombramientos independientes con criterios para evitar tentaciones partidistas de los titulares de estas instituciones\u00bb.Marco Fern\u00e1ndez.<\/p>\n<p style=\"text-align: justify;\">Para el experto, hay un abuso de los nombramientos discrecionales que tienen en su poder tanto el Procurador como los procuradores en los estados .<\/p>\n<p style=\"text-align: justify;\">Debe haber un sistema de pesos y contrapesos que garanticen la tentaci\u00f3n de evitar el abuso del poder de un gran Tlatoani como hoy tiene el poder el Procurador y los procuradores en los estados.\u00bbMarco Fern\u00e1ndez.<\/p>\n<p style=\"text-align: justify;\">SIN PASE AUTOM\u00c1TICO<\/p>\n<p style=\"text-align: justify;\">Los colectivos #VamosPorM\u00e1s y #Fiscal\u00edaQueSirva emitieron un posicionamiento desde el \u00c1ngel de la Independencia, este 29 de agosto, para llamar al Senado a eliminar el pase autom\u00e1tico del actual procurador, as\u00ed como a contemplar la propuesta de un fiscal de transici\u00f3n, quien despachar\u00eda hasta el 30 de septiembre de 2022.<\/p>\n<p style=\"text-align: justify;\">Estamos convencidos de la necesidad de empujar esta agenda que es fundamental para el correcto funcionamiento del pa\u00eds, es por eso que organizaciones de todo el espectro ideol\u00f3gico, algunas m\u00e1s identificadas con la izquierda y otras m\u00e1s empresariales, todas hemos coincidido y por eso iremos juntos para darle mejores condiciones al estado de derecho en nuestro pa\u00eds.\u00bbMarco Fern\u00e1ndez.<\/p>\n<p style=\"text-align: justify;\">Sobre la importancia de dise\u00f1ar adecuadamente la Fiscal\u00eda Anticorrupci\u00f3n, Fern\u00e1ndez destaca el nombramiento de personas que est\u00e9n desligadas de influencias pol\u00edticas para que pueda haber realmente un sistema que empiece a profesionalizar la carrera de los ministerios p\u00fablicos.<\/p>\n<p style=\"text-align: justify;\">Para el investigador de M\u00e9xico Eval\u00faa no es una cuesti\u00f3n personal contra Cervantes, va m\u00e1s all\u00e1 del pase autom\u00e1tico, se trata de que como ciudadanos entendamos la necesidad de otorgar autonom\u00eda a la Fiscal\u00eda Anticorrupci\u00f3n.<\/p>\n<p style=\"text-align: justify;\">Para ello, explica, debe hacerse un consejo del ministerio p\u00fablico con la capacidad de evaluar c\u00f3mo van las acciones que la instituci\u00f3n est\u00e1 haciendo para mejorar la selecci\u00f3n del personal y sus resultados.<\/p>\n<p style=\"text-align: justify;\">Tambi\u00e9n, contin\u00faa el acad\u00e9mico, se debe entender la necesidad de procesos de selecci\u00f3n abiertos, en los cuales adem\u00e1s haya restricciones para los que aspiren a estas posiciones, como no tener antecedentes partidistas inmediatos y que no puedan ocupar cargos de elecci\u00f3n popular a los dos a\u00f1os siguientes de desempe\u00f1arse en el puesto, a fin de evitar la tentaci\u00f3n de utilizar como plataforma pol\u00edtica sus responsabilidades en el ministerio p\u00fablico.<\/p>\n<p style=\"text-align: justify;\">\u00abNo hemos pensado en nombres porque creemos que esto no es de individuos, sino de un correcto funcionamiento institucional para tener buenos resultados. En lo que s\u00ed hemos insistido es en el entendido de que los liderazgos son importantes, por eso en el dise\u00f1o de esta propuesta se establecen estos mecanismos de una comisi\u00f3n para los nombramientos\u00bb, abunda.<\/p>\n<p style=\"text-align: justify;\">Dicha comisi\u00f3n estar\u00eda integrada por seis personas, servidores p\u00fablicos, tres abogados y tres especialistas en seguridad, combate a la corrupci\u00f3n, derechos humanos.<\/p>\n<p style=\"text-align: justify;\">Su objetivo ser\u00eda evaluar los trabajos de la fiscal\u00eda, a fin de crear informes peri\u00f3dicos para enviarlos al Senado.<\/p>\n<p style=\"text-align: justify;\">Ser\u00e1 en los pr\u00f3ximos d\u00edas cuando los colectivos acudan a la C\u00e1mara Alta a entregar la propuesta.<\/p>\n<p style=\"text-align: justify;\">\u00abEsperamos poder tener conversaciones productivas con las distintas fuerzas pol\u00edticas, sensibilizarlos sobre el porqu\u00e9 es importante lograr una propuesta de reforma constitucional que encamine los esfuerzos en esta materia en la direcci\u00f3n que proponemos.<\/p>\n<p style=\"text-align: justify;\">Ojal\u00e1 que la tentaci\u00f3n de algunos, que hemos observado, y que se empieza a vislumbrar en las declaraciones de algunos personajes pol\u00edticos, no termine de ser la prevaleciente, esas tentaciones son las de imponer de manera unilateral ciertos nombres al interior de la Fiscal\u00eda General\u00bb, se\u00f1ala el investigador.<\/p>\n<p style=\"text-align: justify;\">Para Fern\u00e1ndez el tema es un reto para la sociedad civil, pues no se trata de una discusi\u00f3n meramente t\u00e9cnica, sino que tiene consecuencias sustanciales para la vida de la sociedad, por ello, llama a los ciudadanos a sumarse para, as\u00ed, incrementar el costo pol\u00edtico.<\/p>\n<p style=\"text-align: justify;\">Si hay la tentaci\u00f3n de alguna fuerza pol\u00edtica de hacerse guaje y avanzar de forma unilateral modelos que han probado el mal funcionamiento para el pa\u00eds, el costo para la sociedad es muy alto y por eso hay que dar la lucha para que esto no suceda\u00bb, remat\u00f3 Marco Fern\u00e1ndez. (HuffPost M\u00e9xico)<\/p>\n","protected":false},"excerpt":{"rendered":"","protected":false},"author":6,"featured_media":15031,"comment_status":"open","ping_status":"open","sticky":false,"template":"","format":"standard","meta":{"_acf_changed":false,"_monsterinsights_skip_tracking":false,"slim_seo":{"title":"\u00bfQu\u00e9 perfil deber\u00eda tener realmente el nuevo fiscal general de la Naci\u00f3n? - Opini\u00f3n P\u00fablica","description":"Ciudad de M\u00e9xico .- De 69 pa\u00edses evaluados, M\u00e9xico se ubica en la posici\u00f3n 66 de los peor calificados en el combate a la impunidad, con base en el \u00cdndice Global"},"footnotes":""},"categories":[3],"tags":[],"class_list":["post-15032","post","type-post","status-publish","format-standard","has-post-thumbnail","hentry","category-principal"],"acf":[],"_links":{"self":[{"href":"https:\/\/www.opinionpublica.tv\/portada\/wp-json\/wp\/v2\/posts\/15032","targetHints":{"allow":["GET"]}}],"collection":[{"href":"https:\/\/www.opinionpublica.tv\/portada\/wp-json\/wp\/v2\/posts"}],"about":[{"href":"https:\/\/www.opinionpublica.tv\/portada\/wp-json\/wp\/v2\/types\/post"}],"author":[{"embeddable":true,"href":"https:\/\/www.opinionpublica.tv\/portada\/wp-json\/wp\/v2\/users\/6"}],"replies":[{"embeddable":true,"href":"https:\/\/www.opinionpublica.tv\/portada\/wp-json\/wp\/v2\/comments?post=15032"}],"version-history":[{"count":0,"href":"https:\/\/www.opinionpublica.tv\/portada\/wp-json\/wp\/v2\/posts\/15032\/revisions"}],"wp:featuredmedia":[{"embeddable":true,"href":"https:\/\/www.opinionpublica.tv\/portada\/wp-json\/wp\/v2\/media\/15031"}],"wp:attachment":[{"href":"https:\/\/www.opinionpublica.tv\/portada\/wp-json\/wp\/v2\/media?parent=15032"}],"wp:term":[{"taxonomy":"category","embeddable":true,"href":"https:\/\/www.opinionpublica.tv\/portada\/wp-json\/wp\/v2\/categories?post=15032"},{"taxonomy":"post_tag","embeddable":true,"href":"https:\/\/www.opinionpublica.tv\/portada\/wp-json\/wp\/v2\/tags?post=15032"}],"curies":[{"name":"wp","href":"https:\/\/api.w.org\/{rel}","templated":true}]}}