{"id":14990,"date":"2017-09-01T06:00:00","date_gmt":"2017-09-01T04:00:00","guid":{"rendered":"https:\/\/www.opinionpublica.tv\/portada\/2017\/09\/01\/plataforma-electoral-del-pan-2018-primera-parte\/"},"modified":"2017-09-01T06:00:00","modified_gmt":"2017-09-01T04:00:00","slug":"plataforma-electoral-del-pan-2018-primera-parte","status":"publish","type":"post","link":"https:\/\/www.opinionpublica.tv\/portada\/plataforma-electoral-del-pan-2018-primera-parte\/","title":{"rendered":"Plataforma Electoral del PAN 2018 (Primera Parte)"},"content":{"rendered":"<p style=\"text-align: justify;\">El s\u00e1bado 26 de agosto de 2017, tuve la oportunidad de participar en Chihuahua en el Primer Foro de Discusi\u00f3n de la Plataforma Pol\u00edtica del Partido Acci\u00f3n Nacional para las elecciones del 2018. En este corto espacio, quiero hacer un sumario parcial de la misma, con mis observaciones.<\/p>\n<p><!--more--><\/p>\n<p style=\"text-align: justify;\">La plataforma parte de la expresi\u00f3n de una premisa b\u00e1sica, al decir que <em>\u201cEl r\u00e9gimen de gobierno en M\u00e9xico est\u00e1 agotado\u201d<\/em>.<\/p>\n<p style=\"text-align: justify;\">Indudablemente que esta manifestaci\u00f3n en s\u00ed misma parte de una situaci\u00f3n de gravedad. En mi libro intitulado <em>\u00daltima Instancia (Centro de Estudios Pol\u00edticos y de Seguridad Nacional, S.C., Grupo Editorial Indicador Pol\u00edtico, Durango 223, Col. Roma. Del. Cuauht\u00e9moc, 06700 M\u00e9xico, D.F.2015<\/em>), mencion\u00e9 en sus conclusiones, despu\u00e9s de describir todas las ventajas competitivas que tiene M\u00e9xico como pa\u00eds, lo siguiente:<\/p>\n<p style=\"text-align: justify;\">\u201c\u00bfpor qu\u00e9 no logramos crecer a ritmos m\u00e1s acelerados? \u00bfPor qu\u00e9 no logramos abatir la extrema pobreza y hacer razonablemente m\u00e1s corta la brecha entre ricos y pobres? \u00bfPor qu\u00e9 los ciudadanos cada vez m\u00e1s se alejan de la participaci\u00f3n pol\u00edtica activa, dando la espalda a los partidos pol\u00edticos y odiando cada d\u00eda m\u00e1s a la llamada \u201cclase pol\u00edtica\u201d? \u00bfPor qu\u00e9 a pesar de la democracia, donde los votos cuentan y se cuentan, la corrupci\u00f3n y los abusos de poder son cada vez m\u00e1s acendrados? \u00bfPor qu\u00e9 tenemos cada d\u00eda m\u00e1s cerca una regresi\u00f3n hacia el autoritarismo que tanto nos cost\u00f3 eliminar? \u00bfPor qu\u00e9 cada vez hay mayores \u00edndices de abstencionismo en las elecciones y votos intencionalmente anulados? \u00bfPor qu\u00e9 el crimen organizado cada vez penetra m\u00e1s en nuestra sociedad y en nuestro vasto territorio? \u00bfPor qu\u00e9 la poblaci\u00f3n se siente cada vez m\u00e1s insegura y no ve un futuro claro para sus hijos, provocando la fuga de cerebros y de mano de obra calificada, en adici\u00f3n a la inmigraci\u00f3n ilegal hacia el norte, que no se detiene?, la respuesta a estas preguntas la est\u00e1 planteando el PAN claramente en su Plataforma.<\/p>\n<p style=\"text-align: justify;\">Para revertir lo anterior, la Plataforma propone en esencia lo siguiente:<\/p>\n<p style=\"text-align: justify;\">Crear <em>\u201c\u2026un sistema de rendici\u00f3n de cuentas equilibrado en pesos y contrapesos, que promueva la participaci\u00f3n ciudadana, el ejercicio de sus libertades y el debate p\u00fablica, la transparencia y la vigencia del estado de derecho\u201d.<\/em><\/p>\n<p style=\"text-align: justify;\">Es preciso, sin embargo, agregar algo para que esto no simplemente quede como un buen deseo, que es que se establezca en M\u00e9xico un nuevo sistema de gobierno en el pa\u00eds, que sea de Gobierno Abierto.<\/p>\n<p style=\"text-align: justify;\">Para que esto funcione, es menester crear los mecanismos sist\u00e9micos que generen una permanente comunicaci\u00f3n entre pueblo y gobierno, utilizando los modernos m\u00e9todos de las tecnolog\u00edas de la informaci\u00f3n que permitan generar mecanismos de colaboraci\u00f3n y co-creaci\u00f3n de: pol\u00edticas p\u00fablicas, acciones de gobierno y su conducci\u00f3n.<\/p>\n<p style=\"text-align: justify;\">Para ello, es necesario generar un entramado institucional en donde, a trav\u00e9s de la transparencia y datos abiertos, se provoque al ciudadano a que acompa\u00f1e al gobierno en su quehacer cotidiano. Ello sin que el gobierno pierda su mandato otorgado en las urnas, sino que, por medio de la comunicaci\u00f3n directa y ordenada, cada dependencia tenga un canal activo de interacci\u00f3n con los ciudadanos, a trav\u00e9s del cual, acompa\u00f1en al gobierno en todos sus proyectos.<\/p>\n<p style=\"text-align: justify;\">Con esto se evita la concentraci\u00f3n del poder que unas cuantas familias han acaparado en el pa\u00eds, utilizando al poder p\u00fablico para enriquecerse y adquirir mayor poder.<\/p>\n<p style=\"text-align: justify;\">Generar una <em>\u201cactitud disruptiva para que se retome el compromiso con un r\u00e9gimen verdaderamente democr\u00e1tico, y ahora s\u00ed, logar desmantelar las relaciones que sostienen la impunidad, la corrupci\u00f3n y el privilegio de unos cuantos por encima del inter\u00e9s y el bienestar general\u201d.<\/em><\/p>\n<p style=\"text-align: justify;\">Esta manifestaci\u00f3n en la Plataforma realmente viene a provocar un cambio verdadero hacia el ciudadano y la democracia. Sostenemos que este cambio solo se puede dar con una apertura total del gobierno al verse acompa\u00f1ado con los ciudadanos en su actuar cotidiano, a trav\u00e9s de un Sistema de Gobierno Abierto.<\/p>\n<p style=\"text-align: justify;\">Se observa un deterioro en la calidad de nuestra democracia y este se debe a que los <em>\u201c\u2026partidos pol\u00edticos mantienen estructuras corporativas y clientelares dise\u00f1adas para ser alimentadas desde el gobierno\u2026\u201d<\/em><\/p>\n<p style=\"text-align: justify;\"><em>\u201cLos ciudadanos identifican a la partidocracia como un arreglo entre las \u00e9lites pol\u00edticas para repartirse el poder y excluir a la ciudadan\u00eda de la toma de decisiones\u201d<\/em>.<\/p>\n<p style=\"text-align: justify;\">Lo dicho anteriormente es lapidario y describe la actualidad de la naturaleza de los partidos, cerrada a la sana participaci\u00f3n de los ciudadanos en los mismos. La soluci\u00f3n de esto est\u00e1 en el establecimiento de elecciones primarias, mismas que en mi estado de Chihuahua, el Congreso local neg\u00f3 esta oportunidad a los ciudadanos, despu\u00e9s de que el Gobernador Corral, valientemente present\u00f3 una iniciativa para tener este tipo de elecciones, que hubieran quebrado con estas estructuras cerradas de poder en los partidos.<\/p>\n<p style=\"text-align: justify;\">En mis pr\u00f3ximas entregas continuar\u00e9 comentando esta Plataforma.<\/p>\n","protected":false},"excerpt":{"rendered":"<p>El s\u00e1bado 26 de agosto de 2017, tuve la oportunidad de participar en Chihuahua en el Primer Foro de Discusi\u00f3n de la Plataforma Pol\u00edtica del Partido Acci\u00f3n Nacional para las elecciones del 2018. En este corto espacio, quiero hacer un sumario parcial de la misma, con mis observaciones.<\/p>\n","protected":false},"author":6,"featured_media":0,"comment_status":"open","ping_status":"open","sticky":false,"template":"","format":"standard","meta":{"_acf_changed":false,"_monsterinsights_skip_tracking":false,"slim_seo":{"title":"Plataforma Electoral del PAN 2018 (Primera Parte) - Opini\u00f3n P\u00fablica","description":"El s\u00e1bado 26 de agosto de 2017, tuve la oportunidad de participar en Chihuahua en el Primer Foro de Discusi\u00f3n de la Plataforma Pol\u00edtica del Partido Acci\u00f3n Nacio"},"footnotes":""},"categories":[17],"tags":[],"class_list":["post-14990","post","type-post","status-publish","format-standard","hentry","category-ultima-instancia"],"acf":[],"_links":{"self":[{"href":"https:\/\/www.opinionpublica.tv\/portada\/wp-json\/wp\/v2\/posts\/14990","targetHints":{"allow":["GET"]}}],"collection":[{"href":"https:\/\/www.opinionpublica.tv\/portada\/wp-json\/wp\/v2\/posts"}],"about":[{"href":"https:\/\/www.opinionpublica.tv\/portada\/wp-json\/wp\/v2\/types\/post"}],"author":[{"embeddable":true,"href":"https:\/\/www.opinionpublica.tv\/portada\/wp-json\/wp\/v2\/users\/6"}],"replies":[{"embeddable":true,"href":"https:\/\/www.opinionpublica.tv\/portada\/wp-json\/wp\/v2\/comments?post=14990"}],"version-history":[{"count":0,"href":"https:\/\/www.opinionpublica.tv\/portada\/wp-json\/wp\/v2\/posts\/14990\/revisions"}],"wp:attachment":[{"href":"https:\/\/www.opinionpublica.tv\/portada\/wp-json\/wp\/v2\/media?parent=14990"}],"wp:term":[{"taxonomy":"category","embeddable":true,"href":"https:\/\/www.opinionpublica.tv\/portada\/wp-json\/wp\/v2\/categories?post=14990"},{"taxonomy":"post_tag","embeddable":true,"href":"https:\/\/www.opinionpublica.tv\/portada\/wp-json\/wp\/v2\/tags?post=14990"}],"curies":[{"name":"wp","href":"https:\/\/api.w.org\/{rel}","templated":true}]}}