{"id":14957,"date":"2017-08-24T06:00:00","date_gmt":"2017-08-24T04:00:00","guid":{"rendered":"https:\/\/www.opinionpublica.tv\/portada\/2017\/08\/24\/efemerides-24-de-agosto-2\/"},"modified":"2017-08-24T06:00:00","modified_gmt":"2017-08-24T04:00:00","slug":"efemerides-24-de-agosto-2","status":"publish","type":"post","link":"https:\/\/www.opinionpublica.tv\/portada\/efemerides-24-de-agosto-2\/","title":{"rendered":"Efem\u00e9rides 24 de agosto"},"content":{"rendered":"<img fetchpriority=\"high\" decoding=\"async\" class=\" size-full wp-image-14956\" src=\"https:\/\/www.opinionpublica.tv\/portada\/wp-content\/uploads\/2017\/08\/5bdc32f017db66308367c0d4b19ae076.jpg\" alt=\"\" class=\"caption\" title=\"La firma del Tratado de C\u00f3rdoba puso fin a 11 a\u00f1os de guerra armada en M\u00e9xico.\" width=\"331\" height=\"250\" srcset=\"https:\/\/www.opinionpublica.tv\/portada\/wp-content\/uploads\/2017\/08\/5bdc32f017db66308367c0d4b19ae076.jpg 331w, https:\/\/www.opinionpublica.tv\/portada\/wp-content\/uploads\/2017\/08\/5bdc32f017db66308367c0d4b19ae076-300x227.jpg 300w\" sizes=\"(max-width: 331px) 100vw, 331px\" \/>\n<p style=\"text-align: justify;\">Un d\u00eda 24 de agosto como hoy, pero de 1821, se firma el Tratado de C\u00f3rdoba entre el general espa\u00f1ol Juan O&#8217;Donoj\u00fa y el general mexicano Agust\u00edn de Iturbide, que sella la independencia de M\u00e9xico.<\/p>\n<p><!--more--><\/p>\n<p style=\"text-align: justify;\"><strong>Otras Efem\u00e9rides:<\/strong><\/p>\n<p style=\"text-align: justify;\">1499.- Alonso de Ojeda descubre el lago de Maracaibo, al que llam\u00f3 Peque\u00f1a Venecia, nombre que, ligeramente modificado, se convirti\u00f3 en Venezuela para denominar a todo el pa\u00eds.<\/p>\n<p style=\"text-align: justify;\">1535.- Sale de Sanl\u00facar de Barrameda (C\u00e1diz) la expedici\u00f3n de Pedro de Mendoza, compuesta por 14 naves y 2,150 hombres, que explor\u00f3 y conquist\u00f3 una parte de la actual Rep\u00fablica Argentina.<\/p>\n<p style=\"text-align: justify;\">1572.- Con el asesinato de Gaspar de Coigny, en Par\u00eds, se inicia la matanza de los hugonotes (protestantes franceses) en la llamada \u00abNoche de San Bartolom\u00e9\u00bb.<\/p>\n<p style=\"text-align: justify;\">1754.- Comienza la construcci\u00f3n del santuario de Luj\u00e1n, en Mendoza (Argentina).<\/p>\n<p style=\"text-align: justify;\">1759.- Nace William Wilberforce, abolicionista brit\u00e1nico.<\/p>\n<p style=\"text-align: justify;\">1814.- Washington es ocupada e incendiada por los ingleses.<\/p>\n<p style=\"text-align: justify;\">1820.- Pronunciamiento en Oporto, secundado despu\u00e9s en Lisboa por el pueblo y el Ej\u00e9rcito, que desemboc\u00f3 en el establecimiento de una monarqu\u00eda constitucional en Portugal.<\/p>\n<p style=\"text-align: justify;\">1829.- Nace Luis Carius, qu\u00edmico alem\u00e1n.<\/p>\n<p style=\"text-align: justify;\">1831.- Mariano G\u00e1lvez es elegido presidente de Guatemala.<\/p>\n<p style=\"text-align: justify;\">1832.- Fallece el cient\u00edfico franc\u00e9s Sadi Carnot, que estableci\u00f3 las bases fundamentales de la termodin\u00e1mica.<\/p>\n<p style=\"text-align: justify;\">1876.- Nace Florencio Parravicini, actor argentino.<\/p>\n<p style=\"text-align: justify;\">1877.- Se establece la ense\u00f1anza gratuita y obligatoria en Uruguay.<\/p>\n<p style=\"text-align: justify;\">1879.- Estalla en Cuba la llamada \u00abguerra chiquita\u00bb, declarada a los espa\u00f1oles por el general mulato Antonio Maceo.<\/p>\n<p style=\"text-align: justify;\">1891.- Edison obtiene la patente de la primera c\u00e1mara cinematogr\u00e1fica.<\/p>\n<p style=\"text-align: justify;\">1892.- Muere el bailar\u00edn y core\u00f3grafo franc\u00e9s Jules Perrot.<\/p>\n<p style=\"text-align: justify;\">1899.- Nace Jorge Luis Borges, una de las glorias de las letras latinoamericanas y figura literaria del siglo XX.<\/p>\n<p style=\"text-align: justify;\">1919.- Nace Bartolom\u00e9 Maximiliano \u00abBenny\u00bb Mor\u00e9, m\u00fasico cubano.<\/p>\n<p style=\"text-align: justify;\">1921.- Se inaugura la Torre Einstein, en la cima del Telegrafenberg, cerca de Postdam (Alemania), en homenaje al gran cient\u00edfico.<\/p>\n<p style=\"text-align: justify;\">1927.- Nace Harry M. Markowitz, economista estadounidense, Premio Nobel de Econom\u00eda 1990.<\/p>\n<p style=\"text-align: justify;\">1930.- Un levantamiento militar derriba en Per\u00fa al dictador Augusto B. Legu\u00eda.<\/p>\n<p style=\"text-align: justify;\">1943.- La aviaci\u00f3n aliada destruye el 80 % de Fr\u00e1ncfort (Alemania).<\/p>\n<p style=\"text-align: justify;\">1943.- Muere la escritora francesa Simone Weil.<\/p>\n<p style=\"text-align: justify;\">1948.- Nace Jean Michel Jarre, compositor franc\u00e9s de m\u00fasica \u00abpop\u00bb.<\/p>\n<p style=\"text-align: justify;\">1949.- Termina la guerra civil en Grecia, una lucha de tres a\u00f1os contra la guerrilla partisana.<\/p>\n<p style=\"text-align: justify;\">1950.- Fallece Arturo Alessandrini, expresidente de Chile.<\/p>\n<p style=\"text-align: justify;\">1951.- Un hurac\u00e1n destruye el pantano de Gardedas (M\u00e9xico) y causa 21 muertos y 250 heridos.<\/p>\n<p style=\"text-align: justify;\">1954.- El presidente brasile\u00f1o Getulio Vargas se suicida ante la exigencia de su dimisi\u00f3n por las Fuerzas Armadas.<\/p>\n<p style=\"text-align: justify;\">1973.- El general Augusto Pinochet es designado comandante en jefe del Ej\u00e9rcito chileno en sustituci\u00f3n de Carlos Prats.<\/p>\n<p style=\"text-align: justify;\">1984.- El presidente de Colombia Belisario Betancur logra un acuerdo con los guerrilleros del M-19 por el que \u00e9stos se comprometen a abandonar las armas tras 16 a\u00f1os de violencia y 300.000 muertos.<\/p>\n<p style=\"text-align: justify;\">1988.- El nuevo presidente de Birmania, Maung Maung, levanta la ley marcial en el pa\u00eds.<\/p>\n<p style=\"text-align: justify;\">1991.- Mijail Gorbachov dimite como secretario general del Partido Comunista de la Uni\u00f3n Sovi\u00e9tica (PCUS) y Ucrania proclama su independencia de la URSS.<\/p>\n<p style=\"text-align: justify;\">1997.- Muere Vicente \u00abTete\u00bb Montoli\u00fa, m\u00e1ximo representante del jazz espa\u00f1ol.<\/p>\n<p style=\"text-align: justify;\">1999.- Rusia proclama su victoria sobre los rebeldes de Daguest\u00e1n, con la ca\u00edda de Tando, Ansalta y Dhodroda: 1.000 guerrilleros y 59 soldados muertos.<\/p>\n<p style=\"text-align: justify;\">2000.- El liberal Julio C\u00e9sar Franco es proclamado vencedor de las elecciones a la vicepresidencia de Paraguay.<\/p>\n<p style=\"text-align: justify;\">2000.- El exmilitar argentino Miguel Angel Cavallo, presunto torturador durante el r\u00e9gimen militar, es detenido en el aeropuerto de Canc\u00fan (M\u00e9xico).<\/p>\n<p style=\"text-align: justify;\">2002.- Muere Ted Ashley, empresario norteamericano, ex presidente de Warner Brothers.<\/p>\n<p style=\"text-align: justify;\">2004.- 94 personas fallecen al explotar en pleno vuelo dos aviones rusos \u00abTupolev\u00bb como consecuencia de actos terroristas.<\/p>\n<p style=\"text-align: justify;\">2004.- La Corte Suprema argentina declara no prescrita la responsabilidad penal de los asesinato del general chileno Carlos Prats y su esposa, Sof\u00eda Cuthbert, cometidos en Buenos Aires en 1974.<\/p>\n<p style=\"text-align: justify;\">2004.- La presidenta paname\u00f1a, Mireya Moscoso, firma un documento en el que reconoce la responsabilidad del Estado en la desaparici\u00f3n de 110 opositores de la dictadura militar entre 1968 y 1989.<\/p>\n<p style=\"text-align: justify;\">2004.- Fallece Ota Sik, economista checoslovaco y uno de los protagonistas de la Primavera de Praga.<\/p>\n<p style=\"text-align: justify;\">2006.- La Uni\u00f3n Astron\u00f3mica Internacional (UAI) excluye a Plut\u00f3n como planeta, por lo que se reduce a ocho el n\u00famero de planetas en el Sistema Solar.<\/p>\n<p style=\"text-align: justify;\">2010.- Al menos 33 muertos, entre ellos 6 parlamentarios, en un atentado de radicales islamistas de Al Shabab contra el hotel Muna de Mogadiscio, Somalia.<\/p>\n<p style=\"text-align: justify;\">2012.- Condenado a 21 a\u00f1os de c\u00e1rcel prorrogables el fundamentalista cristiano y ultraderechista Anders Behring Breivik autor de los atentados de Oslo y de la isla de Utoya en los que murieron 77 personas en 2011.<\/p>\n","protected":false},"excerpt":{"rendered":"<p>Un d\u00eda 24 de agosto como hoy, pero de 1821, se firma el Tratado de C\u00f3rdoba entre el general espa\u00f1ol Juan O&#8217;Donoj\u00fa y el general mexicano Agust\u00edn de Iturbide, que sella la independencia de M\u00e9xico.<\/p>\n","protected":false},"author":6,"featured_media":14956,"comment_status":"open","ping_status":"open","sticky":false,"template":"","format":"standard","meta":{"_acf_changed":false,"_monsterinsights_skip_tracking":false,"slim_seo":{"title":"Efem\u00e9rides 24 de agosto - Opini\u00f3n P\u00fablica","description":"Un d\u00eda 24 de agosto como hoy, pero de 1821, se firma el Tratado de C\u00f3rdoba entre el general espa\u00f1ol Juan O'Donoj\u00fa y el general mexicano Agust\u00edn de Iturbide, que"},"footnotes":""},"categories":[27],"tags":[],"class_list":["post-14957","post","type-post","status-publish","format-standard","has-post-thumbnail","hentry","category-un-dia-como-hoy"],"acf":[],"_links":{"self":[{"href":"https:\/\/www.opinionpublica.tv\/portada\/wp-json\/wp\/v2\/posts\/14957","targetHints":{"allow":["GET"]}}],"collection":[{"href":"https:\/\/www.opinionpublica.tv\/portada\/wp-json\/wp\/v2\/posts"}],"about":[{"href":"https:\/\/www.opinionpublica.tv\/portada\/wp-json\/wp\/v2\/types\/post"}],"author":[{"embeddable":true,"href":"https:\/\/www.opinionpublica.tv\/portada\/wp-json\/wp\/v2\/users\/6"}],"replies":[{"embeddable":true,"href":"https:\/\/www.opinionpublica.tv\/portada\/wp-json\/wp\/v2\/comments?post=14957"}],"version-history":[{"count":0,"href":"https:\/\/www.opinionpublica.tv\/portada\/wp-json\/wp\/v2\/posts\/14957\/revisions"}],"wp:featuredmedia":[{"embeddable":true,"href":"https:\/\/www.opinionpublica.tv\/portada\/wp-json\/wp\/v2\/media\/14956"}],"wp:attachment":[{"href":"https:\/\/www.opinionpublica.tv\/portada\/wp-json\/wp\/v2\/media?parent=14957"}],"wp:term":[{"taxonomy":"category","embeddable":true,"href":"https:\/\/www.opinionpublica.tv\/portada\/wp-json\/wp\/v2\/categories?post=14957"},{"taxonomy":"post_tag","embeddable":true,"href":"https:\/\/www.opinionpublica.tv\/portada\/wp-json\/wp\/v2\/tags?post=14957"}],"curies":[{"name":"wp","href":"https:\/\/api.w.org\/{rel}","templated":true}]}}