{"id":14955,"date":"2017-08-24T06:00:00","date_gmt":"2017-08-24T04:00:00","guid":{"rendered":"https:\/\/www.opinionpublica.tv\/portada\/2017\/08\/24\/tienes-pruebas\/"},"modified":"2017-08-24T06:00:00","modified_gmt":"2017-08-24T04:00:00","slug":"tienes-pruebas","status":"publish","type":"post","link":"https:\/\/www.opinionpublica.tv\/portada\/tienes-pruebas\/","title":{"rendered":"\u00bfTienes pruebas?"},"content":{"rendered":"<p style=\"text-align: justify;\">Soy de la \u00e9poca en que pens\u00e1bamos que la palabra prometida o comprometida\u00a0\u00a0ten\u00edan mucho valor y ahora vemos que no.<\/p>\n<p><!--more--><\/p>\n<p style=\"text-align: justify;\">Cuando te dec\u00edan:\u00a0<strong><u>\u00bfprotestas cumplir con este compromiso cabalmente? y si no lo haces, que el pueblo te lo demande<\/u><\/strong>; era un compromiso formal, \u00e9tico, moral, que nos tocaba las fibras m\u00e1s profundas de nuestro ser.<\/p>\n<p style=\"text-align: justify;\">Los tiempos han cambiado sin duda. Los compromisos son light. Las palabras no tienen el valor de antes.<\/p>\n<p style=\"text-align: justify;\">Y en trat\u00e1ndose de pol\u00edticos, pues menos.<\/p>\n<p style=\"text-align: justify;\">Recuerdo cuando se pod\u00eda caer una candidatura si al aspirante se le descubr\u00eda algo turbio, algo inmoral.<\/p>\n<p style=\"text-align: justify;\">Era verdaderamente ignominioso saber que el aspirante a la alcald\u00eda, o a la gubernatura pudiese tener una amante, o estar metido en negocios turbios.<\/p>\n<p style=\"text-align: justify;\">Hoy con todo cinismo aparecen en la arena electoral los individuos m\u00e1s deshonestos y c\u00ednicos a disputar el poder.<\/p>\n<p style=\"text-align: justify;\">El prestigio personal era signo de certeza para el desempe\u00f1o p\u00fablico, y hoy aunque descubramos los delitos y las acciones fraudulentas de los funcionarios que se llenan los bolsillos con el dinero del pueblo no podemos acusarlos o demandarlos porque anticipadamente nos hacen esta pregunta&#8230; \u00bfTienes pruebas?<\/p>\n<p style=\"text-align: justify;\">El problema ya no es si tenemos las pruebas, ahora el problema es que las autoridades encargadas de proporcionar justicia ponen toda suerte de barreras para evitar que las pruebas funcionen en contra del demandado.<\/p>\n<p style=\"text-align: justify;\">Los hombres del poder han modificado la ley para poder salirse con la suya.<\/p>\n<p style=\"text-align: justify;\">Se ha vuelto tan desvergonzada la clase pol\u00edtica, que ha generado una endemia de malos gobiernos.<\/p>\n<p style=\"text-align: justify;\">Tenemos que escribirlo as\u00ed con todas sus letras. El gobierno de Enrique Pe\u00f1a Nieto tiene como caracter\u00edstica el de haber dise\u00f1ado unas \u201creformas estructurales\u201d que s\u00f3lo han servido para enriquecerse en lo personal, y enriquecer a su c\u00edrculo de amigos en los negocios que reparte el gobierno.<\/p>\n<p style=\"text-align: justify;\">Es un modelo que goza de la protecci\u00f3n de la ley. Las leyes ahora protegen a los delincuentes de cuello blanco.<\/p>\n<p style=\"text-align: justify;\">Pueden despojar a la naci\u00f3n de su territorio, miner\u00eda, petr\u00f3leo etc. Con el \u201cjusto\u201d apego a la ley.<\/p>\n<p style=\"text-align: justify;\">El peje en su discurso rumbo a la presidencia de M\u00e9xico los denuncia como la mafia del poder, pero tambi\u00e9n los acusa de haber dise\u00f1ado el modelito de la pol\u00edtica del pillaje para beneficiarse y beneficiar a sus camaradas.<\/p>\n<p style=\"text-align: justify;\">Esto no es exclusivo de los priistas, los que nos dedicamos al an\u00e1lisis pol\u00edtico, advertimos que los panistas, los perredistas, y en general la enorme mayor\u00eda de los que conforman la clase pol\u00edtica mexicana, entran en los lodazales de la corrupci\u00f3n.<\/p>\n<p style=\"text-align: justify;\">Pero en esta \u00e9poca de tiempos l\u00edquidos, a los que se refer\u00eda Bauman, los m\u00e1s beneficiados son los oligarcas, los que crean una hermandad muy poderosa a la que no entran los mortales, s\u00f3lo los que son inmensamente ricos.<\/p>\n<p style=\"text-align: justify;\">No hay manera de llevar ante la justicia a uno de estos ladrones. Necesitas pruebas.<\/p>\n<p style=\"text-align: justify;\">Y si las tuvieras, seguramente no podr\u00edas llevar a juicio al delincuente, pues las instituciones que imparten justicia, est\u00e1n sujetas por unas cadenas muy s\u00f3lidas pero invisibles, que son manejadas desde los estamentos del poder.<\/p>\n<p style=\"text-align: justify;\">\u00bfSer\u00e1 posible el renacimiento econ\u00f3mico, pol\u00edtico y social de M\u00e9xico que plantea Andr\u00e9s Manuel L\u00f3pez Obrador?<\/p>\n<p style=\"text-align: justify;\">Eso lo descubriremos a principios del 2019 si el voto lo hace presidente.<\/p>\n","protected":false},"excerpt":{"rendered":"<p>Soy de la \u00e9poca en que pens\u00e1bamos que la palabra prometida o comprometida\u00a0\u00a0ten\u00edan mucho valor y ahora vemos que no.<\/p>\n","protected":false},"author":6,"featured_media":0,"comment_status":"open","ping_status":"open","sticky":false,"template":"","format":"standard","meta":{"_acf_changed":false,"_monsterinsights_skip_tracking":false,"slim_seo":{"title":"\u00bfTienes pruebas? - Opini\u00f3n P\u00fablica","description":"Soy de la \u00e9poca en que pens\u00e1bamos que la palabra prometida o comprometida\u00a0\u00a0ten\u00edan mucho valor y ahora vemos que no. Cuando te dec\u00edan:\u00a0 \u00bfprotestas cumplir con es"},"footnotes":""},"categories":[21],"tags":[],"class_list":["post-14955","post","type-post","status-publish","format-standard","hentry","category-cartapacio"],"acf":[],"_links":{"self":[{"href":"https:\/\/www.opinionpublica.tv\/portada\/wp-json\/wp\/v2\/posts\/14955","targetHints":{"allow":["GET"]}}],"collection":[{"href":"https:\/\/www.opinionpublica.tv\/portada\/wp-json\/wp\/v2\/posts"}],"about":[{"href":"https:\/\/www.opinionpublica.tv\/portada\/wp-json\/wp\/v2\/types\/post"}],"author":[{"embeddable":true,"href":"https:\/\/www.opinionpublica.tv\/portada\/wp-json\/wp\/v2\/users\/6"}],"replies":[{"embeddable":true,"href":"https:\/\/www.opinionpublica.tv\/portada\/wp-json\/wp\/v2\/comments?post=14955"}],"version-history":[{"count":0,"href":"https:\/\/www.opinionpublica.tv\/portada\/wp-json\/wp\/v2\/posts\/14955\/revisions"}],"wp:attachment":[{"href":"https:\/\/www.opinionpublica.tv\/portada\/wp-json\/wp\/v2\/media?parent=14955"}],"wp:term":[{"taxonomy":"category","embeddable":true,"href":"https:\/\/www.opinionpublica.tv\/portada\/wp-json\/wp\/v2\/categories?post=14955"},{"taxonomy":"post_tag","embeddable":true,"href":"https:\/\/www.opinionpublica.tv\/portada\/wp-json\/wp\/v2\/tags?post=14955"}],"curies":[{"name":"wp","href":"https:\/\/api.w.org\/{rel}","templated":true}]}}