{"id":14944,"date":"2017-08-21T06:00:00","date_gmt":"2017-08-21T04:00:00","guid":{"rendered":"https:\/\/www.opinionpublica.tv\/portada\/2017\/08\/21\/asi-se-vivio-el-eclipse-total-de-sol\/"},"modified":"2017-08-21T06:00:00","modified_gmt":"2017-08-21T04:00:00","slug":"asi-se-vivio-el-eclipse-total-de-sol","status":"publish","type":"post","link":"https:\/\/www.opinionpublica.tv\/portada\/asi-se-vivio-el-eclipse-total-de-sol\/","title":{"rendered":"As\u00ed se vivi\u00f3 el eclipse total de sol este lunes"},"content":{"rendered":"<p><img fetchpriority=\"high\" decoding=\"async\" class=\" size-full wp-image-14942\" src=\"https:\/\/www.opinionpublica.tv\/portada\/wp-content\/uploads\/2017\/08\/ee56eac8d8d259ce44cade251a2f828b.jpg\" alt=\"\" class=\"caption\" title=\"Este fen\u00f3meno se pudo ver mejor en Estados Unidos.\" width=\"965\" height=\"660\" srcset=\"https:\/\/www.opinionpublica.tv\/portada\/wp-content\/uploads\/2017\/08\/ee56eac8d8d259ce44cade251a2f828b.jpg 965w, https:\/\/www.opinionpublica.tv\/portada\/wp-content\/uploads\/2017\/08\/ee56eac8d8d259ce44cade251a2f828b-300x205.jpg 300w, https:\/\/www.opinionpublica.tv\/portada\/wp-content\/uploads\/2017\/08\/ee56eac8d8d259ce44cade251a2f828b-768x525.jpg 768w\" sizes=\"(max-width: 965px) 100vw, 965px\" \/><br \/>\n<!--more--><\/p>\n<p style=\"text-align: justify;\">El\u00a0eclipse total de sol\u00a0que pudo verse este lunes en\u00a0Estados Unidos\u00a0acab\u00f3 despu\u00e9s de que millones de personas fueran testigos, con el uso de gafas especiales, del impresionante fen\u00f3meno.<\/p>\n<p style=\"text-align: justify;\">El acontecimiento tard\u00f3 una hora y media en recorrer el cielo desde la\u00a0costa del Pac\u00edfico, donde comenz\u00f3 a las 10.15 hora local (17.15 GMT), a la del Atl\u00e1ntico, donde acab\u00f3 en torno a las 14.45 hora local (18.45 GMT).<\/p>\n<p style=\"text-align: justify;\"><img decoding=\"async\" class=\" size-full wp-image-14943\" src=\"https:\/\/www.opinionpublica.tv\/portada\/wp-content\/uploads\/2017\/08\/eclipse.jpg\" width=\"597\" height=\"421\" srcset=\"https:\/\/www.opinionpublica.tv\/portada\/wp-content\/uploads\/2017\/08\/eclipse.jpg 850w, https:\/\/www.opinionpublica.tv\/portada\/wp-content\/uploads\/2017\/08\/eclipse-300x212.jpg 300w, https:\/\/www.opinionpublica.tv\/portada\/wp-content\/uploads\/2017\/08\/eclipse-768x542.jpg 768w\" sizes=\"(max-width: 597px) 100vw, 597px\" \/><\/p>\n<p style=\"text-align: justify;\">En los \u00faltimos d\u00edas se agotaron las existencias de gafas especiales para su visualizaci\u00f3n, ya que las autoridades insistieron en alertar de que observarlo de manera frontal y con lentes no adecuadas puede causar da\u00f1os irreparables para la vista.<\/p>\n<p style=\"text-align: justify;\">Las redes sociales se llenaron de v\u00eddeos y tutoriales para construir m\u00e9todos caseros para observar el eclipse, mientras que otros muchos, pese a ser un d\u00eda laboral, planearon encuentros para ver el fen\u00f3meno en grupo.<\/p>\n<p style=\"text-align: justify;\">En M\u00e9xico se pudo ver el fen\u00f3meno en diversas partes del pa\u00eds, pero Chihuahua tuvo una mejor visibilidad y miles de personas pudieron apreciar el eclipse a lo largo del estado.<\/p>\n","protected":false},"excerpt":{"rendered":"","protected":false},"author":6,"featured_media":14942,"comment_status":"open","ping_status":"open","sticky":false,"template":"","format":"standard","meta":{"_acf_changed":false,"_monsterinsights_skip_tracking":false,"slim_seo":{"title":"As\u00ed se vivi\u00f3 el eclipse total de sol este lunes - Opini\u00f3n P\u00fablica","description":"El\u00a0eclipse total de sol\u00a0que pudo verse este lunes en\u00a0Estados Unidos\u00a0acab\u00f3 despu\u00e9s de que millones de personas fueran testigos, con el uso de gafas especiales, d"},"footnotes":""},"categories":[11],"tags":[],"class_list":["post-14944","post","type-post","status-publish","format-standard","has-post-thumbnail","hentry","category-tendencias"],"acf":[],"_links":{"self":[{"href":"https:\/\/www.opinionpublica.tv\/portada\/wp-json\/wp\/v2\/posts\/14944","targetHints":{"allow":["GET"]}}],"collection":[{"href":"https:\/\/www.opinionpublica.tv\/portada\/wp-json\/wp\/v2\/posts"}],"about":[{"href":"https:\/\/www.opinionpublica.tv\/portada\/wp-json\/wp\/v2\/types\/post"}],"author":[{"embeddable":true,"href":"https:\/\/www.opinionpublica.tv\/portada\/wp-json\/wp\/v2\/users\/6"}],"replies":[{"embeddable":true,"href":"https:\/\/www.opinionpublica.tv\/portada\/wp-json\/wp\/v2\/comments?post=14944"}],"version-history":[{"count":0,"href":"https:\/\/www.opinionpublica.tv\/portada\/wp-json\/wp\/v2\/posts\/14944\/revisions"}],"wp:featuredmedia":[{"embeddable":true,"href":"https:\/\/www.opinionpublica.tv\/portada\/wp-json\/wp\/v2\/media\/14942"}],"wp:attachment":[{"href":"https:\/\/www.opinionpublica.tv\/portada\/wp-json\/wp\/v2\/media?parent=14944"}],"wp:term":[{"taxonomy":"category","embeddable":true,"href":"https:\/\/www.opinionpublica.tv\/portada\/wp-json\/wp\/v2\/categories?post=14944"},{"taxonomy":"post_tag","embeddable":true,"href":"https:\/\/www.opinionpublica.tv\/portada\/wp-json\/wp\/v2\/tags?post=14944"}],"curies":[{"name":"wp","href":"https:\/\/api.w.org\/{rel}","templated":true}]}}