{"id":14939,"date":"2017-08-21T06:00:00","date_gmt":"2017-08-21T04:00:00","guid":{"rendered":"https:\/\/www.opinionpublica.tv\/portada\/2017\/08\/21\/arranca-ciclo-escolar-2017-2018-regresaron-a-clases-743-mil-alumnos-en-todo-chihuahua\/"},"modified":"2017-08-21T06:00:00","modified_gmt":"2017-08-21T04:00:00","slug":"arranca-ciclo-escolar-2017-2018-regresaron-a-clases-743-mil-alumnos-en-todo-chihuahua","status":"publish","type":"post","link":"https:\/\/www.opinionpublica.tv\/portada\/arranca-ciclo-escolar-2017-2018-regresaron-a-clases-743-mil-alumnos-en-todo-chihuahua\/","title":{"rendered":"Arranca ciclo escolar 2017-2018, regresaron a clases 743 mil alumnos en todo Chihuahua"},"content":{"rendered":"<p><img fetchpriority=\"high\" decoding=\"async\" class=\" size-full wp-image-14938\" src=\"https:\/\/www.opinionpublica.tv\/portada\/wp-content\/uploads\/2017\/08\/3053883417ee8771aee22eb4d205001f.jpg\" alt=\"\" class=\"caption\" title=\"M\u00e1s de 743 alumnos de preescolar, primaria y secundaria regresaron a clases.\" width=\"1000\" height=\"666\" srcset=\"https:\/\/www.opinionpublica.tv\/portada\/wp-content\/uploads\/2017\/08\/3053883417ee8771aee22eb4d205001f.jpg 1000w, https:\/\/www.opinionpublica.tv\/portada\/wp-content\/uploads\/2017\/08\/3053883417ee8771aee22eb4d205001f-300x200.jpg 300w, https:\/\/www.opinionpublica.tv\/portada\/wp-content\/uploads\/2017\/08\/3053883417ee8771aee22eb4d205001f-768x511.jpg 768w\" sizes=\"(max-width: 1000px) 100vw, 1000px\" \/><br \/>\n<!--more--><\/p>\n<p style=\"text-align: justify;\"><em>Chihuahua, Chih<\/em>.- Este lunes regresaron a clases m\u00e1s de 743 mil alumnas y alumnos de los niveles de preescolar, primaria y secundaria del estado de Chihuahua, tanto en los subsistemas estatal y federalizado, as\u00ed como en planteles particulares.<\/p>\n<p style=\"text-align: justify;\">El gobernador del Estado, Javier Corral Jurado, estuvo presente en un plantel escolar de la capital de la entidad, donde oficialmente declar\u00f3 el inicio del ciclo escolar 2017-2018.<\/p>\n<p style=\"text-align: justify;\">De igual forma, m\u00e1s de 32 mil maestras y maestros se reincorporar\u00e1n a sus funciones docentes en los cerca de 6 mil planteles de educaci\u00f3n b\u00e1sica que operan en las diferentes regiones de Chihuahua.<\/p>\n<p style=\"text-align: justify;\">En lo que se refiere a la cantidad de alumnas y alumnos de nuevo ingreso, en preescolar, se tiene registro de 53 mil 108, de los cuales 26 mil 812 son mujeres y 26 mil 296 hombres.<\/p>\n<p style=\"text-align: justify;\">En el nivel primaria se inscribieron 66 mil 623 alumnos, de los cuales 32 mil 825 son mujeres y 33 mil 798 hombre, mientras que en Secundaria, de 66 mil 813 estudiantes, hay 33 mil 192 mujeres y 33 mil 621 hombres.<\/p>\n<p style=\"text-align: justify;\">Las cifras anteriores representan un total de 186 mil 544 nuevos estudiantes.<\/p>\n<p style=\"text-align: justify;\">La matr\u00edcula total en el estado de Chihuahua asciende a 743 mil 009 estudiantes, y se encuentra distribuida de la siguiente manera: preescolar, 123 mil 964 (61,786 mujeres y 62,178 hombres); primaria, 428 mil 336 (210,352 mujeres y 217,984 hombres); y secundaria, 190 mil 709 (95,032 mujeres y 95,677 hombres).<\/p>\n","protected":false},"excerpt":{"rendered":"","protected":false},"author":6,"featured_media":14938,"comment_status":"open","ping_status":"open","sticky":false,"template":"","format":"standard","meta":{"_acf_changed":false,"_monsterinsights_skip_tracking":false,"slim_seo":{"title":"Arranca ciclo escolar 2017-2018, regresaron a clases 743 mil alumnos en todo Chihuahua - Opini\u00f3n P\u00fablica","description":"Chihuahua, Chih .- Este lunes regresaron a clases m\u00e1s de 743 mil alumnas y alumnos de los niveles de preescolar, primaria y secundaria del estado de Chihuahua,"},"footnotes":""},"categories":[3],"tags":[],"class_list":["post-14939","post","type-post","status-publish","format-standard","has-post-thumbnail","hentry","category-principal"],"acf":[],"_links":{"self":[{"href":"https:\/\/www.opinionpublica.tv\/portada\/wp-json\/wp\/v2\/posts\/14939","targetHints":{"allow":["GET"]}}],"collection":[{"href":"https:\/\/www.opinionpublica.tv\/portada\/wp-json\/wp\/v2\/posts"}],"about":[{"href":"https:\/\/www.opinionpublica.tv\/portada\/wp-json\/wp\/v2\/types\/post"}],"author":[{"embeddable":true,"href":"https:\/\/www.opinionpublica.tv\/portada\/wp-json\/wp\/v2\/users\/6"}],"replies":[{"embeddable":true,"href":"https:\/\/www.opinionpublica.tv\/portada\/wp-json\/wp\/v2\/comments?post=14939"}],"version-history":[{"count":0,"href":"https:\/\/www.opinionpublica.tv\/portada\/wp-json\/wp\/v2\/posts\/14939\/revisions"}],"wp:featuredmedia":[{"embeddable":true,"href":"https:\/\/www.opinionpublica.tv\/portada\/wp-json\/wp\/v2\/media\/14938"}],"wp:attachment":[{"href":"https:\/\/www.opinionpublica.tv\/portada\/wp-json\/wp\/v2\/media?parent=14939"}],"wp:term":[{"taxonomy":"category","embeddable":true,"href":"https:\/\/www.opinionpublica.tv\/portada\/wp-json\/wp\/v2\/categories?post=14939"},{"taxonomy":"post_tag","embeddable":true,"href":"https:\/\/www.opinionpublica.tv\/portada\/wp-json\/wp\/v2\/tags?post=14939"}],"curies":[{"name":"wp","href":"https:\/\/api.w.org\/{rel}","templated":true}]}}