{"id":14907,"date":"2017-08-15T06:00:00","date_gmt":"2017-08-15T04:00:00","guid":{"rendered":"https:\/\/www.opinionpublica.tv\/portada\/2017\/08\/15\/video-entre-batallas-y-derrotas-aquellos-que-dieron-la-nota-reportaje-de-uacj-tv\/"},"modified":"2017-08-15T06:00:00","modified_gmt":"2017-08-15T04:00:00","slug":"video-entre-batallas-y-derrotas-aquellos-que-dieron-la-nota-reportaje-de-uacj-tv","status":"publish","type":"post","link":"https:\/\/www.opinionpublica.tv\/portada\/video-entre-batallas-y-derrotas-aquellos-que-dieron-la-nota-reportaje-de-uacj-tv\/","title":{"rendered":"Video: Entre Batallas y Derrotas\u2026 Aquellos que Dieron la Nota; reportaje UACJ-TV"},"content":{"rendered":"<p><img fetchpriority=\"high\" decoding=\"async\" class=\" size-full wp-image-14906\" src=\"https:\/\/www.opinionpublica.tv\/portada\/wp-content\/uploads\/2017\/08\/c2a8495baeda26b6ea900de9a7db1272.jpg\" alt=\"\" width=\"508\" height=\"303\" srcset=\"https:\/\/www.opinionpublica.tv\/portada\/wp-content\/uploads\/2017\/08\/c2a8495baeda26b6ea900de9a7db1272.jpg 508w, https:\/\/www.opinionpublica.tv\/portada\/wp-content\/uploads\/2017\/08\/c2a8495baeda26b6ea900de9a7db1272-300x179.jpg 300w\" sizes=\"(max-width: 508px) 100vw, 508px\" \/><br \/>\n<!--more--><\/p>\n<p>A trav\u00e9s de su plataforma de comunicaci\u00f3n UACJ-TV, la Universidad Aut\u00f3noma de Ciudad Ju\u00e1rez transmiti\u00f3 este lunes un reportaje especial del periodista Gustavo Cabullo Madrid, donde por primera vez se aborda la realidad laboral y la inseguridad en la que trabajan quienes ejercen ejercen el periodismo de manera profesional en esta frontera.<\/p>\n<p>En este reportaje, un grupo de periodistas juarenses se sincera y por primera vez, frente a una c\u00e1mara de televisi\u00f3n, hablan entre otras cosas, de las batallas y derrotas que tuvieron que enfrentar para llevar la nota a sus medios durante la \u00e9poca de mayor violencia en Ciudad Ju\u00e1rez, y en muchos de esos casos, en medio de injusticias laborales e intereses creados entre algunos due\u00f1os de medios informativos, y quienes ostentan el poder del presupuesto gubernamental.<\/p>\n<div class=\"k2_video\"><iframe title=\"Entre Batallas y Derrotas - Reportaje Especial\" width=\"800\" height=\"450\" src=\"https:\/\/www.youtube.com\/embed\/I_8aknIITJ4?feature=oembed\" frameborder=\"0\" allow=\"accelerometer; autoplay; clipboard-write; encrypted-media; gyroscope; picture-in-picture; web-share\" referrerpolicy=\"strict-origin-when-cross-origin\" allowfullscreen><\/iframe>\n<\/div>\n","protected":false},"excerpt":{"rendered":"","protected":false},"author":6,"featured_media":14906,"comment_status":"open","ping_status":"open","sticky":false,"template":"","format":"standard","meta":{"_acf_changed":false,"_monsterinsights_skip_tracking":false,"slim_seo":{"title":"Video: Entre Batallas y Derrotas\u2026 Aquellos que Dieron la Nota; reportaje UACJ-TV - Opini\u00f3n P\u00fablica","description":"A trav\u00e9s de su plataforma de comunicaci\u00f3n UACJ-TV, la Universidad Aut\u00f3noma de Ciudad Ju\u00e1rez transmiti\u00f3 este lunes un reportaje especial del periodista Gustavo C"},"footnotes":""},"categories":[8],"tags":[],"class_list":["post-14907","post","type-post","status-publish","format-standard","has-post-thumbnail","hentry","category-videos"],"acf":[],"_links":{"self":[{"href":"https:\/\/www.opinionpublica.tv\/portada\/wp-json\/wp\/v2\/posts\/14907","targetHints":{"allow":["GET"]}}],"collection":[{"href":"https:\/\/www.opinionpublica.tv\/portada\/wp-json\/wp\/v2\/posts"}],"about":[{"href":"https:\/\/www.opinionpublica.tv\/portada\/wp-json\/wp\/v2\/types\/post"}],"author":[{"embeddable":true,"href":"https:\/\/www.opinionpublica.tv\/portada\/wp-json\/wp\/v2\/users\/6"}],"replies":[{"embeddable":true,"href":"https:\/\/www.opinionpublica.tv\/portada\/wp-json\/wp\/v2\/comments?post=14907"}],"version-history":[{"count":0,"href":"https:\/\/www.opinionpublica.tv\/portada\/wp-json\/wp\/v2\/posts\/14907\/revisions"}],"wp:featuredmedia":[{"embeddable":true,"href":"https:\/\/www.opinionpublica.tv\/portada\/wp-json\/wp\/v2\/media\/14906"}],"wp:attachment":[{"href":"https:\/\/www.opinionpublica.tv\/portada\/wp-json\/wp\/v2\/media?parent=14907"}],"wp:term":[{"taxonomy":"category","embeddable":true,"href":"https:\/\/www.opinionpublica.tv\/portada\/wp-json\/wp\/v2\/categories?post=14907"},{"taxonomy":"post_tag","embeddable":true,"href":"https:\/\/www.opinionpublica.tv\/portada\/wp-json\/wp\/v2\/tags?post=14907"}],"curies":[{"name":"wp","href":"https:\/\/api.w.org\/{rel}","templated":true}]}}