{"id":14905,"date":"2017-08-14T06:00:00","date_gmt":"2017-08-14T04:00:00","guid":{"rendered":"https:\/\/www.opinionpublica.tv\/portada\/2017\/08\/14\/recibe-corral-a-nuevo-dirigente-estatal-del-pri-en-palacio\/"},"modified":"2017-08-14T06:00:00","modified_gmt":"2017-08-14T04:00:00","slug":"recibe-corral-a-nuevo-dirigente-estatal-del-pri-en-palacio","status":"publish","type":"post","link":"https:\/\/www.opinionpublica.tv\/portada\/recibe-corral-a-nuevo-dirigente-estatal-del-pri-en-palacio\/","title":{"rendered":"Recibe Corral a nuevo dirigente estatal del PRI en Palacio"},"content":{"rendered":"<p><img fetchpriority=\"high\" decoding=\"async\" class=\" size-full wp-image-14904\" src=\"https:\/\/www.opinionpublica.tv\/portada\/wp-content\/uploads\/2017\/08\/67b87ab893d8db126f6fbdafd2de8fb7.jpg\" alt=\"\" class=\"caption\" title=\"Javier Corral, gobernador de Chihuahua y Omar Baz\u00e1n, presidente estatal del PRI.\" width=\"2274\" height=\"1448\" srcset=\"https:\/\/www.opinionpublica.tv\/portada\/wp-content\/uploads\/2017\/08\/67b87ab893d8db126f6fbdafd2de8fb7.jpg 2274w, https:\/\/www.opinionpublica.tv\/portada\/wp-content\/uploads\/2017\/08\/67b87ab893d8db126f6fbdafd2de8fb7-300x191.jpg 300w, https:\/\/www.opinionpublica.tv\/portada\/wp-content\/uploads\/2017\/08\/67b87ab893d8db126f6fbdafd2de8fb7-1024x652.jpg 1024w, https:\/\/www.opinionpublica.tv\/portada\/wp-content\/uploads\/2017\/08\/67b87ab893d8db126f6fbdafd2de8fb7-768x489.jpg 768w, https:\/\/www.opinionpublica.tv\/portada\/wp-content\/uploads\/2017\/08\/67b87ab893d8db126f6fbdafd2de8fb7-1536x978.jpg 1536w, https:\/\/www.opinionpublica.tv\/portada\/wp-content\/uploads\/2017\/08\/67b87ab893d8db126f6fbdafd2de8fb7-2048x1304.jpg 2048w\" sizes=\"(max-width: 2274px) 100vw, 2274px\" \/><br \/>\n<!--more--><\/p>\n<p style=\"text-align: justify;\"><em>Chihuahua, Chih<\/em>.- El gobernador del Estado, Javier Corral Jurado, recibi\u00f3 la tarde de este lunes al presidente del Comit\u00e9 Directivo Estatal del Partido Revolucionario Institucional (PRI), Omar Baz\u00e1n Flores.<\/p>\n<p style=\"text-align: justify;\">A trav\u00e9s de un comunicado, Corral expres\u00f3 su compromiso de mantener un di\u00e1logo constructivo, a favor de Chihuahua, con todas las fuerzas pol\u00edticas de la entidad.<\/p>\n<p style=\"text-align: justify;\">\u201cUn di\u00e1logo abierto y franco, permitir\u00e1 llegar a acuerdos que faciliten mejores condiciones de desarrollo para el Estado de Chihuahua y todos sus habitantes\u201d, se\u00f1al\u00f3.<\/p>\n<p style=\"text-align: justify;\">El encuentro se llev\u00f3 a cabo en el despacho del mandatario estatal, quien expres\u00f3 su convicci\u00f3n de que la pluralidad enriquece la vida democr\u00e1tica del estado.<\/p>\n<p style=\"text-align: justify;\">Corral manifest\u00f3 su mejor disposici\u00f3n a mantener siempre un di\u00e1logo constructivo, \u201cm\u00e1s all\u00e1 de las naturales y sanas diferencias ideol\u00f3gicas o partidistas, propias de toda democracia\u201d.<\/p>\n<p style=\"text-align: justify;\">Por su parte, el presidente estatal del PRI, Omar Baz\u00e1n Flores, se\u00f1al\u00f3 que la intenci\u00f3n de la reuni\u00f3n fue sostener un encuentro con el mandatario estatal a fin de platicar sobre las mejoras para los chihuahuenses.<\/p>\n<p style=\"text-align: justify;\">\u201cEsta visita fue de respeto, de cordialidad, fue un encuentro proactivo en el que se antepuso a los chihuahuenses sobre cualquier otro inter\u00e9s partidario, el fin fue intercambiar puntos de vista, as\u00ed como establecer los conductos y las relaciones adecuadas para buscar mecanismos de mejora para el Estado\u201d, agreg\u00f3.<\/p>\n<p style=\"text-align: justify;\">Omar Baz\u00e1n asegur\u00f3\u00a0que habr\u00e1 una sana cercan\u00eda con el ejecutivo estatal, sin que esto signifique una subordinaci\u00f3n de alguna parte de las partes.<\/p>\n","protected":false},"excerpt":{"rendered":"","protected":false},"author":6,"featured_media":14904,"comment_status":"open","ping_status":"open","sticky":false,"template":"","format":"standard","meta":{"_acf_changed":false,"_monsterinsights_skip_tracking":false,"slim_seo":{"title":"Recibe Corral a nuevo dirigente estatal del PRI en Palacio - Opini\u00f3n P\u00fablica","description":"Chihuahua, Chih .- El gobernador del Estado, Javier Corral Jurado, recibi\u00f3 la tarde de este lunes al presidente del Comit\u00e9 Directivo Estatal del Partido Revoluc"},"footnotes":""},"categories":[4],"tags":[],"class_list":["post-14905","post","type-post","status-publish","format-standard","has-post-thumbnail","hentry","category-pulsopolitico"],"acf":[],"_links":{"self":[{"href":"https:\/\/www.opinionpublica.tv\/portada\/wp-json\/wp\/v2\/posts\/14905","targetHints":{"allow":["GET"]}}],"collection":[{"href":"https:\/\/www.opinionpublica.tv\/portada\/wp-json\/wp\/v2\/posts"}],"about":[{"href":"https:\/\/www.opinionpublica.tv\/portada\/wp-json\/wp\/v2\/types\/post"}],"author":[{"embeddable":true,"href":"https:\/\/www.opinionpublica.tv\/portada\/wp-json\/wp\/v2\/users\/6"}],"replies":[{"embeddable":true,"href":"https:\/\/www.opinionpublica.tv\/portada\/wp-json\/wp\/v2\/comments?post=14905"}],"version-history":[{"count":0,"href":"https:\/\/www.opinionpublica.tv\/portada\/wp-json\/wp\/v2\/posts\/14905\/revisions"}],"wp:featuredmedia":[{"embeddable":true,"href":"https:\/\/www.opinionpublica.tv\/portada\/wp-json\/wp\/v2\/media\/14904"}],"wp:attachment":[{"href":"https:\/\/www.opinionpublica.tv\/portada\/wp-json\/wp\/v2\/media?parent=14905"}],"wp:term":[{"taxonomy":"category","embeddable":true,"href":"https:\/\/www.opinionpublica.tv\/portada\/wp-json\/wp\/v2\/categories?post=14905"},{"taxonomy":"post_tag","embeddable":true,"href":"https:\/\/www.opinionpublica.tv\/portada\/wp-json\/wp\/v2\/tags?post=14905"}],"curies":[{"name":"wp","href":"https:\/\/api.w.org\/{rel}","templated":true}]}}