{"id":14903,"date":"2017-08-14T06:00:00","date_gmt":"2017-08-14T04:00:00","guid":{"rendered":"https:\/\/www.opinionpublica.tv\/portada\/2017\/08\/14\/video-queman-genitales-a-presunto-violador-en-chiapas\/"},"modified":"2017-08-14T06:00:00","modified_gmt":"2017-08-14T04:00:00","slug":"video-queman-genitales-a-presunto-violador-en-chiapas","status":"publish","type":"post","link":"https:\/\/www.opinionpublica.tv\/portada\/video-queman-genitales-a-presunto-violador-en-chiapas\/","title":{"rendered":"Video: Queman genitales a presunto violador en Chiapas"},"content":{"rendered":"<p><img fetchpriority=\"high\" decoding=\"async\" class=\" size-full wp-image-14902\" src=\"https:\/\/www.opinionpublica.tv\/portada\/wp-content\/uploads\/2017\/08\/25b964830e52af5b72685fb489213ebf.jpg\" alt=\"\" width=\"534\" height=\"306\" srcset=\"https:\/\/www.opinionpublica.tv\/portada\/wp-content\/uploads\/2017\/08\/25b964830e52af5b72685fb489213ebf.jpg 534w, https:\/\/www.opinionpublica.tv\/portada\/wp-content\/uploads\/2017\/08\/25b964830e52af5b72685fb489213ebf-300x172.jpg 300w\" sizes=\"(max-width: 534px) 100vw, 534px\" \/><br \/>\n<!--more--><\/p>\n<p style=\"text-align: justify;\"><em>Chiapas<\/em>.- En el Municipio de Reforma, Chiapas, un hombre fue amarrado por la poblaci\u00f3n de ese lugar por la presunta violaci\u00f3n de una ni\u00f1a. Al presunto violador le quemaron los genitales y se desconoce por ahora si sobrevivi\u00f3 a las quemaduras.<\/p>\n<p style=\"text-align: justify;\">El video fue difundido la noche de este lunes por el periodista Ciro G\u00f3mez Leyva en el noticiero estelar de Grupo Imagen. (Im\u00e1genes fuertes, se recomienda discreci\u00f3n)<\/p>\n<div class=\"k2_video\"><iframe title=\"Queman a presunto violador en Chiapas | Imagen Noticias con Ciro G\u00f3mez Leyva\" width=\"800\" height=\"450\" src=\"https:\/\/www.youtube.com\/embed\/uCsqZkgrfrg?feature=oembed\" frameborder=\"0\" allow=\"accelerometer; autoplay; clipboard-write; encrypted-media; gyroscope; picture-in-picture; web-share\" referrerpolicy=\"strict-origin-when-cross-origin\" allowfullscreen><\/iframe>\n<\/div>\n","protected":false},"excerpt":{"rendered":"","protected":false},"author":6,"featured_media":14902,"comment_status":"open","ping_status":"open","sticky":false,"template":"","format":"standard","meta":{"_acf_changed":false,"_monsterinsights_skip_tracking":false,"slim_seo":{"title":"Video: Queman genitales a presunto violador en Chiapas - Opini\u00f3n P\u00fablica","description":"Chiapas .- En el Municipio de Reforma, Chiapas, un hombre fue amarrado por la poblaci\u00f3n de ese lugar por la presunta violaci\u00f3n de una ni\u00f1a. Al presunto violador"},"footnotes":""},"categories":[13],"tags":[],"class_list":["post-14903","post","type-post","status-publish","format-standard","has-post-thumbnail","hentry","category-videos-destacados-contenido"],"acf":[],"_links":{"self":[{"href":"https:\/\/www.opinionpublica.tv\/portada\/wp-json\/wp\/v2\/posts\/14903","targetHints":{"allow":["GET"]}}],"collection":[{"href":"https:\/\/www.opinionpublica.tv\/portada\/wp-json\/wp\/v2\/posts"}],"about":[{"href":"https:\/\/www.opinionpublica.tv\/portada\/wp-json\/wp\/v2\/types\/post"}],"author":[{"embeddable":true,"href":"https:\/\/www.opinionpublica.tv\/portada\/wp-json\/wp\/v2\/users\/6"}],"replies":[{"embeddable":true,"href":"https:\/\/www.opinionpublica.tv\/portada\/wp-json\/wp\/v2\/comments?post=14903"}],"version-history":[{"count":0,"href":"https:\/\/www.opinionpublica.tv\/portada\/wp-json\/wp\/v2\/posts\/14903\/revisions"}],"wp:featuredmedia":[{"embeddable":true,"href":"https:\/\/www.opinionpublica.tv\/portada\/wp-json\/wp\/v2\/media\/14902"}],"wp:attachment":[{"href":"https:\/\/www.opinionpublica.tv\/portada\/wp-json\/wp\/v2\/media?parent=14903"}],"wp:term":[{"taxonomy":"category","embeddable":true,"href":"https:\/\/www.opinionpublica.tv\/portada\/wp-json\/wp\/v2\/categories?post=14903"},{"taxonomy":"post_tag","embeddable":true,"href":"https:\/\/www.opinionpublica.tv\/portada\/wp-json\/wp\/v2\/tags?post=14903"}],"curies":[{"name":"wp","href":"https:\/\/api.w.org\/{rel}","templated":true}]}}