{"id":14901,"date":"2017-08-14T06:00:00","date_gmt":"2017-08-14T04:00:00","guid":{"rendered":"https:\/\/www.opinionpublica.tv\/portada\/2017\/08\/14\/encabeza-adriana-fuentes-la-nueva-secretaria-nacional-de-vinculacion-empresarial-del-pri\/"},"modified":"2017-08-14T06:00:00","modified_gmt":"2017-08-14T04:00:00","slug":"encabeza-adriana-fuentes-la-nueva-secretaria-nacional-de-vinculacion-empresarial-del-pri","status":"publish","type":"post","link":"https:\/\/www.opinionpublica.tv\/portada\/encabeza-adriana-fuentes-la-nueva-secretaria-nacional-de-vinculacion-empresarial-del-pri\/","title":{"rendered":"Encabeza Adriana Fuentes nueva Secretar\u00eda Nacional de Vinculaci\u00f3n Empresarial del PRI"},"content":{"rendered":"<p><img fetchpriority=\"high\" decoding=\"async\" class=\" size-full wp-image-14899\" src=\"https:\/\/www.opinionpublica.tv\/portada\/wp-content\/uploads\/2017\/08\/6bb465806b6ded8568b066bf75bd7cde.jpg\" alt=\"\" class=\"caption\" title=\"Adriana Fuentes T\u00e9llez, empresaria y diputada local de Ciudad Ju\u00e1rez.\" width=\"960\" height=\"720\" srcset=\"https:\/\/www.opinionpublica.tv\/portada\/wp-content\/uploads\/2017\/08\/6bb465806b6ded8568b066bf75bd7cde.jpg 960w, https:\/\/www.opinionpublica.tv\/portada\/wp-content\/uploads\/2017\/08\/6bb465806b6ded8568b066bf75bd7cde-300x225.jpg 300w, https:\/\/www.opinionpublica.tv\/portada\/wp-content\/uploads\/2017\/08\/6bb465806b6ded8568b066bf75bd7cde-768x576.jpg 768w\" sizes=\"(max-width: 960px) 100vw, 960px\" \/><br \/>\n<!--more--><\/p>\n<p style=\"text-align: justify;\"><em>Ciudad Ju\u00e1rez, Chih<\/em>.- Como resultado de las mesas de trabajo realizadas en Campeche durante la XXII Asamblea Nacional del Partido Revolucionario Institucional (PRI), se reformaron los estatutos para elevar a nivel de secretar\u00eda, la anterior Coordinaci\u00f3n Nacional de Vinculaci\u00f3n Empresarial que encabez\u00f3 desde 2015 la diputada juarense, Adriana Fuentes T\u00e9llez, quien fue ratificada para seguir al frente de esa nueva \u00e1rea.<\/p>\n<p style=\"text-align: justify;\">La legisladora mencion\u00f3 que desde el a\u00f1o 2009 inici\u00f3 actividades en pro de los empresarios y emprendedores dentro del PRI, y en el a\u00f1o 2015 tom\u00f3 protesta como coordinadora nacional de Vinculaci\u00f3n Empresarial y Emprendimiento Pol\u00edtico de su partido.<\/p>\n<p style=\"text-align: justify;\">Destac\u00f3 que \u00e9ste es un momento hist\u00f3rico, ya que es la primera vez que un partido pol\u00edtico tiene una secretar\u00eda para motivar una relaci\u00f3n directa con los empresarios y emprendedores, aunque antes exist\u00eda coordinaci\u00f3n con lo cual se pod\u00eda tener un acercamiento y entendimiento con el partido.<\/p>\n<p style=\"text-align: justify;\">\u201cAl d\u00eda de hoy contamos con presencia en m\u00e1s de 25 estados de la rep\u00fablica mexicana y seguimos creciendo\u201d, dijo.<\/p>\n<p style=\"text-align: justify;\"><img decoding=\"async\" class=\" size-full wp-image-14900\" src=\"https:\/\/www.opinionpublica.tv\/portada\/wp-content\/uploads\/2017\/08\/adriana.jpg\" width=\"600\" height=\"450\" srcset=\"https:\/\/www.opinionpublica.tv\/portada\/wp-content\/uploads\/2017\/08\/adriana.jpg 960w, https:\/\/www.opinionpublica.tv\/portada\/wp-content\/uploads\/2017\/08\/adriana-300x225.jpg 300w, https:\/\/www.opinionpublica.tv\/portada\/wp-content\/uploads\/2017\/08\/adriana-768x576.jpg 768w\" sizes=\"(max-width: 600px) 100vw, 600px\" \/><\/p>\n<p style=\"text-align: justify;\">Fuentes mencion\u00f3 que la nueva secretar\u00eda a su cargo fue creada como resultado de las mesas tem\u00e1ticas en Campeche, donde se vot\u00f3 de manera un\u00e1nime la modificaci\u00f3n de los estatutos, para darle mayores facultades al trabajo que se viene realizando a nivel nacional con el sector empresarial.<\/p>\n<p style=\"text-align: justify;\">\u201cEsto significa el inter\u00e9s del pri\u00edsmo para dignificar a todos los sectores, pues se engloba ya una atenci\u00f3n de los trabajadores, campesinos, los j\u00f3venes y mujeres, y ahora con los empresarios y emprendedores entramos en esa etapa de mayor atenci\u00f3n, que en lo personal a m\u00ed me gratifica mucho, por la labor que hemos emprendido desde hace ya algunos a\u00f1os a favor de todos ellos\u201d, asegur\u00f3 la diputada por el d\u00e9cimo distrito local de Ciudad Ju\u00e1rez.<\/p>\n","protected":false},"excerpt":{"rendered":"","protected":false},"author":6,"featured_media":14899,"comment_status":"open","ping_status":"open","sticky":false,"template":"","format":"standard","meta":{"_acf_changed":false,"_monsterinsights_skip_tracking":false,"slim_seo":{"title":"Encabeza Adriana Fuentes nueva Secretar\u00eda Nacional de Vinculaci\u00f3n Empresarial del PRI - Opini\u00f3n P\u00fablica","description":"Ciudad Ju\u00e1rez, Chih .- Como resultado de las mesas de trabajo realizadas en Campeche durante la XXII Asamblea Nacional del Partido Revolucionario Institucional"},"footnotes":""},"categories":[3],"tags":[],"class_list":["post-14901","post","type-post","status-publish","format-standard","has-post-thumbnail","hentry","category-principal"],"acf":[],"_links":{"self":[{"href":"https:\/\/www.opinionpublica.tv\/portada\/wp-json\/wp\/v2\/posts\/14901","targetHints":{"allow":["GET"]}}],"collection":[{"href":"https:\/\/www.opinionpublica.tv\/portada\/wp-json\/wp\/v2\/posts"}],"about":[{"href":"https:\/\/www.opinionpublica.tv\/portada\/wp-json\/wp\/v2\/types\/post"}],"author":[{"embeddable":true,"href":"https:\/\/www.opinionpublica.tv\/portada\/wp-json\/wp\/v2\/users\/6"}],"replies":[{"embeddable":true,"href":"https:\/\/www.opinionpublica.tv\/portada\/wp-json\/wp\/v2\/comments?post=14901"}],"version-history":[{"count":0,"href":"https:\/\/www.opinionpublica.tv\/portada\/wp-json\/wp\/v2\/posts\/14901\/revisions"}],"wp:featuredmedia":[{"embeddable":true,"href":"https:\/\/www.opinionpublica.tv\/portada\/wp-json\/wp\/v2\/media\/14899"}],"wp:attachment":[{"href":"https:\/\/www.opinionpublica.tv\/portada\/wp-json\/wp\/v2\/media?parent=14901"}],"wp:term":[{"taxonomy":"category","embeddable":true,"href":"https:\/\/www.opinionpublica.tv\/portada\/wp-json\/wp\/v2\/categories?post=14901"},{"taxonomy":"post_tag","embeddable":true,"href":"https:\/\/www.opinionpublica.tv\/portada\/wp-json\/wp\/v2\/tags?post=14901"}],"curies":[{"name":"wp","href":"https:\/\/api.w.org\/{rel}","templated":true}]}}