{"id":14885,"date":"2017-08-15T06:00:00","date_gmt":"2017-08-15T04:00:00","guid":{"rendered":"https:\/\/www.opinionpublica.tv\/portada\/2017\/08\/15\/retroceso-democratico-flagrante\/"},"modified":"2017-08-15T06:00:00","modified_gmt":"2017-08-15T04:00:00","slug":"retroceso-democratico-flagrante","status":"publish","type":"post","link":"https:\/\/www.opinionpublica.tv\/portada\/retroceso-democratico-flagrante\/","title":{"rendered":"Retroceso democr\u00e1tico flagrante"},"content":{"rendered":"<p style=\"text-align: justify;\">Siempre hay decisiones en todo gobierno que pueden generar pol\u00e9mica, sobretodo cuando rompen con los c\u00e1nones de las pol\u00edticas p\u00fablicas; por lo regular esto casi nunca deriva en una estridencia mayor cuando pese a lo controvertido de tal o cual programa de gobierno, o evento p\u00fablico, no se trasgreden las reglas establecidas, en este caso, la ley.<\/p>\n<p><!--more--><\/p>\n<p style=\"text-align: justify;\">Pero cuando se quebrantan sin miramientos las reglas del juego, cuando no le importa al encargado de velar por resguardar el orden atentar contra ellas mismas, entonces es cuando el pueblo debe alzar la voz, debe crispar el pu\u00f1o para exigir justicia, porque quien se erige como la principal autoridad no est\u00e1 dispuesta a acatar la ley y eso pone en peligro a todos los ciudadanos.<\/p>\n<p style=\"text-align: justify;\">Hay un hecho concreto, tangible, que merece esta cr\u00edtica, y por supuesto una denuncia legal por violentar el estado de derecho, y me refiero al \u201cEncuentro Chihuahua: Problemas Contempor\u00e1neos de M\u00e9xico\u201d, donde el gobernador Javier Corral se reuni\u00f3 con los dirigentes nacionales del PAN (su partido) y PRD, Ricardo Anaya Cort\u00e9s, y Mar\u00eda Alejandra Barrales, as\u00ed como otros personales de la pol\u00edtica nacional como Porfirio Mu\u00f1oz Ledo, Jorge Casta\u00f1eda, Cuauht\u00e9moc C\u00e1rdenas,\u00a0Emilio \u00c1lvarez Icaza, Alfredo Figueroa, Jorge, Agust\u00edn Basave, Guadalupe Acosta Naranjo, Santiago Creel, Gustavo Madero, Clara Jusidman, Martha Tagle, adem\u00e1s del presidente del Comit\u00e9 Estatal del PAN en Chihuahua, Fernando \u00c1lvarez Monje.<\/p>\n<p style=\"text-align: justify;\">El problema es que el evento se llev\u00f3 a cabo en el \u201cMuseo Casa Chihuahua\u201d, edificio p\u00fablico que en anta\u00f1o albergara al Palacio Federal y despu\u00e9s a la oficina de correos, en horario y d\u00eda h\u00e1bil. Por lo que el evento de car\u00e1cter partidista, por s\u00ed mismo, configura una flagrante violaci\u00f3n a la Ley de Responsabilidades de los Servidores P\u00fablicos del Estado de Chihuahua.<\/p>\n<p style=\"text-align: justify;\">Dicho escenario para tratar un asunto que tiene que ver con el proceso electoral del 2018, para formar un \u201cFrente Amplio Opositor\u201d, con dirigentes de partidos, con personajes que participan directamente en la pol\u00edtica nacional y en el gobierno de Chihuahua, establece la prueba fehaciente de la violaci\u00f3n a la ley, el descaro total, el cinismo absoluto con que actuaron los organizadores.<\/p>\n<p style=\"text-align: justify;\">En el apartado de la Ley de Responsabilidades de los Servidores P\u00fablicos que condena este acto se establece en su Art\u00edculo 23 que \u201cTodo servidor p\u00fablico, para salvaguardar la legalidad, honradez, lealtad, imparcialidad y eficiencia que debe observar en el desempe\u00f1o de su empleo, cargo o comisi\u00f3n, con independencia de sus deberes y derechos laborales, tendr\u00e1 las siguientes obligaciones:<\/p>\n<p style=\"text-align: justify;\">Cumplir con la m\u00e1xima diligencia el servicio que le sea encomendado, y abstenerse de cualquier acto u omisi\u00f3n que cause la suspensi\u00f3n o deficiencia de dicho servicio o implique abuso o ejercicio indebido de su empleo, cargo o comisi\u00f3n (\u2026)\u201d; as\u00ed como \u201cFormular y ejecutar legalmente, en su caso, los planes, programas y presupuestos correspondientes a su competencia y cumplir las leyes y normas que determinen el manejo de los recursos econ\u00f3micos p\u00fablicos (\u2026); \u201cUtilizar los recursos que tenga asignados y las facultades que le sean atribuidas o la informaci\u00f3n reservada a que tenga acceso por su funci\u00f3n, exclusivamente para los fines a que est\u00e9n afectos (\u2026)\u201d;<\/p>\n<p style=\"text-align: justify;\">\u201cExcusarse de intervenir, en cualquier forma, en asuntos en los que tenga inter\u00e9s personal, familiar o de negocios\u201d.<\/p>\n<p style=\"text-align: justify;\">Por otra parte, se configura otro delito, ya que solamente fueron convocados personajes del PAN y del PRD con miras a consolidar un frente electoral, excluyendo a las dem\u00e1s expresiones pol\u00edticas, en beneficio de dos partidos, discriminando a los dem\u00e1s.<\/p>\n<p style=\"text-align: justify;\">En el Art\u00edculo s\u00e9ptimo se establece lo siguiente: \u201cRedundan en perjuicio de los intereses p\u00fablicos fundamentales o de su buen despacho: I. El ataque a las instituciones democr\u00e1ticas\u201d, tal como se hizo en dicho evento donde se form\u00f3 el Frente Amplio Opositor, y donde uno de los principales objetivos de la oposici\u00f3n es Movimiento de Regeneraci\u00f3n Nacional (Morena) y su l\u00edder nacional Andr\u00e9s Manuel L\u00f3pez Obrador.<\/p>\n<p style=\"text-align: justify;\">El da\u00f1o a nuestra democracia es may\u00fasculo, no s\u00f3lo se genera animadversi\u00f3n entre los partidos pol\u00edticos y se dispone un escenario que beneficie a dicha expresi\u00f3n pol\u00edtica que encabeza el gobernador Javier Corral, y que pone a disposici\u00f3n del PAN y del PRD los recursos del estado de Chihuahua. No \u00fanicamente son los 246 mil pesos que se habr\u00edan gastado en el evento (dato oficial, brindado por el propio gobierno estatal), sino el gran retroceso democr\u00e1tico donde la \u00fanica voz que impera es la del gobernante, a quien ya no le importa involucrar recursos p\u00fablicos en eventos que le beneficien pol\u00edticamente, que tienen una clara intenci\u00f3n electorera, sino que lo hace con todo descaro a la vista de todos, en lugares p\u00fablicos, como demostrando su se\u00f1or\u00edo y el dominio que ostenta.<\/p>\n<p style=\"text-align: justify;\">Menci\u00f3n aparte merece la d\u00e9bil oposici\u00f3n que s\u00f3lo tuvo reflejo en Morena, que advirti\u00f3 la presentaci\u00f3n de una denuncia por las supuestas irregularidades cometidas en dicha reuni\u00f3n, pero que me pareci\u00f3 debi\u00f3 ser mucho m\u00e1s agresiva puesto que el evento partidista organizado y financiado por el propio gobierno estatal, de golpe y porrazo le parte la madre en dos a nuestra sufrida democracia que tanta sangre, saliva y sudor nos ha costando a los mexicanos y sobretodo a los chihuahuenses. En cualquier otro estado, la oposici\u00f3n no se habr\u00eda tentado el coraz\u00f3n con semejantes pronunciamientos, censurar\u00eda con dedo de fuego los excesos del gobierno rampante y llamar\u00eda a una revuelta por tan grande cinismo.<\/p>\n<p style=\"text-align: justify;\">Tambi\u00e9n es s\u00f3rdida la voz de los diputados locales, y ya no digo los del PAN, que bien podr\u00edan criticar a su jefe pol\u00edtico del partido por los notables excesos, sino a los de oposici\u00f3n que han visto mangonear a democracia, desafiar a las leyes, mientras ellos permanecen en un preocupante mutis, especialmente los de Morena que en este momento deber\u00edan estar presentando una solicitud de juicio pol\u00edtico en contra del gobernador.<\/p>\n<p style=\"text-align: justify;\">Aqu\u00ed se advierte con tiempo que si no hay sanci\u00f3n formal, como ocurre con los dem\u00e1s delitos, esta pr\u00e1ctica viciada y lacerante, se seguir\u00e1 repitiendo. Se debe poner un alto, \u00a1pero ya!.<\/p>\n<p style=\"text-align: justify;\">Sugerencias y comentarios favor de hac\u00e9rmelos llegar a mi correo:\u00a0cpc16169@gmail.com<\/p>\n","protected":false},"excerpt":{"rendered":"<p>Siempre hay decisiones en todo gobierno que pueden generar pol\u00e9mica, sobretodo cuando rompen con los c\u00e1nones de las pol\u00edticas p\u00fablicas; por lo regular esto casi nunca deriva en una estridencia mayor cuando pese a lo controvertido de tal o cual programa de gobierno, o evento p\u00fablico, no se trasgreden las reglas establecidas, en este caso, [&hellip;]<\/p>\n","protected":false},"author":6,"featured_media":0,"comment_status":"open","ping_status":"open","sticky":false,"template":"","format":"standard","meta":{"_acf_changed":false,"_monsterinsights_skip_tracking":false,"slim_seo":{"title":"Retroceso democr\u00e1tico flagrante - Opini\u00f3n P\u00fablica","description":"Siempre hay decisiones en todo gobierno que pueden generar pol\u00e9mica, sobretodo cuando rompen con los c\u00e1nones de las pol\u00edticas p\u00fablicas; por lo regular esto casi"},"footnotes":""},"categories":[34],"tags":[],"class_list":["post-14885","post","type-post","status-publish","format-standard","hentry","category-construyendo"],"acf":[],"_links":{"self":[{"href":"https:\/\/www.opinionpublica.tv\/portada\/wp-json\/wp\/v2\/posts\/14885","targetHints":{"allow":["GET"]}}],"collection":[{"href":"https:\/\/www.opinionpublica.tv\/portada\/wp-json\/wp\/v2\/posts"}],"about":[{"href":"https:\/\/www.opinionpublica.tv\/portada\/wp-json\/wp\/v2\/types\/post"}],"author":[{"embeddable":true,"href":"https:\/\/www.opinionpublica.tv\/portada\/wp-json\/wp\/v2\/users\/6"}],"replies":[{"embeddable":true,"href":"https:\/\/www.opinionpublica.tv\/portada\/wp-json\/wp\/v2\/comments?post=14885"}],"version-history":[{"count":0,"href":"https:\/\/www.opinionpublica.tv\/portada\/wp-json\/wp\/v2\/posts\/14885\/revisions"}],"wp:attachment":[{"href":"https:\/\/www.opinionpublica.tv\/portada\/wp-json\/wp\/v2\/media?parent=14885"}],"wp:term":[{"taxonomy":"category","embeddable":true,"href":"https:\/\/www.opinionpublica.tv\/portada\/wp-json\/wp\/v2\/categories?post=14885"},{"taxonomy":"post_tag","embeddable":true,"href":"https:\/\/www.opinionpublica.tv\/portada\/wp-json\/wp\/v2\/tags?post=14885"}],"curies":[{"name":"wp","href":"https:\/\/api.w.org\/{rel}","templated":true}]}}