{"id":14882,"date":"2017-08-14T06:00:00","date_gmt":"2017-08-14T04:00:00","guid":{"rendered":"https:\/\/www.opinionpublica.tv\/portada\/2017\/08\/14\/indiana-jones-y-el-pri\/"},"modified":"2017-08-14T06:00:00","modified_gmt":"2017-08-14T04:00:00","slug":"indiana-jones-y-el-pri","status":"publish","type":"post","link":"https:\/\/www.opinionpublica.tv\/portada\/indiana-jones-y-el-pri\/","title":{"rendered":"Indiana Jones y el PRI"},"content":{"rendered":"<p style=\"text-align: justify;\">Parece absurdo a estas alturas insistir de nuevo en la completa falta de vuelo intelectual del PRI. Su agotamiento abstracto ha sido patente desde hace tiempo, y cuando uno u otro de sus gobiernos emprende o logra algunas reformas importantes, el partido simplemente las aplaude o las deforma, sin tener nada que decir de sustancia al respecto. Pero en su \u00faltima asamblea, los pri\u00edstas de plano se volaron la barda en materia de mediocridad conceptual.<\/p>\n<p><!--more--><\/p>\n<p style=\"text-align: justify;\">Ante los enormes retos que enfrenta el pa\u00eds, en lo econ\u00f3mico, social, pol\u00edtico e internacional, frente a una elecci\u00f3n presidencial decisiva en 2018, el PRI se fij\u00f3 \u2013y alcanz\u00f3\u2013 como gran avance quitar unos candados burocr\u00e1ticos redundantes y de inter\u00e9s s\u00f3lo para\u2026 los priistas.<\/p>\n<p style=\"text-align: justify;\">Como se sabe, los estatutos del PRI estipulan desde hace tiempo que el requisito de ser miembro del mismo, o contar con un m\u00ednimo de a\u00f1os de militancia, se hacen a un lado si el partido va a una elecci\u00f3n en alianza. El partido de gobierno cuenta con por lo menos tres aliados posibles, y en realidad seguros, si los quiere. Se trata del Partido Verde \u2013que sirvi\u00f3 en 2006 y 2012\u2013, el Partido Encuentro Social (cercano al Secretario de Gobernaci\u00f3n) y Nueva Alianza, arrebatado a Elba Esther Gordillo cuando fue encarcelada.<\/p>\n<p style=\"text-align: justify;\">Con cualquiera de los tres, o con los tres, el PRI puede hacer m\u00e1s o menos lo que quiera. Lo esencial es cu\u00e1nto puede dar a cambio; cada vez menos, sin duda, pero algo es algo, sobre todo para organizaciones peque\u00f1as en riesgo de perder su registro si van solas a una elecci\u00f3n presidencial. Si lo que Pe\u00f1a Nieto pretend\u00eda era designar a Meade como candidato del PRI, no necesitaba cambiar los estatutos de su partido, ni mucho menos armar tanto esc\u00e1ndalo al respecto. Con sus prestigiados e \u00edntegros aliados, le bastaba.<\/p>\n<p style=\"text-align: justify;\">Pero entonces no hubiera podido librar dos escollos importantes. El primero: la indigencia te\u00f3rica, pol\u00edtica y estrat\u00e9gica del PRI. No puede ofrecer nada, porque adem\u00e1s de estar poblado de pol\u00edticos sin pensamiento ni decoro \u2013\u00bfen verdad Enrique Ochoa piensa que su partido va a ganar en la Ciudad de M\u00e9xico, en Jalisco, y en Veracruz?\u2013 sus integrantes no estar\u00edan de acuerdo en nada. Salvo lo que tratara de imponer Pe\u00f1a Nieto, lo cual implicar\u00eda que supiera qu\u00e9 imponer.<\/p>\n<p style=\"text-align: justify;\">Pero en segundo lugar, el PRI hubiera tenido que proponer por lo menos un par de ideas en serio, que habr\u00edan involucrado alg\u00fan tipo de dedicatoria. Cualquier tesis program\u00e1tica sustantiva le quedar\u00eda bien a un precandidato, y mal a otro. Lo cual no tendr\u00eda nada de grave, si Pe\u00f1a Nieto perteneciera a su siglo. Pero proviene de \u2013y es parte de\u2013 la era de L\u00f3pez Mateos.<\/p>\n<p style=\"text-align: justify;\">Es obvio que los jerarcas pri\u00edstas siguen pensando que la selecci\u00f3n de su candidato equivale a la elecci\u00f3n del pr\u00f3ximo presidente de M\u00e9xico. Est\u00e1 en su ADN; es el chip pri\u00edsta. El destape no es de candidatos y mandatarios hipot\u00e9ticos; es del \u201cbueno\u201d. Para ellos, resulta impensable que a 80 por ciento de los mexicanos les d\u00e9 enteramente lo mismo si el candidato del PRI es Nu\u00f1o, Meade o Narro: los odian a todos.<\/p>\n<p style=\"text-align: justify;\">Creen que perdura la \u00e9poca del dedazo, y que lo m\u00e1s importante son las florituras pri\u00edstas y el lenguaje cr\u00edptico del siglo pasado. No recuerdan la segunda o tercera pel\u00edcula de Indiana Jones, cuando Harrison Ford se enfrenta a un enemigo \u00e1rabe feroz, armado de una cimitarra aterradora, la cual manipula con extrema destreza, hasta que el h\u00e9roe de las tres pel\u00edculas desenfunda su rev\u00f3lver y le mete un balazo a su contrincante. Todas las ma\u00f1as y despistes de Pe\u00f1a servir\u00e1n de muy poco;\u00a0<em>Indiana Jones,\u00a0whoever that may be<\/em>, los va a liquidar en julio del 2018.<\/p>\n","protected":false},"excerpt":{"rendered":"<p>Parece absurdo a estas alturas insistir de nuevo en la completa falta de vuelo intelectual del PRI. Su agotamiento abstracto ha sido patente desde hace tiempo, y cuando uno u otro de sus gobiernos emprende o logra algunas reformas importantes, el partido simplemente las aplaude o las deforma, sin tener nada que decir de sustancia [&hellip;]<\/p>\n","protected":false},"author":6,"featured_media":0,"comment_status":"open","ping_status":"open","sticky":false,"template":"","format":"standard","meta":{"_acf_changed":false,"_monsterinsights_skip_tracking":false,"slim_seo":{"title":"Indiana Jones y el PRI - Opini\u00f3n P\u00fablica","description":"Parece absurdo a estas alturas insistir de nuevo en la completa falta de vuelo intelectual del PRI. Su agotamiento abstracto ha sido patente desde hace tiempo,"},"footnotes":""},"categories":[18],"tags":[],"class_list":["post-14882","post","type-post","status-publish","format-standard","hentry","category-castaneda-opina"],"acf":[],"_links":{"self":[{"href":"https:\/\/www.opinionpublica.tv\/portada\/wp-json\/wp\/v2\/posts\/14882","targetHints":{"allow":["GET"]}}],"collection":[{"href":"https:\/\/www.opinionpublica.tv\/portada\/wp-json\/wp\/v2\/posts"}],"about":[{"href":"https:\/\/www.opinionpublica.tv\/portada\/wp-json\/wp\/v2\/types\/post"}],"author":[{"embeddable":true,"href":"https:\/\/www.opinionpublica.tv\/portada\/wp-json\/wp\/v2\/users\/6"}],"replies":[{"embeddable":true,"href":"https:\/\/www.opinionpublica.tv\/portada\/wp-json\/wp\/v2\/comments?post=14882"}],"version-history":[{"count":0,"href":"https:\/\/www.opinionpublica.tv\/portada\/wp-json\/wp\/v2\/posts\/14882\/revisions"}],"wp:attachment":[{"href":"https:\/\/www.opinionpublica.tv\/portada\/wp-json\/wp\/v2\/media?parent=14882"}],"wp:term":[{"taxonomy":"category","embeddable":true,"href":"https:\/\/www.opinionpublica.tv\/portada\/wp-json\/wp\/v2\/categories?post=14882"},{"taxonomy":"post_tag","embeddable":true,"href":"https:\/\/www.opinionpublica.tv\/portada\/wp-json\/wp\/v2\/tags?post=14882"}],"curies":[{"name":"wp","href":"https:\/\/api.w.org\/{rel}","templated":true}]}}