{"id":14833,"date":"2017-08-14T06:00:00","date_gmt":"2017-08-14T04:00:00","guid":{"rendered":"https:\/\/www.opinionpublica.tv\/portada\/2017\/08\/14\/mas-policias-y-mas-dinero-para-seguridad-pero-tambien-mas-violencia-en-mexico\/"},"modified":"2017-08-14T06:00:00","modified_gmt":"2017-08-14T04:00:00","slug":"mas-policias-y-mas-dinero-para-seguridad-pero-tambien-mas-violencia-en-mexico","status":"publish","type":"post","link":"https:\/\/www.opinionpublica.tv\/portada\/mas-policias-y-mas-dinero-para-seguridad-pero-tambien-mas-violencia-en-mexico\/","title":{"rendered":"M\u00e1s polic\u00edas y m\u00e1s dinero para seguridad, pero tambi\u00e9n m\u00e1s violencia en M\u00e9xico"},"content":{"rendered":"<p><img fetchpriority=\"high\" decoding=\"async\" class=\" size-full wp-image-14832\" src=\"https:\/\/www.opinionpublica.tv\/portada\/wp-content\/uploads\/2017\/08\/aee3a0800e1a70c993c6a284a115ae0e.jpg\" alt=\"\" class=\"caption\" title=\"La violencia en M\u00e9xico registra los \u00edndices m\u00e1s altos de toda la historia de este pa\u00eds.\" width=\"650\" height=\"433\" srcset=\"https:\/\/www.opinionpublica.tv\/portada\/wp-content\/uploads\/2017\/08\/aee3a0800e1a70c993c6a284a115ae0e.jpg 650w, https:\/\/www.opinionpublica.tv\/portada\/wp-content\/uploads\/2017\/08\/aee3a0800e1a70c993c6a284a115ae0e-300x200.jpg 300w\" sizes=\"(max-width: 650px) 100vw, 650px\" \/><br \/>\n<!--more--><\/p>\n<p style=\"text-align: justify;\"><em>Ciudad de M\u00e9xico<\/em>.- En M\u00e9xico\u00a0menos de uno de cada diez delitos\u00a0cometidos\u00a0es registrado,\u00a0a la par la incidencia del delictiva aumenta. Ante la ola de violencia que vive el pa\u00eds, la respuesta inmediata del gobierno fue un aumento del gasto p\u00fablico en seguridad.<\/p>\n<p style=\"text-align: justify;\">En 2015, el gasto p\u00fablico en seguridad fue de 209,400 millones de pesos, considerando las funciones de Justicia, Seguridad Nacional y Asuntos de Orden P\u00fablico y Seguridad Interior, se\u00f1ala el<em>\u00a0Informe Ethos Descifrando el Gasto P\u00fablico en Seguridad, presentado este 10 de agosto.<\/em><\/p>\n<p style=\"text-align: justify;\">Respecto a la seguridad interna,\u00a0el gasto entre 2008 y 2015 creci\u00f3 61%, pasando de invertir 27,259 mdp a 43,957 mdp, lo que representa el 1.4% del gasto total del gobierno federal.<\/p>\n<p style=\"text-align: justify;\">A pesar del incremento del gasto,\u00a0M\u00e9xico es uno de los pa\u00edses m\u00e1s violentos del mundo con 15.7 homicidios por cada 100 mil habitantes, sin que, hasta el momento, haya manera de regresar a los niveles de violencia que se registraron antes del 2005.<\/p>\n<p style=\"text-align: justify;\">En 2015,\u00a040% del gasto federal en seguridad se destin\u00f3 a la seguridad nacional, 39% a la funci\u00f3n justicia y 21% a la seguridad interior.<\/p>\n<p style=\"text-align: justify;\">El c\u00e1lculo del gasto en seguridad se hace a partir del an\u00e1lisis de las funciones presupuestales; en un primer momento, se toman como base\u00a0los recursos destinados a la funci\u00f3n Asuntos de Orden P\u00fablico y Seguridad Interior\u00a0y\u00a0se agrega el presupuesto de Seguridad Nacional y Justicia, as\u00ed el gasto en seguridad\u00a0para 2015 se estim\u00f3 en 209,400 mdp.<\/p>\n<p style=\"text-align: justify;\">Dentro del gasto federal en seguridad interior,\u00a0destaca lo asignado a la Polic\u00eda Federal. Para 2015,\u00a0fue de 31,765 mdp\u00a0(m\u00e1s del 60% de la funci\u00f3n Asuntos de Orden P\u00fablico y Seguridad Interior).\u00a0El 96.7% de dicho gasto destin\u00f3 al pago de servicios personales, 2.8% a gastos de capital y 0.5% para obra p\u00fablica.<\/p>\n<p style=\"text-align: justify;\">Mientras que\u00a0en 2006 la Polic\u00eda Federal contaba con 11 mil 663 elementos, para 2015 la cifra creci\u00f3 a 43 mil 724\u00a0(275% m\u00e1s). En 2010,\u00a0el salario promedio mensual de los elementos de la Polic\u00eda Federal era de 15 mil 817 pesos;\u00a0para 2015 fue de 20 mil 552, aumentando 30%, aproximadamente.<\/p>\n<p style=\"text-align: justify;\">Mientras que en prevenci\u00f3n del delito, atendida por el gobierno federal a trav\u00e9s del Programa Nacional de Prevenci\u00f3n del Delito y mediante diversas acciones de otras secretar\u00edas federales, tuvo\u00a0un monto total de 148,102 mdp en 2016, sin que, en realidad,\u00a0se tenga claridad de si algunas de las actividades relacionadas con esta labor \u00abfueron pensadas y dise\u00f1adas para ello o si se trata de actividades que ya realizaban las dependencias federales y que fueron re-etiquetadas\u00bb, refiere el documento.<\/p>\n<p style=\"text-align: justify;\">En conclusi\u00f3n, apunta Ethos,\u00a0muchos rubros del gasto en seguridad son opacos, tanto en su destino como en los resultados que producen.\u00a0Esto implica que\u00a0no existe informaci\u00f3n confiable sobre qu\u00e9 funciona y qu\u00e9 no, lo que debilita la toma de decisiones sobre la permanencia, eliminaci\u00f3n o modificaci\u00f3n de los programas.<\/p>\n","protected":false},"excerpt":{"rendered":"","protected":false},"author":6,"featured_media":14832,"comment_status":"open","ping_status":"open","sticky":false,"template":"","format":"standard","meta":{"_acf_changed":false,"_monsterinsights_skip_tracking":false,"slim_seo":{"title":"M\u00e1s polic\u00edas y m\u00e1s dinero para seguridad, pero tambi\u00e9n m\u00e1s violencia en M\u00e9xico - Opini\u00f3n P\u00fablica","description":"Ciudad de M\u00e9xico .- En M\u00e9xico\u00a0menos de uno de cada diez delitos\u00a0cometidos\u00a0es registrado,\u00a0a la par la incidencia del delictiva aumenta. Ante la ola de violencia"},"footnotes":""},"categories":[3],"tags":[],"class_list":["post-14833","post","type-post","status-publish","format-standard","has-post-thumbnail","hentry","category-principal"],"acf":[],"_links":{"self":[{"href":"https:\/\/www.opinionpublica.tv\/portada\/wp-json\/wp\/v2\/posts\/14833","targetHints":{"allow":["GET"]}}],"collection":[{"href":"https:\/\/www.opinionpublica.tv\/portada\/wp-json\/wp\/v2\/posts"}],"about":[{"href":"https:\/\/www.opinionpublica.tv\/portada\/wp-json\/wp\/v2\/types\/post"}],"author":[{"embeddable":true,"href":"https:\/\/www.opinionpublica.tv\/portada\/wp-json\/wp\/v2\/users\/6"}],"replies":[{"embeddable":true,"href":"https:\/\/www.opinionpublica.tv\/portada\/wp-json\/wp\/v2\/comments?post=14833"}],"version-history":[{"count":0,"href":"https:\/\/www.opinionpublica.tv\/portada\/wp-json\/wp\/v2\/posts\/14833\/revisions"}],"wp:featuredmedia":[{"embeddable":true,"href":"https:\/\/www.opinionpublica.tv\/portada\/wp-json\/wp\/v2\/media\/14832"}],"wp:attachment":[{"href":"https:\/\/www.opinionpublica.tv\/portada\/wp-json\/wp\/v2\/media?parent=14833"}],"wp:term":[{"taxonomy":"category","embeddable":true,"href":"https:\/\/www.opinionpublica.tv\/portada\/wp-json\/wp\/v2\/categories?post=14833"},{"taxonomy":"post_tag","embeddable":true,"href":"https:\/\/www.opinionpublica.tv\/portada\/wp-json\/wp\/v2\/tags?post=14833"}],"curies":[{"name":"wp","href":"https:\/\/api.w.org\/{rel}","templated":true}]}}