{"id":14824,"date":"2017-08-14T06:00:00","date_gmt":"2017-08-14T04:00:00","guid":{"rendered":"https:\/\/www.opinionpublica.tv\/portada\/2017\/08\/14\/alianzas-de-poder\/"},"modified":"2017-08-14T06:00:00","modified_gmt":"2017-08-14T04:00:00","slug":"alianzas-de-poder","status":"publish","type":"post","link":"https:\/\/www.opinionpublica.tv\/portada\/alianzas-de-poder\/","title":{"rendered":"Alianzas de Poder"},"content":{"rendered":"<p style=\"text-align: justify;\">No cabe duda, que las elecciones presidenciales del 2018 van a ser el parteaguas pol\u00edtico de la Naci\u00f3n. Las opciones son m\u00faltiples, la mayor\u00eda de pron\u00f3sticos reservados. Terminar\u00e9 por lo que yo creo que debe ser lo ideal para el pa\u00eds.<\/p>\n<p><!--more--><\/p>\n<p style=\"text-align: justify;\">Es imperativo que los mexicanos tomemos conciencia de que hemos logrado muchos avances pol\u00edticos en este Siglo XXI. Se que muchos discrepar\u00e1n de esta aseveraci\u00f3n, pero ahora estamos en M\u00e9xico, aunque muchos lo duden, en una democracia que se ha venido desarrollando. Tenemos alternancias en el poder, mismas que una y otra vez se han ratificado a lo ancho y largo del pa\u00eds. Claro est\u00e1, que el poder autoritario del PRI no ha desaparecido, y es posible que se vuelva a robar descaradamente la elecci\u00f3n del Estado de M\u00e9xico, pero fall\u00f3 el intento de hacerlo en Coahuila, ya que esta \u00faltima seguramente ser\u00e1 anulada.<\/p>\n<p style=\"text-align: justify;\">Ahora bien, \u00bfqui\u00e9nes son los actores pol\u00edticos relevantes para la contienda del 2018? A m\u00ed me queda claro que son MORENA, el PAN y el PRI. De MORENA ya sabemos que el candidato ser\u00e1 L\u00f3pez Obrador. Pero en el caso del PAN y el PRI, hay un sinn\u00famero de opciones dif\u00edciles de dilucidar.<\/p>\n<p style=\"text-align: justify;\">Empecemos por el PAN, que es el que la tiene m\u00e1s complicada. En primer t\u00e9rmino, al PAN no le cabe duda alguna de que, para ser competitivo en contra de MORENA, tiene que aliarse, a lo menos con el PRD, con posibilidades de hacerlo tambi\u00e9n, con el Partido Encuentro Social (\u201cPES\u201d). Lo dif\u00edcil aqu\u00ed es ver quien ser\u00e1 postulado como candidat@ de dicha alianza.<\/p>\n<p style=\"text-align: justify;\">En el PRI, la situaci\u00f3n est\u00e1 muy dif\u00edcil por la p\u00e9sima aceptaci\u00f3n del Presidente Pe\u00f1a Nieto, y el rechazo generalizado de la poblaci\u00f3n a dicho Instituto Pol\u00edtico. Pero el PRI apostar\u00e1 a varias cosas para tener posibilidades de levantarse con el triunfo electoral. A saber: la divisi\u00f3n del voto, por lo que har\u00e1 muchas cosas para promover que haya varias candidaturas independientes para fraccionar las preferencias electorales. Tambi\u00e9n recurrir\u00e1 al manejo de las finanzas p\u00fablicas, soltando dinero en programas gubernamentales, financiando ilegalmente la campa\u00f1a presidencial, utilizando las artima\u00f1as que domina a la perfecci\u00f3n, y a sacar a un candidato que sea muy popular para los priistas, a fin de no tener dispersi\u00f3n de su voto duro. Esa persona pudiera ser Manlio Fabio Beltrones, que ha realizado m\u00faltiples amarres con las estructuras de su partido.<\/p>\n<p style=\"text-align: justify;\">Volviendo a la postulaci\u00f3n de la candidatura del PAN, ahora tenemos un escenario que aparenta, aprovechando la buena relaci\u00f3n que tiene el Gobernador Javier Corral con las fuerzas de la izquierda del PRD (y la que est\u00e1 fuera del dicho partido pero sin apoyar a AMLO), propalar una alianza con Ricardo Anaya y Gustavo Madero (regresar a volverse aliar los que aparentaron rivalidad), en una medida dirigida a excluir a Margarita Zavala para la postulaci\u00f3n del PAN y de dicha alianza, seguramente participando Moreno Valle en esa ecuaci\u00f3n.<\/p>\n<p style=\"text-align: justify;\">As\u00ed es posible que la jugada tenga hasta componentes priistas, ya que como todos sabemos, Beltrones y Madero propalaron el Pacto por M\u00e9xico, junto con Aureoles del PRD.<\/p>\n<p style=\"text-align: justify;\">Lo que s\u00ed me queda claro, es que esta alianza es una medida pol\u00edtica para mantener al llamado \u201c<em>Establishment\u201d <\/em>en el poder. Lo que AMLO denomina como \u201cLa Mafia del Poder\u201d. Es decir, el gran capital compuesto por m\u00faltiples empresarios monopolistas que tradicionalmente se han aliado con el gobierno.<\/p>\n<p style=\"text-align: justify;\">No veo en esta alianza ning\u00fan componente de participaci\u00f3n ciudadana, que se ha mantenido al margen de los partidos pol\u00edticos, principalmente las organizaciones de la sociedad civil que han sido impulsoras de la transparencia, gobierno abierto y del sistema nacional anticorrupci\u00f3n.<\/p>\n<p style=\"text-align: justify;\">Para m\u00ed, ser\u00eda ideal que hubiera una gran alianza ciudadana hacia una candidatura proveniente del PAN, del PRD y del PES, excluyendo al PRI, como instituci\u00f3n (no a los priistas de buena fe, que hay muchos), pero sin excluir a ninguno de los posibles actores, como Margarita Zavala, y dejar que la candidatura sea seleccionada por una gran elecci\u00f3n primaria organizada por dicha alianza.<\/p>\n<p style=\"text-align: justify;\">De esta forma se atraer\u00edan a muchos ciudadanos que se han visto llevar por el discurso de AMLO de combate a \u201cLa Mafia del Poder\u201d, abriendo m\u00faltiples espacios en todo el pa\u00eds, a candidaturas ciudadanas que no han podido acceder al poder por la cerraz\u00f3n que han tenido los partidos pol\u00edticos. Para lograr esto, los partidos tienen que ceder m\u00faltiples espacios para mujeres y hombres que aman a M\u00e9xico y que tienen una gran preparaci\u00f3n y los perfiles adecuados para acceder puestos de elecci\u00f3n popular, domo diputados locales y federales, senadores, gobernadores, alcaldes, regidores y s\u00edndicos.<\/p>\n<p style=\"text-align: justify;\">Si esto sucediere, ser\u00eda realmente un aut\u00e9ntico avance para el desarrollo democr\u00e1tico del pa\u00eds, el fortalecimiento de las instituciones y el Estado de Derecho que nos lleve hacia el bien com\u00fan.<\/p>\n","protected":false},"excerpt":{"rendered":"<p>No cabe duda, que las elecciones presidenciales del 2018 van a ser el parteaguas pol\u00edtico de la Naci\u00f3n. Las opciones son m\u00faltiples, la mayor\u00eda de pron\u00f3sticos reservados. Terminar\u00e9 por lo que yo creo que debe ser lo ideal para el pa\u00eds.<\/p>\n","protected":false},"author":6,"featured_media":0,"comment_status":"open","ping_status":"open","sticky":false,"template":"","format":"standard","meta":{"_acf_changed":false,"_monsterinsights_skip_tracking":false,"slim_seo":{"title":"Alianzas de Poder - Opini\u00f3n P\u00fablica","description":"No cabe duda, que las elecciones presidenciales del 2018 van a ser el parteaguas pol\u00edtico de la Naci\u00f3n. Las opciones son m\u00faltiples, la mayor\u00eda de pron\u00f3sticos re"},"footnotes":""},"categories":[17],"tags":[],"class_list":["post-14824","post","type-post","status-publish","format-standard","hentry","category-ultima-instancia"],"acf":[],"_links":{"self":[{"href":"https:\/\/www.opinionpublica.tv\/portada\/wp-json\/wp\/v2\/posts\/14824","targetHints":{"allow":["GET"]}}],"collection":[{"href":"https:\/\/www.opinionpublica.tv\/portada\/wp-json\/wp\/v2\/posts"}],"about":[{"href":"https:\/\/www.opinionpublica.tv\/portada\/wp-json\/wp\/v2\/types\/post"}],"author":[{"embeddable":true,"href":"https:\/\/www.opinionpublica.tv\/portada\/wp-json\/wp\/v2\/users\/6"}],"replies":[{"embeddable":true,"href":"https:\/\/www.opinionpublica.tv\/portada\/wp-json\/wp\/v2\/comments?post=14824"}],"version-history":[{"count":0,"href":"https:\/\/www.opinionpublica.tv\/portada\/wp-json\/wp\/v2\/posts\/14824\/revisions"}],"wp:attachment":[{"href":"https:\/\/www.opinionpublica.tv\/portada\/wp-json\/wp\/v2\/media?parent=14824"}],"wp:term":[{"taxonomy":"category","embeddable":true,"href":"https:\/\/www.opinionpublica.tv\/portada\/wp-json\/wp\/v2\/categories?post=14824"},{"taxonomy":"post_tag","embeddable":true,"href":"https:\/\/www.opinionpublica.tv\/portada\/wp-json\/wp\/v2\/tags?post=14824"}],"curies":[{"name":"wp","href":"https:\/\/api.w.org\/{rel}","templated":true}]}}